{"id":38135,"date":"2025-09-18T02:14:08","date_gmt":"2025-09-18T02:14:08","guid":{"rendered":"https:\/\/www.europesays.com\/fi\/38135\/"},"modified":"2025-09-18T02:14:08","modified_gmt":"2025-09-18T02:14:08","slug":"jimmy-kimmelin-ohjelma-hyllytettiin-juontajan-kommentoitua-charlie-kirkin-murhaa-uutisia-lyhyesti","status":"publish","type":"post","link":"https:\/\/www.europesays.com\/fi\/38135\/","title":{"rendered":"Jimmy Kimmelin ohjelma hyllytettiin juontajan kommentoitua Charlie Kirkin murhaa | Uutisia lyhyesti"},"content":{"rendered":"<p class=\"aw-1gybjub aw-5vja16 cmIuaG zKETg yle__article__paragraph\">Disneyn omistaman ABC-kanavan tiedottaja ei toistaiseksi kertonut hyllytyksest\u00e4 tarkemmin.<\/p>\n<p><img decoding=\"async\" alt=\"Jimmy Kimmel seisoo lavalla juontamassa Oscal-gaalaa.\" src=\"https:\/\/www.europesays.com\/fi\/wp-content\/uploads\/2025\/09\/39-152496368cb5d4fdbb06.jpeg\" class=\"aw-1l9m598 hKVVvP\"\/><\/p>\n<p>Avaa kuvien katselu<\/p>\n<p>Arkistokuva. Jimmy Kimmel on juontanut my\u00f6s Oscar-gaalan useita kertoja. Kuva 96. Oscar-gaalasta vuodelta 2024. Kuva: Patrick T. Fallon \/ AFP<\/p>\n<p class=\"aw-1gybjub aw-1p7kakr cmIuaG fmSRng yle__article__paragraph\">Yhdysvalloissa <strong class=\"aw-ak79eh KyCXm yle__article__strong\">Jimmy Kimmelin<\/strong> juontama my\u00f6h\u00e4isillan viihdeohjelma Jimmy Kimmel Live on hyllytetty toistaiseksi, kertoo ohjelmaa tuottava ABC-kanava.<\/p>\n<p class=\"aw-1gybjub aw-1p7kakr cmIuaG fmSRng yle__article__paragraph\">Disneyn omistaman ABC-kanavan tiedottaja ei keskiviikkoisessa lausunnossaan kertonut hyllytyksest\u00e4 tarkemmin.<\/p>\n<p class=\"aw-1gybjub aw-1p7kakr cmIuaG fmSRng yle__article__paragraph\">Kimmel oli hiljattain kommentoinut ohjelmassaan oikeistoaktivisti <strong class=\"aw-ak79eh KyCXm yle__article__strong\">Charlie Kirkin<\/strong> murhaa, mik\u00e4 oli ker\u00e4nnyt ankaraa kritiikki\u00e4 muun muassa Yhdysvaltain telehallintoviraston johdolta. Lis\u00e4ksi ABC:n tyt\u00e4rkanavia l\u00e4hett\u00e4v\u00e4 Nexstar Media Group oli uhannut lopettaa ohjelman n\u00e4ytt\u00e4misen kanavillaan.<\/p>\n<p class=\"aw-1gybjub aw-1p7kakr cmIuaG fmSRng yle__article__paragraph\">Kimmel oli muun muassa vitsaillut, ett\u00e4 moni oikeistopoliitikko ja -vaikuttaja yritt\u00e4\u00e4 hy\u00f6ty\u00e4 Kirkin murhasta.<\/p>\n<p class=\"aw-1gybjub aw-1p7kakr cmIuaG fmSRng yle__article__paragraph\">Presidentti <strong class=\"aw-ak79eh KyCXm yle__article__strong\">Donald Trump<\/strong> ehti jo juhlia ABC:n p\u00e4\u00e4t\u00f6st\u00e4 sosiaalisessa mediassa.<\/p>\n<p class=\"aw-1gybjub aw-1p7kakr cmIuaG fmSRng yle__article__paragraph\">\u2013 Onnittelut ABC:lle rohkeudestaan vihdoin tehd\u00e4 sen, mit\u00e4 pit\u00e4\u00e4kin, Trump kirjoitti Truth Social -palvelussaan.<\/p>\n<p class=\"aw-1gybjub aw-1p7kakr cmIuaG fmSRng yle__article__paragraph\">Trump otti my\u00f6s hampaisiinsa ja haukkui juontajat <strong class=\"aw-ak79eh KyCXm yle__article__strong\">Jimmy Fallonin<\/strong> ja <strong class=\"aw-ak79eh KyCXm yle__article__strong\">Seth Meyersin<\/strong>, jotka niin ik\u00e4\u00e4n juontavat my\u00f6h\u00e4isillan viihdeohjelmia.<\/p>\n<p class=\"aw-1gybjub aw-1p7kakr cmIuaG fmSRng yle__article__paragraph\">Kimmel ei viel\u00e4 ole kommentoinut ohjelmansa hyllytt\u00e4mist\u00e4.<\/p>\n<p class=\"aw-1gybjub aw-1p7kakr cmIuaG fmSRng yle__article__paragraph\">L\u00e4hteet: AP, Reuters<\/p>\n","protected":false},"excerpt":{"rendered":"Disneyn omistaman ABC-kanavan tiedottaja ei toistaiseksi kertonut hyllytyksest\u00e4 tarkemmin. Avaa kuvien katselu Arkistokuva. Jimmy Kimmel on juontanut my\u00f6s&hellip;\n","protected":false},"author":2,"featured_media":38136,"comment_status":"","ping_status":"","sticky":false,"template":"","format":"standard","meta":{"footnotes":""},"categories":[133],"tags":[585,137,33,31,30,10539,10541,1077,32,2166,206,10540,156,56,109,619],"class_list":{"0":"post-38135","1":"post","2":"type-post","3":"status-publish","4":"format-standard","5":"has-post-thumbnail","7":"category-televisiot","8":"tag-donald-trump","9":"tag-entertainment","10":"tag-fi","11":"tag-finland","12":"tag-finnish","13":"tag-jimmy-kimmel","14":"tag-jimmy-kimmel-live","15":"tag-media","16":"tag-suomi","17":"tag-televisio-ohjelmat","18":"tag-televisiot","19":"tag-the-walt-disney-company","20":"tag-tv","21":"tag-ulkomaat","22":"tag-viihde","23":"tag-yhdysvallat"},"share_on_mastodon":{"url":"","error":""},"_links":{"self":[{"href":"https:\/\/www.europesays.com\/fi\/wp-json\/wp\/v2\/posts\/38135","targetHints":{"allow":["GET"]}}],"collection":[{"href":"https:\/\/www.europesays.com\/fi\/wp-json\/wp\/v2\/posts"}],"about":[{"href":"https:\/\/www.europesays.com\/fi\/wp-json\/wp\/v2\/types\/post"}],"author":[{"embeddable":true,"href":"https:\/\/www.europesays.com\/fi\/wp-json\/wp\/v2\/users\/2"}],"replies":[{"embeddable":true,"href":"https:\/\/www.europesays.com\/fi\/wp-json\/wp\/v2\/comments?post=38135"}],"version-history":[{"count":0,"href":"https:\/\/www.europesays.com\/fi\/wp-json\/wp\/v2\/posts\/38135\/revisions"}],"wp:featuredmedia":[{"embeddable":true,"href":"https:\/\/www.europesays.com\/fi\/wp-json\/wp\/v2\/media\/38136"}],"wp:attachment":[{"href":"https:\/\/www.europesays.com\/fi\/wp-json\/wp\/v2\/media?parent=38135"}],"wp:term":[{"taxonomy":"category","embeddable":true,"href":"https:\/\/www.europesays.com\/fi\/wp-json\/wp\/v2\/categories?post=38135"},{"taxonomy":"post_tag","embeddable":true,"href":"https:\/\/www.europesays.com\/fi\/wp-json\/wp\/v2\/tags?post=38135"}],"curies":[{"name":"wp","href":"https:\/\/api.w.org\/{rel}","templated":true}]}}