{"id":38163,"date":"2025-09-18T03:10:08","date_gmt":"2025-09-18T03:10:08","guid":{"rendered":"https:\/\/www.europesays.com\/fi\/38163\/"},"modified":"2025-09-18T03:10:08","modified_gmt":"2025-09-18T03:10:08","slug":"taysissa-ollut-saksan-mestarivalmentaja-on-joutunut-taas-sairaalaan","status":"publish","type":"post","link":"https:\/\/www.europesays.com\/fi\/38163\/","title":{"rendered":"Taysissa ollut Saksan mestarivalmentaja on joutunut taas sairaalaan"},"content":{"rendered":"<p>Koripallovalmentaja \u00c1lex Mumbr\u00fan sairaalaan joutuminen johtui haimatulehduksesta.<\/p>\n<p>17.9. 17:00<\/p>\n<p class=\"article-body mb-nof-24 px-nof-16\">Aamulehti<\/p>\n<p class=\"article-body mb-nof-24 px-nof-16\">Espanjalainen koripallovalmentaja <a class=\"article-personlink\" href=\"https:\/\/www.aamulehti.fi\/haku\/?query=%C3%81lex%20Mumbr%C3%BA\" rel=\"nofollow noopener\" target=\"_blank\">\u00c1lex Mumbr\u00fa<\/a> on joutunut uudestaan sairaalaan kotimaassaan. Asiasta kertoo espanjalainen <a class=\"article-genericlink\" href=\"https:\/\/www.mundodeportivo.com\/baloncesto\/eurobasket\/20250915\/1002532596\/alex-mumbru-hospitalizado-barcelona-mas-regresar-eurobasket.html\" rel=\"nofollow noopener\" target=\"_blank\">Mundo Deportivo<\/a> -lehti.<\/p>\n<p class=\"article-body mb-nof-24 px-nof-16\">Saksan koripallomaajoukkueen p\u00e4\u00e4valmentaja oli aiemmin sairaalahoidossa Tampereella, kun joukkue pelasi EM-alkulohkoa Susijengin kanssa samassa lohkossa.<\/p>\n<p class=\"article-body mb-nof-24 px-nof-16\">Sairaalaan joutumisen syyksi on sittemmin tarkennettu haimatulehdus. Mumbr\u00fa oli sairaalassa Tampereella viikon. H\u00e4n palasi sen j\u00e4lkeen joukkueen pariin, mutta ei ottanut p\u00e4\u00e4valmentajan roolia vaan pysytteli enemm\u00e4n taustalla.<\/p>\n<p class=\"article-body mb-nof-24 px-nof-16\">Mundo Deportivon mukaan Mumbru oli Saksan mukana EM-turnauksen loppuun asti.<\/p>\n<p class=\"article-body mb-nof-24 px-nof-16\">Saksa voitti viime sunnuntaina Euroopan mestaruuden ja voitti v\u00e4lier\u00e4ss\u00e4 Suomen. Heti turnauksen j\u00e4lkeen Mumbr\u00fa matkusti espanjalaislehden mukaan Barcelonaan ja hakeutui sairaalahoitoon.<\/p>\n","protected":false},"excerpt":{"rendered":"Koripallovalmentaja \u00c1lex Mumbr\u00fan sairaalaan joutuminen johtui haimatulehduksesta. 17.9. 17:00 Aamulehti Espanjalainen koripallovalmentaja \u00c1lex Mumbr\u00fa on joutunut uudestaan sairaalaan&hellip;\n","protected":false},"author":2,"featured_media":38164,"comment_status":"","ping_status":"","sticky":false,"template":"","format":"standard","meta":{"footnotes":""},"categories":[158],"tags":[157,33,31,30,159,32,160],"class_list":{"0":"post-38163","1":"post","2":"type-post","3":"status-publish","4":"format-standard","5":"has-post-thumbnail","7":"category-urheilu","8":"tag-aamulehti","9":"tag-fi","10":"tag-finland","11":"tag-finnish","12":"tag-sports","13":"tag-suomi","14":"tag-urheilu"},"share_on_mastodon":{"url":"","error":""},"_links":{"self":[{"href":"https:\/\/www.europesays.com\/fi\/wp-json\/wp\/v2\/posts\/38163","targetHints":{"allow":["GET"]}}],"collection":[{"href":"https:\/\/www.europesays.com\/fi\/wp-json\/wp\/v2\/posts"}],"about":[{"href":"https:\/\/www.europesays.com\/fi\/wp-json\/wp\/v2\/types\/post"}],"author":[{"embeddable":true,"href":"https:\/\/www.europesays.com\/fi\/wp-json\/wp\/v2\/users\/2"}],"replies":[{"embeddable":true,"href":"https:\/\/www.europesays.com\/fi\/wp-json\/wp\/v2\/comments?post=38163"}],"version-history":[{"count":0,"href":"https:\/\/www.europesays.com\/fi\/wp-json\/wp\/v2\/posts\/38163\/revisions"}],"wp:featuredmedia":[{"embeddable":true,"href":"https:\/\/www.europesays.com\/fi\/wp-json\/wp\/v2\/media\/38164"}],"wp:attachment":[{"href":"https:\/\/www.europesays.com\/fi\/wp-json\/wp\/v2\/media?parent=38163"}],"wp:term":[{"taxonomy":"category","embeddable":true,"href":"https:\/\/www.europesays.com\/fi\/wp-json\/wp\/v2\/categories?post=38163"},{"taxonomy":"post_tag","embeddable":true,"href":"https:\/\/www.europesays.com\/fi\/wp-json\/wp\/v2\/tags?post=38163"}],"curies":[{"name":"wp","href":"https:\/\/api.w.org\/{rel}","templated":true}]}}