{"id":38204,"date":"2025-09-18T04:08:09","date_gmt":"2025-09-18T04:08:09","guid":{"rendered":"https:\/\/www.europesays.com\/fi\/38204\/"},"modified":"2025-09-18T04:08:09","modified_gmt":"2025-09-18T04:08:09","slug":"paaministeri-orpo-sai-lahjaksi-perhemelonnan-kommentoi-270-euron-lahjaa-yhdella-lauseella","status":"publish","type":"post","link":"https:\/\/www.europesays.com\/fi\/38204\/","title":{"rendered":"P\u00e4\u00e4ministeri Orpo sai lahjaksi perhemelonnan \u2013 Kommentoi 270 euron lahjaa yhdell\u00e4 lauseella"},"content":{"rendered":"<p>P\u00e4\u00e4ministeri Petteri Orpo (kok) sai lomansa aikana lahjaksi 270 euroa maksavan kolmen hengen koskenlaskuseikkailun Kuusamossa.<\/p>\n<p><img decoding=\"async\" class=\"image image-show image-preview\" src=\"https:\/\/www.europesays.com\/fi\/wp-content\/uploads\/2025\/09\/4a7ffd77c6e82ac449bd9903a3344185bfac2b933d959caccbae2cd537072022.jpg\" alt=\"\"\/><img decoding=\"async\" class=\"image image-show\" src=\"https:\/\/www.europesays.com\/fi\/wp-content\/uploads\/2025\/09\/1757533329_759_4a7ffd77c6e82ac449bd9903a3344185bfac2b933d959caccbae2cd537072022.jpg\" alt=\"\"\/><\/p>\n<p>P\u00e4\u00e4ministeri Petteri Orpo (kok) sai ilmaiseksi 270 euron arvoisen koskimelontaretken perheelleen. Pete Anikari<\/p>\n<p class=\"paragraph\">\u2013 Koskimelontaa kolmelle hengelle.<\/p>\n<p class=\"paragraph\">N\u00e4in kuvailee p\u00e4\u00e4ministeri <strong>Petteri Orpo<\/strong> (kok) 270 euron arvoista el\u00e4myslahjaansa eduskunnalle annetussa <a href=\"https:\/\/www.eduskunta.fi\/FI\/kansanedustajat\/Sivut\/947.aspx\" target=\"_blank\" rel=\"noopener nofollow\">ilmoituksessaan<\/a>.<\/p>\n<p class=\"paragraph\">Lahjan antajaksi on ilmoitettu Kuusamon Kitkajoelle kolmen ja puolen tunnin retki\u00e4 j\u00e4rjest\u00e4v\u00e4 Ruka Safaris. Kitkajoki sijaitsee Koillismaalla Ven\u00e4j\u00e4n rajan l\u00e4heisyydess\u00e4.<\/p>\n<p class=\"paragraph\">\u2013 Yhdess\u00e4 ammattitaitoisen kipparimme kanssa laskemme kumilautalla seitsem\u00e4n mahtavaa koskea, Ruka Safaris mainostaa yrityksen verkkosivuilla.<\/p>\n<p class=\"paragraph\">Lahja on annettu ja k\u00e4ytetty tiistaina 29. hein\u00e4kuuta, jolloin Orpo oli kes\u00e4lomalla.<\/p>\n<p class=\"paragraph\">Lahjan arvosta p\u00e4\u00e4tellen Orpo sai lahjaksi koskenlaskuseikkailun perheille. El\u00e4myst\u00e4 myyd\u00e4\u00e4n t\u00e4ll\u00e4 hetkell\u00e4 88 eurolla\/henkil\u00f6. Kolmelta henkil\u00f6lt\u00e4 t\u00e4m\u00e4 tekisi 264 euroa.<\/p>\n<p class=\"paragraph\">Iltalehti kysyi Orpolta, miten ja millaisissa olosuhteissa lahja on saatu, ketk\u00e4 olivat koskimelontaseikkailulla mukana ja miten h\u00e4n perustelee lahjan vastaanottamista.<\/p>\n<p class=\"paragraph\">Iltalehti kysyi Orpolta my\u00f6s, onko Ruka Safaris h\u00e4nelle entuudestaan tuttu yritys.<\/p>\n<p class=\"paragraph\">Orpo vastasi IL:n kysymyksiin avustajansa v\u00e4lityksell\u00e4 yhdell\u00e4 lauseella.<\/p>\n<p class=\"paragraph\">\u2013 Yritys halusi tarjota t\u00e4m\u00e4n mahdollisuuden.<\/p>\n<p>Toimitusjohtaja yll\u00e4ttyi<\/p>\n<p class=\"paragraph\">Aktiviteettiyhti\u00f6 Ruka Experiences Oy:n toimitusjohtaja <strong>Hanna Tauriainen<\/strong> kuuli Orpon saamasta lahjasta Iltalehdelt\u00e4.<\/p>\n<p class=\"paragraph\">\u2013 En ole t\u00e4st\u00e4 asiasta tietoinen. Olen ollut itse tuohon ajankohtaan lomalla, mutta ehdottomasti selvit\u00e4n asian, Tauriainen lupasi maanantaina iltap\u00e4iv\u00e4ll\u00e4.<\/p>\n<p class=\"paragraph\">Tauriainen ei vastannut Iltalehdelle en\u00e4\u00e4 tiistaina.<\/p>\n<p class=\"paragraph\">Ruka Safaris ja Hotelli Iso-Sy\u00f6te kuuluvat Jepetron-konserniin, jonka p\u00e4\u00e4omistaja ja toimitusjohtaja on matkailuyritt\u00e4j\u00e4 <strong>Juha Kuukasj\u00e4rvi<\/strong>.<\/p>\n<p>Korruptioprofessori jyr\u00e4hti<\/p>\n<p class=\"paragraph\">Korruptiota tutkineen emeritusprofessori <strong>Ari Salmisen<\/strong> mukaan kansanedustajien ja ministereiden tulisi kielt\u00e4yty\u00e4 ottamasta vastaan satojen eurojen arvoisia lahjoja \u2013 varsinkin, jos ne koskevat my\u00f6s perhett\u00e4.<\/p>\n<p class=\"paragraph\">Orpo oli hein\u00e4kuussa Ruisrockissa Turun kaupungin maksamana puolisonsa <strong>Niina Kanniainen-Orpon<\/strong> kanssa. VIP-paketin arvoksi Orpo ilmoitti yhteens\u00e4 864 euroa.<\/p>\n<p class=\"paragraph\">\u2013 Mielest\u00e4ni ei ole kovin tyylik\u00e4st\u00e4, ett\u00e4 t\u00e4llaiset taloudelliset edut, jotka liittyv\u00e4t festivaaleihin ja vapaa-aikaan, laajentuvat viel\u00e4 perheeseen, Salminen sanoi aiemmin hein\u00e4kuussa Iltalehdelle.<\/p>\n<p class=\"paragraph\">Salmisen mukaan paras tapa olisi se, ett\u00e4 poliitikot maksaisivat itse p\u00e4\u00e4sylippunsa.<\/p>\n","protected":false},"excerpt":{"rendered":"P\u00e4\u00e4ministeri Petteri Orpo (kok) sai lomansa aikana lahjaksi 270 euroa maksavan kolmen hengen koskenlaskuseikkailun Kuusamossa. P\u00e4\u00e4ministeri Petteri Orpo&hellip;\n","protected":false},"author":2,"featured_media":38205,"comment_status":"","ping_status":"","sticky":false,"template":"","format":"standard","meta":{"footnotes":""},"categories":[12],"tags":[35,22,23,26,27,33,31,30,17,24,25,28,29,15,18,21,142,637,888,885,887,32,19,20,16],"class_list":{"0":"post-38204","1":"post","2":"type-post","3":"status-publish","4":"format-standard","5":"has-post-thumbnail","7":"category-suomi","8":"tag-24h","9":"tag-breaking-news","10":"tag-breakingnews","11":"tag-featured-news","12":"tag-featurednews","13":"tag-fi","14":"tag-finland","15":"tag-finnish","16":"tag-headlines","17":"tag-latest-news","18":"tag-latestnews","19":"tag-main-news","20":"tag-mainnews","21":"tag-news","22":"tag-otsikot","23":"tag-paauutiset","24":"tag-poliitikot","25":"tag-politiikka","26":"tag-suomalaiset-poliitikot","27":"tag-suomen-poliittiset-puolueet","28":"tag-suomen-politiikka","29":"tag-suomi","30":"tag-top-stories","31":"tag-topstories","32":"tag-uutiset"},"share_on_mastodon":{"url":"","error":""},"_links":{"self":[{"href":"https:\/\/www.europesays.com\/fi\/wp-json\/wp\/v2\/posts\/38204","targetHints":{"allow":["GET"]}}],"collection":[{"href":"https:\/\/www.europesays.com\/fi\/wp-json\/wp\/v2\/posts"}],"about":[{"href":"https:\/\/www.europesays.com\/fi\/wp-json\/wp\/v2\/types\/post"}],"author":[{"embeddable":true,"href":"https:\/\/www.europesays.com\/fi\/wp-json\/wp\/v2\/users\/2"}],"replies":[{"embeddable":true,"href":"https:\/\/www.europesays.com\/fi\/wp-json\/wp\/v2\/comments?post=38204"}],"version-history":[{"count":0,"href":"https:\/\/www.europesays.com\/fi\/wp-json\/wp\/v2\/posts\/38204\/revisions"}],"wp:featuredmedia":[{"embeddable":true,"href":"https:\/\/www.europesays.com\/fi\/wp-json\/wp\/v2\/media\/38205"}],"wp:attachment":[{"href":"https:\/\/www.europesays.com\/fi\/wp-json\/wp\/v2\/media?parent=38204"}],"wp:term":[{"taxonomy":"category","embeddable":true,"href":"https:\/\/www.europesays.com\/fi\/wp-json\/wp\/v2\/categories?post=38204"},{"taxonomy":"post_tag","embeddable":true,"href":"https:\/\/www.europesays.com\/fi\/wp-json\/wp\/v2\/tags?post=38204"}],"curies":[{"name":"wp","href":"https:\/\/api.w.org\/{rel}","templated":true}]}}