{"id":38212,"date":"2025-09-18T04:24:07","date_gmt":"2025-09-18T04:24:07","guid":{"rendered":"https:\/\/www.europesays.com\/fi\/38212\/"},"modified":"2025-09-18T04:24:07","modified_gmt":"2025-09-18T04:24:07","slug":"tanaan-tvssa-mita-helvettia-tuo-oli-jason-statham-kohtaa-tappokoneen-vuoden-2018-elokuvassa","status":"publish","type":"post","link":"https:\/\/www.europesays.com\/fi\/38212\/","title":{"rendered":"T\u00e4n\u00e4\u00e4n tv:ss\u00e4: \u201dMit\u00e4 helvetti\u00e4 tuo oli?\u201d \u2013 Jason Statham kohtaa tappokoneen vuoden 2018 elokuvassa"},"content":{"rendered":"<p>Vuoden 2018 elokuvassa Megalodon\u00a0sukellusvene makaa toimintakyvytt\u00f6m\u00e4n\u00e4 Tyynenmeren pohjassa jouduttuaan massiivisen hain hy\u00f6kk\u00e4yksen kohteeksi.<\/p>\n<p>Meritieteilij\u00e4 palkkaa pelastussukelluksen asiantuntijan pelastamaan miehist\u00f6n t\u00e4lt\u00e4 j\u00e4ttil\u00e4ism\u00e4iselt\u00e4 yli 23 metrin pituiselta esihistorialliselta hailta.<\/p>\n<p>Ei ole ehk\u00e4 sopivaa sanoa t\u00e4t\u00e4, mutta sanotaan kuitenkin: haileffat ovat mahtavia. Ehk\u00e4 siksi, ett\u00e4 Tappajahain j\u00e4lkeen niist\u00e4 ei ole edes yritetty tehd\u00e4 hyvi\u00e4.<\/p>\n<p><strong>Jason Turteltaubin<\/strong> elokuvakin n\u00e4ytt\u00e4\u00e4 olevan vain h\u00e4peilem\u00e4t\u00f6nt\u00e4 parodiaa itsest\u00e4\u00e4n. Monikulttuurinen ja laaja n\u00e4yttelij\u00e4kaarti on v\u00e4rv\u00e4tty vain tekem\u00e4\u00e4n huomioita, kuten \u201dMit\u00e4 helvetti\u00e4 tuo oli?\u201d, \u201dTuolla on jotakin\u201d tai viimein \u201dApua, se on hai\u201d.<\/p>\n<p>Se ei tosin koske kiinalaisia, jotka ovat paitsi osatuottajia my\u00f6s \u00e4lykk\u00e4\u00e4mpi\u00e4 ja kauniimpia kuin muut. Ja ilmeisesti my\u00f6s tuoksuvat paremmalta.<\/p>\n<p>Lue my\u00f6s: <a href=\"https:\/\/www.episodi.fi\/uutiset\/kiss-yhtyeen-gene-simmons-tekee-renny-harlinin-kanssa-yhteisen-toimintaelokuvan\/\" title=\"Kiss-yhtyeen Gene Simmons tekee Renny Harlinin kanssa yhteisen toimintaelokuvan\" class=\"underline-custom !font-montserrat !font-bold !underline-offset-4 !decoration-4 !decoration-episodi-blue !text-md\" rel=\"nofollow noopener\" target=\"_blank\">Kiss-yhtyeen Gene Simmons tekee Renny Harlinin kanssa yhteisen toimintaelokuvan<\/a><\/p>\n<p>On k\u00e4sitt\u00e4m\u00e4t\u00f6nt\u00e4, ett\u00e4 Megalodonin simppeli tarina perustuu ihan oikeaan romaaniin.<\/p>\n<p>Ihmiset ensin h\u00e4iritsev\u00e4t oliota, jonka on luultu kuolleen sukupuuttoon. Sitten esihistoriallinen tappokone p\u00e4\u00e4tt\u00e4\u00e4 tervehti\u00e4 ihmisi\u00e4. Seuraavaksi kuvaan tulee mukaan<strong> Jason Statham<\/strong>.<\/p>\n<p>Syntyy tuhoa, kunnes joku muistaa lausua ymp\u00e4rist\u00f6viestin: \u201dTeimme sen taas: ensin l\u00f6ysimme ja sitten tuhosimme.\u201d<\/p>\n<p>Haileffat ovat mahtavia!<\/p>\n<p>Megalodon esitet\u00e4\u00e4n nyt televisiossa kolme kertaa:<\/p>\n<ul class=\"wp-block-list\">\n<li>To 18.9.2025 klo 21.00 \u00b7 TV5<\/li>\n<li>Su 21.9.2025 klo 23.15 \u00b7 TV5<\/li>\n<li>Ti 23.9.2025 klo 21.00 \u00b7 Kutonen<\/li>\n<\/ul>\n<p>Elokuva kuuluu my\u00f6s Prime Videon, HBO Maxin ja Viaplayn valikoimaan. Katso traileri alta.<\/p>\n<p>Arvio: Marta Ba\u0142aga<\/p>\n<p><img loading=\"lazy\" decoding=\"async\" alt=\"YouTube video\" width=\"480\" height=\"360\" data-pin-nopin=\"true\" nopin=\"nopin\" class=\"perfmatters-lazy\" src=\"https:\/\/www.europesays.com\/fi\/wp-content\/uploads\/2025\/09\/1758169447_360_hqdefault.jpg\"\/><\/p>\n<p>Lue my\u00f6s: <a href=\"https:\/\/www.episodi.fi\/uutiskirje\/?uutiskirjemainos=tekstilinkkimainos\" title=\"Tilaa Episodin uutiskirje ja voit voittaa leffalippuja! Nappaa tv-vinkit suoraan s\u00e4hk\u00f6postiin t\u00e4st\u00e4.\" class=\"underline-custom !font-montserrat !font-bold !underline-offset-4 !decoration-4 !decoration-episodi-blue !text-md\" rel=\"nofollow noopener\" target=\"_blank\">Tilaa Episodin uutiskirje ja voit voittaa leffalippuja! Nappaa katseluvinkit suoraan s\u00e4hk\u00f6postiin t\u00e4st\u00e4.<\/a><\/p>\n","protected":false},"excerpt":{"rendered":"Vuoden 2018 elokuvassa Megalodon\u00a0sukellusvene makaa toimintakyvytt\u00f6m\u00e4n\u00e4 Tyynenmeren pohjassa jouduttuaan massiivisen hain hy\u00f6kk\u00e4yksen kohteeksi. Meritieteilij\u00e4 palkkaa pelastussukelluksen asiantuntijan pelastamaan&hellip;\n","protected":false},"author":2,"featured_media":38213,"comment_status":"","ping_status":"","sticky":false,"template":"","format":"standard","meta":{"footnotes":""},"categories":[133],"tags":[137,33,31,30,32,206,139,156,109],"class_list":{"0":"post-38212","1":"post","2":"type-post","3":"status-publish","4":"format-standard","5":"has-post-thumbnail","7":"category-televisiot","8":"tag-entertainment","9":"tag-fi","10":"tag-finland","11":"tag-finnish","12":"tag-suomi","13":"tag-televisiot","14":"tag-tv-ohjelmat","15":"tag-tv","16":"tag-viihde"},"share_on_mastodon":{"url":"","error":""},"_links":{"self":[{"href":"https:\/\/www.europesays.com\/fi\/wp-json\/wp\/v2\/posts\/38212","targetHints":{"allow":["GET"]}}],"collection":[{"href":"https:\/\/www.europesays.com\/fi\/wp-json\/wp\/v2\/posts"}],"about":[{"href":"https:\/\/www.europesays.com\/fi\/wp-json\/wp\/v2\/types\/post"}],"author":[{"embeddable":true,"href":"https:\/\/www.europesays.com\/fi\/wp-json\/wp\/v2\/users\/2"}],"replies":[{"embeddable":true,"href":"https:\/\/www.europesays.com\/fi\/wp-json\/wp\/v2\/comments?post=38212"}],"version-history":[{"count":0,"href":"https:\/\/www.europesays.com\/fi\/wp-json\/wp\/v2\/posts\/38212\/revisions"}],"wp:featuredmedia":[{"embeddable":true,"href":"https:\/\/www.europesays.com\/fi\/wp-json\/wp\/v2\/media\/38213"}],"wp:attachment":[{"href":"https:\/\/www.europesays.com\/fi\/wp-json\/wp\/v2\/media?parent=38212"}],"wp:term":[{"taxonomy":"category","embeddable":true,"href":"https:\/\/www.europesays.com\/fi\/wp-json\/wp\/v2\/categories?post=38212"},{"taxonomy":"post_tag","embeddable":true,"href":"https:\/\/www.europesays.com\/fi\/wp-json\/wp\/v2\/tags?post=38212"}],"curies":[{"name":"wp","href":"https:\/\/api.w.org\/{rel}","templated":true}]}}