{"id":38230,"date":"2025-09-18T04:48:08","date_gmt":"2025-09-18T04:48:08","guid":{"rendered":"https:\/\/www.europesays.com\/fi\/38230\/"},"modified":"2025-09-18T04:48:08","modified_gmt":"2025-09-18T04:48:08","slug":"divided-by-design-asiakas-pilaa-suunnittelijan-tyon","status":"publish","type":"post","link":"https:\/\/www.europesays.com\/fi\/38230\/","title":{"rendered":"Divided by Design: Asiakas pilaa suunnittelijan ty\u00f6n"},"content":{"rendered":"<p>Uuden remonttisarjan tyyli h\u00e4mment\u00e4\u00e4 katsojaa eiv\u00e4tk\u00e4 lopputuloksetkaan miellyt\u00e4.<\/p>\n<p class=\"article-body mb-nof-24 px-nof-16\">Tv-lehti arvioi: Uudessa remppasarjassa Divided by Design on niin sukkela tahti, ett\u00e4 katsoja ei meinaa pysy\u00e4 per\u00e4ss\u00e4. Sananvaihto on kuin Gilmoren tytt\u00f6jen dialogia seuraisi \u2013 tosin ilman mit\u00e4\u00e4n nerokkaita sutkautuksia. Leikkaukset ovat turhan nopeita.<\/p>\n<p class=\"article-body mb-nof-24 px-nof-16\">TLC:n sarjassa aviopari <a class=\"article-personlink\" href=\"https:\/\/www.is.fi\/haku\/?query=Ray\" rel=\"nofollow noopener\" target=\"_blank\">Ray<\/a> ja <a class=\"article-personlink\" href=\"https:\/\/www.is.fi\/haku\/?query=Eilyn%20Jimenez\" rel=\"nofollow noopener\" target=\"_blank\">Eilyn Jimenez<\/a> johtavat omia suunnittelu- ja remonttitoimistojaan Miamissa ja kilpailevat samoista asiakkaista.<\/p>\n<p class=\"article-body mb-nof-24 px-nof-16\">\u2013 Menimme naimisiin, jotta voimme pyyhki\u00e4 kaikki muut kilpailijat pois yhdess\u00e4, Eilyn Jimenez heitt\u00e4\u00e4.<\/p>\n<p class=\"article-body mb-nof-24 px-nof-16\">Ohjelman teemaan kuuluu kilpailu, mutta se on kovin n\u00e4enn\u00e4ist\u00e4. Jaksossa <a class=\"article-personlink\" href=\"https:\/\/www.is.fi\/haku\/?query=David\" rel=\"nofollow noopener\" target=\"_blank\">David <\/a>ja <a class=\"article-personlink\" href=\"https:\/\/www.is.fi\/haku\/?query=Isabella\" rel=\"nofollow noopener\" target=\"_blank\">Isabella<\/a> pyyt\u00e4v\u00e4t Jimenezien apua talonsa uudistamiseen. Remonttikuluihin on varattu 150 000 dollaria eli noin 130 000 euroa, ja kohteena ovat olohuone, keitti\u00f6 ja eteinen.<\/p>\n<p class=\"article-body mb-nof-24 px-nof-16\">Eteishalli on liian avoin ja pime\u00e4. Ray fiksaisi sen j\u00e4rkev\u00e4mm\u00e4ksi muun muassa lasiovin. Eilyn taas ei halua sulkea avointa tilaa luonnonvalon takia. On kiinnostavaa kuulla Rayn huomio siit\u00e4, ett\u00e4 korona-ajan j\u00e4lkeen asunnonomistajat ovat halunneet enemm\u00e4n erillisi\u00e4 tiloja kuin yht\u00e4 suurta avointa tilaa.<\/p>\n<p class=\"article-body mb-nof-24 px-nof-16\">Isabella toivoo vaaleampia s\u00e4vyj\u00e4 keitti\u00f6\u00f6n, jota hallitsevat ruskeat kaapit. H\u00e4n toivoo asuntoonsa miamilaista fiilist\u00e4.<\/p>\n<p class=\"article-body mb-nof-24 px-nof-16\">Rayn ideat miellytt\u00e4v\u00e4t paria enemm\u00e4n, joten he valitsevat t\u00e4m\u00e4n suunnittelijakseen. Se passaa hyvin vaimolle, joka puuhastelee jaksossa omaa projektiaan.<\/p>\n<p class=\"article-body mb-nof-24 px-nof-16\">Rakennusyritt\u00e4j\u00e4 David auttaa remontissa parhaansa mukaan ja liikaakin. Ray Jimenez kauhistuu kuullessaan Davidin jo ostaneen uusia huonekaluja, kuten m\u00f6hk\u00e4lem\u00e4isen tumman ruokap\u00f6yd\u00e4n ja valtavan kattokruunun.<\/p>\n<p class=\"article-body mb-nof-24 px-nof-16\">\u2013 T\u00e4m\u00e4 on turhauttavaa, koska miksi h\u00e4n sitten palkkasi sisustussuunnittelijan, Jimenez valittaa Davidin sel\u00e4n takana kameroille.<\/p>\n<p class=\"article-body mb-nof-24 px-nof-16\">\u2013 Meid\u00e4n piti tehd\u00e4 asunnostasi hyv\u00e4nn\u00e4k\u00f6inen, mutta yrit\u00e4tkin tehd\u00e4 sen itse, h\u00e4n puhisee.<\/p>\n<p class=\"article-body mb-nof-24 px-nof-16\">Jimenez yritt\u00e4\u00e4 saada Davidia ymm\u00e4rt\u00e4m\u00e4\u00e4n, ett\u00e4 olohuonetta pit\u00e4\u00e4 ainakin vaalentaa tuoleilla. David ei kuuntele.<\/p>\n<p class=\"article-body mb-nof-24 px-nof-16\">My\u00f6hemmin Jimenez saa kuulla Davidin shoppailleen my\u00f6s valtavan nahkasohvan, joka ei sovi ammattilaisen suunnittelemaan sisustukseen. H\u00e4n huomauttaa, ett\u00e4 lopputuloksesta tulee ylisisustetun n\u00e4k\u00f6inen.<\/p>\n<p class=\"article-body mb-nof-24 px-nof-16\">\u2013 Sinulla on tumma keitti\u00f6, tumma ruokailutila ja haluat viel\u00e4 nahkasohvan. Lopputulos n\u00e4ytt\u00e4\u00e4 poikamiesk\u00e4mp\u00e4lt\u00e4, Jimenez sanoo suoraan asiakkaalleen, joka pit\u00e4\u00e4 p\u00e4\u00e4ns\u00e4.<\/p>\n<p><img decoding=\"async\" src=\"https:\/\/www.europesays.com\/fi\/wp-content\/uploads\/2025\/09\/1758170888_471_468.jpg\" alt=\"T\u00e4lt\u00e4 uusi olohuone n\u00e4ytt\u00e4\u00e4.\" class=\"_Img_tdqg8_1\" style=\"aspect-ratio:1.4964925954793453\" loading=\"eager\"\/><\/p>\n<p class=\"article-picture-caption\">T\u00e4lt\u00e4 uusi olohuone n\u00e4ytt\u00e4\u00e4. Kuva:\u00a0Discovery, Inc. All Rights Reserved.<\/p>\n<p class=\"article-body mb-nof-24 px-nof-16\">Remontin j\u00e4lkeen pariskunta astelee kotiinsa ja ihastelee n\u00e4ky\u00e4. Suomalaiselle katsojalle keitti\u00f6 n\u00e4ytt\u00e4\u00e4 kovin pime\u00e4lt\u00e4 ja olohuone sekasotkulta erilaisine huonekaluineen. Jimenez on sent\u00e4\u00e4n saanut valita mieleisens\u00e4 kattovalaisimet, ja David tunnustaa olleensa kattokruununsa kanssa v\u00e4\u00e4r\u00e4ss\u00e4.<\/p>\n<p class=\"article-body mb-nof-24 px-nof-16\">Redditin keskustelupalstalla monet katsojat ovat kiinnitt\u00e4neet huomiota sarjan sisustusratkaisuihin.<\/p>\n<p><img decoding=\"async\" src=\"https:\/\/www.europesays.com\/fi\/wp-content\/uploads\/2025\/09\/1758170888_281_468.jpg\" alt=\"Suomalaiskatsojan silmiin tila n\u00e4ytt\u00e4\u00e4 eripariselta luultavasti asunnon omistajan vaatiman p\u00f6yd\u00e4n takia.\" class=\"_Img_tdqg8_1\" style=\"aspect-ratio:1.4964925954793453\" loading=\"eager\"\/><\/p>\n<p class=\"article-picture-caption\">Suomalaiskatsojan silmiin tila n\u00e4ytt\u00e4\u00e4 eripariselta luultavasti asunnon omistajan vaatiman p\u00f6yd\u00e4n takia. Kuva:\u00a0Discovery, Inc. All Rights Reserved.<\/p>\n<p class=\"article-body mb-nof-24 px-nof-16\">\u2013 Puolitoista jaksoa katsottu, ja n\u00e4m\u00e4 muutokset eiv\u00e4t n\u00e4yt\u00e4 hyvilt\u00e4. Lis\u00e4ksi p\u00e4\u00e4henkil\u00f6iden jatkuva itsens\u00e4 korostaminen on ihan farssia, yksi valittaa.<\/p>\n<p class=\"article-body mb-nof-24 px-nof-16\">\u2013 N\u00e4ytt\u00e4\u00e4k\u00f6 muiden mielest\u00e4 n\u00e4iden sisustukset vanhanaikaisilta? Katsoin kaksi jaksoa enk\u00e4 tied\u00e4, onko kyse Miamin estetiikasta, mutta minusta tyyli on pikemminkin 14 vuotta vanhaa Las Vegasia. Heid\u00e4n k\u00e4ytt\u00e4m\u00e4ns\u00e4 materiaalit ja v\u00e4rit ovat outoja. Huonekalut eiv\u00e4t edes sovi yhteen, toinen jatkaa.<\/p>\n<p class=\"article-body nof-ui-body-medium mb-nof-24 px-nof-16\">Divided by Design TLC-kanavalla klo 20.00 torstaina 18.9. alkaen<\/p>\n","protected":false},"excerpt":{"rendered":"Uuden remonttisarjan tyyli h\u00e4mment\u00e4\u00e4 katsojaa eiv\u00e4tk\u00e4 lopputuloksetkaan miellyt\u00e4. Tv-lehti arvioi: Uudessa remppasarjassa Divided by Design on niin sukkela&hellip;\n","protected":false},"author":2,"featured_media":38231,"comment_status":"","ping_status":"","sticky":false,"template":"","format":"standard","meta":{"footnotes":""},"categories":[135],"tags":[389,387,388,390,137,33,31,30,34,32,394,393,391,392,109],"class_list":{"0":"post-38230","1":"post","2":"type-post","3":"status-publish","4":"format-standard","5":"has-post-thumbnail","7":"category-taiteet-ja-suunnittelu","8":"tag-arts","9":"tag-arts-and-design","10":"tag-artsanddesign","11":"tag-design","12":"tag-entertainment","13":"tag-fi","14":"tag-finland","15":"tag-finnish","16":"tag-ilta-sanomat","17":"tag-suomi","18":"tag-suunnittelu","19":"tag-taiteet","20":"tag-taiteet-ja-suunnittelu","21":"tag-taiteetsuunnittelu","22":"tag-viihde"},"share_on_mastodon":{"url":"","error":""},"_links":{"self":[{"href":"https:\/\/www.europesays.com\/fi\/wp-json\/wp\/v2\/posts\/38230","targetHints":{"allow":["GET"]}}],"collection":[{"href":"https:\/\/www.europesays.com\/fi\/wp-json\/wp\/v2\/posts"}],"about":[{"href":"https:\/\/www.europesays.com\/fi\/wp-json\/wp\/v2\/types\/post"}],"author":[{"embeddable":true,"href":"https:\/\/www.europesays.com\/fi\/wp-json\/wp\/v2\/users\/2"}],"replies":[{"embeddable":true,"href":"https:\/\/www.europesays.com\/fi\/wp-json\/wp\/v2\/comments?post=38230"}],"version-history":[{"count":0,"href":"https:\/\/www.europesays.com\/fi\/wp-json\/wp\/v2\/posts\/38230\/revisions"}],"wp:featuredmedia":[{"embeddable":true,"href":"https:\/\/www.europesays.com\/fi\/wp-json\/wp\/v2\/media\/38231"}],"wp:attachment":[{"href":"https:\/\/www.europesays.com\/fi\/wp-json\/wp\/v2\/media?parent=38230"}],"wp:term":[{"taxonomy":"category","embeddable":true,"href":"https:\/\/www.europesays.com\/fi\/wp-json\/wp\/v2\/categories?post=38230"},{"taxonomy":"post_tag","embeddable":true,"href":"https:\/\/www.europesays.com\/fi\/wp-json\/wp\/v2\/tags?post=38230"}],"curies":[{"name":"wp","href":"https:\/\/api.w.org\/{rel}","templated":true}]}}