{"id":38268,"date":"2025-09-18T05:26:09","date_gmt":"2025-09-18T05:26:09","guid":{"rendered":"https:\/\/www.europesays.com\/fi\/38268\/"},"modified":"2025-09-18T05:26:09","modified_gmt":"2025-09-18T05:26:09","slug":"kirsi-salon-suuri-suru-takana-raskas-vuosi","status":"publish","type":"post","link":"https:\/\/www.europesays.com\/fi\/38268\/","title":{"rendered":"Kirsi Salon suuri suru \u2013 takana raskas vuosi"},"content":{"rendered":"<p>            Timo Korhonen\n        <\/p>\n<p class=\"subtitle \">Kirsi jakaa kotonaan Juvalla uutisen, josta on toistaiseksi vaiennut.<\/p>\n<p class=\"article-content article-content-width !bg-background\">Mets\u00e4n halki kulkeva soratie vie Onnellisten kyl\u00e4\u00e4n Juvalla, jossa tv-persoona ja hyvinvointivalmentaja , 58, on asunut jo kaksi ja puoli vuotta.\u00a0<\/p>\n<p class=\"font-weight-bold m-font-weight-bold article-content article-content-width !bg-background\">Video: N\u00e4in Kirsin el\u00e4m\u00e4 muuttui.<\/p>\n<p class=\"article-content article-content-width !bg-background\">Tomaatit notkuvat varsissaan ja kanat tepastelevat h\u00e4kiss\u00e4\u00e4n. Kirsin kotipihan syv\u00e4n hiljaisuuden rikkovat lukuisat kukkiin lentelev\u00e4t kimalaiset, ja hetke\u00e4 my\u00f6hemmin ekotalon ovesta s\u00e4nt\u00e4\u00e4 hollanninpaimenkoira Jamie. Se tulee tervehtim\u00e4\u00e4n toimittajaa ja kuvaajaa.<\/p>\n<p class=\"article-content article-content-width !bg-background\">\u2013\tTervetuloa! Paikat ovat v\u00e4h\u00e4n rempallaan nyt, koiran kintereill\u00e4 oleva Kirsi rient\u00e4\u00e4 kertomaan.<\/p>\n<p class=\"article-content article-content-width !bg-background\">Kirsi on vasta palannut Farmi Suomen kuvauksista, joiden aikana talonvahdit ovat yritt\u00e4neet huolehtia h\u00e4nen tiluksistaan. Kirkkaanpunainen uusi auto on silmiinpist\u00e4v\u00e4 yksityiskohta muuten seesteisen maiseman keskell\u00e4.<\/p>\n<p class=\"article-content article-content-width !bg-background\">\u2013 T\u00e4st\u00e4 tulee salainen aseeni talvea varten. Lataan akun Juvan ABC:ll\u00e4 ja voin siirt\u00e4\u00e4 t\u00e4ll\u00e4 s\u00e4hk\u00f6\u00e4 taloon vuoden pimeimp\u00e4n\u00e4 aikana.<\/p>\n<p>                <img decoding=\"async\" src=\"https:\/\/www.europesays.com\/fi\/wp-content\/uploads\/2025\/09\/1925648.webp\" width=\"576\" height=\"322\" alt=\"Onnellisten kyl\u00e4ss\u00e4 on Kirsin talon lis\u00e4ksi kaksi muuta taloa, joissa naapurit asuvat. Rinteelt\u00e4 on kauniit n\u00e4kym\u00e4t j\u00e4rvelle. Seuraa pit\u00e4\u00e4 Kirsin Jamie-koira.\" loading=\"lazy\" \/>            <\/p>\n<p>\n            Onnellisten kyl\u00e4ss\u00e4 on Kirsin talon lis\u00e4ksi kaksi muuta taloa, joissa naapurit asuvat. Rinteelt\u00e4 on kauniit n\u00e4kym\u00e4t j\u00e4rvelle. Seuraa pit\u00e4\u00e4 Kirsin Jamie-koira.<br \/>\n            Timo Korhonen\n        <\/p>\n<p>Suuri suru<\/p>\n<p class=\"article-content article-content-width !bg-background\">Sis\u00e4ll\u00e4 keitti\u00f6n p\u00f6yd\u00e4n \u00e4\u00e4ress\u00e4 Kirsi vakavoituu. H\u00e4n kohtasi alkuvuodesta suuren surun, josta puhuminen tuntuu yh\u00e4 kipe\u00e4lt\u00e4. Kirsin perheenj\u00e4sen nukkui yll\u00e4tt\u00e4en pois, mutta h\u00e4n ei ole puhunut siit\u00e4 julkisuudessa. H\u00e4n on halunnut surra yksityisesti, koska l\u00e4heisen kuolema on hyvin henkil\u00f6kohtainen asia.<\/p>\n<p class=\"article-content article-content-width !bg-background\">\u2013\tSuruaikani on ollut melko pitk\u00e4. Viel\u00e4kin itkett\u00e4\u00e4, kun otan t\u00e4m\u00e4n puheeksi, Kirsi toteaa ja herkistyy.<\/p>\n<p class=\"article-content article-content-width !bg-background\">Kyseess\u00e4 on Kirsille uusi tilanne, sill\u00e4 h\u00e4n ei ole aiemmin kohdannut n\u00e4in isoa menetyst\u00e4.<\/p>\n<p class=\"article-content article-content-width !bg-background\">\u2013\u00a0Siit\u00e4kin syyst\u00e4 t\u00e4m\u00e4 on ollut pitk\u00e4 prosessi. Olen hoitanut kuolemaan liittyvi\u00e4 paperit\u00f6it\u00e4 puolen vuoden ajan, mik\u00e4 on ollut todella raskasta henkisesti. Terveiset vain Suomen pankeille. Voisivatkohan ne tehd\u00e4 t\u00e4st\u00e4 touhusta v\u00e4h\u00e4n inhimillisemp\u00e4\u00e4\u2026<\/p>\n<p>        <a itemprop=\"url\" href=\"https:\/\/www.seiska.fi\/kotimaa\/me-naiset-kirsi-salo-avoimena-rahasta-nain-paljon-menee-euroja-viikossa\/1863218\" rel=\"nofollow noopener\" target=\"_blank\"><\/p>\n<p>\nMe Naiset:\n<\/p>\n<p class=\"section-date\">\n        <strong class=\"article-section\" data-section=\"kotimaa\"><br \/>\n            kotimaa<br \/>\n        <\/strong><br \/>\n        9.7. 10:31\n    <\/p>\n<p>    Me Naiset: Kirsi Salo avoimena rahasta \u2013 n\u00e4in paljon menee euroja viikossa<\/p>\n<p itemprop=\"description\" class=\"subtitle \">\n    Kirsin ruokakauppaan viikossa k\u00e4ytt\u00e4m\u00e4 summa on sellainen, ett\u00e4 moni lapsiperhe lienee siit\u00e4 kateellinen.\n<\/p>\n<p>        <\/a><\/p>\n<p>                <img decoding=\"async\" src=\"https:\/\/www.europesays.com\/fi\/wp-content\/uploads\/2025\/09\/1925637.webp\" width=\"576\" height=\"720\" alt=\"Kirsi tiet\u00e4\u00e4, ettei tunteita pid\u00e4 padota. \u2013 Silloin pit\u00e4\u00e4 itke\u00e4 kun itkett\u00e4\u00e4. Suru varmasti kumpuaa pinnalle viel\u00e4 pitk\u00e4\u00e4n.\" loading=\"lazy\" \/>            <\/p>\n<p>\n            Kirsi tiet\u00e4\u00e4, ettei tunteita pid\u00e4 padota. \u2013 Silloin pit\u00e4\u00e4 itke\u00e4 kun itkett\u00e4\u00e4. Suru varmasti kumpuaa pinnalle viel\u00e4 pitk\u00e4\u00e4n.<br \/>\n            Timo Korhonen\n        <\/p>\n<p class=\"article-content article-content-width !bg-background\">Kirsi ei halua puhua asiasta enemp\u00e4\u00e4, sill\u00e4 h\u00e4n haluaa kunnioittaa edesmennytt\u00e4 l\u00e4heist\u00e4\u00e4n. H\u00e4n ottaa syksyn rauhallisesti eik\u00e4 aio esimerkiksi menn\u00e4 hirvimets\u00e4lle, kuten h\u00e4nell\u00e4 on aiempina vuosina ollut tapana.<\/p>\n<p>        <a itemprop=\"url\" href=\"https:\/\/www.seiska.fi\/kotimaa\/kirsi-salo-uusi-perheenjasen\/1827737\" rel=\"nofollow noopener\" target=\"_blank\"><\/p>\n<p>\nKirsi Salo\n<\/p>\n<p class=\"section-date\">\n        <strong class=\"article-section\" data-section=\"kotimaa\"><br \/>\n            kotimaa<br \/>\n        <\/strong><br \/>\n        5.6. 19:30\n    <\/p>\n<p>    Kirsi Salo: Uusi perheenj\u00e4sen!<\/p>\n<p itemprop=\"description\" class=\"subtitle \">\n    Kolmikuinen pallero l\u00f6ysi suolta p\u00e4\u00e4kallon.\n<\/p>\n<p>        <\/a><\/p>\n<p>                <img decoding=\"async\" src=\"https:\/\/www.europesays.com\/fi\/wp-content\/uploads\/2025\/09\/1925667.webp\" width=\"576\" height=\"720\" alt=\"T\u00e4lt\u00e4 n\u00e4ytt\u00e4\u00e4 Kirsin kasvihuoneessa. Alkusyksy kuluu muun muassa yrttien ker\u00e4\u00e4misen ja sadonkorjuun merkeiss\u00e4. Uuden saunam\u00f6kin saavuttua Kirsi voi my\u00f6s heitell\u00e4 l\u00f6yly\u00e4 viikonloppuisin.\" loading=\"lazy\" \/>            <\/p>\n<p>\n            T\u00e4lt\u00e4 n\u00e4ytt\u00e4\u00e4 Kirsin kasvihuoneessa. Alkusyksy kuluu muun muassa yrttien ker\u00e4\u00e4misen ja sadonkorjuun merkeiss\u00e4. Uuden saunam\u00f6kin saavuttua Kirsi voi my\u00f6s heitell\u00e4 l\u00f6yly\u00e4 viikonloppuisin.<br \/>\n            Timo Korhonen\n        <\/p>\n<p>Korttipelej\u00e4 tuvassa<\/p>\n<p class=\"article-content article-content-width !bg-background\">Vaikka Kirsi asuu rakennuttamassaan talossa jo kolmatta vuotta, tekeminen ei lopu.<\/p>\n<p class=\"article-content article-content-width !bg-background\">\u2013 Aina t\u00e4\u00e4ll\u00e4 on jotain pienemp\u00e4\u00e4 puuhasteltavaa. T\u00e4ytyisi tehd\u00e4 lis\u00e4katos ulos ja uusi saunam\u00f6kki toimitetaan pian. Vuoden mittaan olen tehnyt ihan \u00e4lytt\u00f6m\u00e4n m\u00e4\u00e4r\u00e4n klapeja; varmaan yli kymmenen kiintokuutiota. Mutta mit\u00e4\u00e4n paniikkia ei ole. On puita, on ruokaa, kanoilla turvallinen ja suojaisa paikka.<\/p>\n<p class=\"article-content article-content-width !bg-background\">Kirsill\u00e4 on j\u00e4\u00e4nyt enemm\u00e4n aikaa sosiaaliseen el\u00e4m\u00e4\u00e4n taloprojektin valmistuttua. H\u00e4n on p\u00e4ivitt\u00e4in tekemisiss\u00e4 naapureidensa kanssa ja h\u00e4nen kavereitaan tulee silloin t\u00e4ll\u00f6in kyl\u00e4\u00e4n.<\/p>\n<p class=\"article-content article-content-width !bg-background\">\u2013\u00a0 Meill\u00e4 on juvalaisten kesken kirves-korttipelirinki. Luonani on ollut kavereita kahdessa p\u00f6yd\u00e4ss\u00e4 pelaamassa kilpaa. Aiemmin pelasin pokeria, nyt pelaan kirvest\u00e4. Siin\u00e4 ei raha liiku, mutta savolaisten kanssa saa v\u00e4\u00e4nt\u00e4\u00e4.<\/p>\n<p>        <a itemprop=\"url\" href=\"https:\/\/www.seiska.fi\/kotimaa\/kirsi-salo-viettaa-paivakausia-nakematta-yhtakaan-ihmista-nain-han-saa-seuraa\/1307525\" rel=\"nofollow noopener\" target=\"_blank\"><\/p>\n<p class=\"section-date\">\n        <strong class=\"article-section\" data-section=\"kotimaa\"><br \/>\n            kotimaa<br \/>\n        <\/strong><br \/>\n        1.4.2024 19:27\n    <\/p>\n<p>    Kirsi Salo viett\u00e4\u00e4 p\u00e4iv\u00e4kausia n\u00e4kem\u00e4tt\u00e4 yht\u00e4k\u00e4\u00e4n ihmist\u00e4 \u2013 n\u00e4in h\u00e4n saa seuraa<\/p>\n<p itemprop=\"description\" class=\"subtitle \">\n    Yksin ekotalossaan viihtyv\u00e4 Kirsi tekee maustekokeiluja omilla yrteill\u00e4\u00e4n ja odottaa jo kovasti kev\u00e4\u00e4n tuloa.\n<\/p>\n<p>        <\/a><\/p>\n<p>                <img decoding=\"async\" src=\"https:\/\/www.europesays.com\/fi\/wp-content\/uploads\/2025\/09\/1925644.webp\" width=\"576\" height=\"720\" alt=\"Kirsi uskoo, ett\u00e4 kaikella on tarkoituksensa. - En tied\u00e4 onko t\u00e4m\u00e4 paikka, jossa tulen viett\u00e4m\u00e4\u00e4n loppuel\u00e4m\u00e4ni, mutta t\u00e4ll\u00e4 hetkell\u00e4 t\u00e4m\u00e4 tuntuu oikealta, h\u00e4n pohtii.\" loading=\"lazy\" \/>            <\/p>\n<p>\n            Kirsi uskoo, ett\u00e4 kaikella on tarkoituksensa. &#8211; En tied\u00e4 onko t\u00e4m\u00e4 paikka, jossa tulen viett\u00e4m\u00e4\u00e4n loppuel\u00e4m\u00e4ni, mutta t\u00e4ll\u00e4 hetkell\u00e4 t\u00e4m\u00e4 tuntuu oikealta, h\u00e4n pohtii.<br \/>\n            Timo Korhonen\n        <\/p>\n","protected":false},"excerpt":{"rendered":"Timo Korhonen Kirsi jakaa kotonaan Juvalla uutisen, josta on toistaiseksi vaiennut. Mets\u00e4n halki kulkeva soratie vie Onnellisten kyl\u00e4\u00e4n&hellip;\n","protected":false},"author":2,"featured_media":38269,"comment_status":"","ping_status":"","sticky":false,"template":"","format":"standard","meta":{"footnotes":""},"categories":[12],"tags":[542,22,23,10573,1762,26,27,33,31,30,17,9835,7462,10372,1233,24,25,28,29,15,10371,10373,18,21,98,32,2086,10574,19,20,16],"class_list":{"0":"post-38268","1":"post","2":"type-post","3":"status-publish","4":"format-standard","5":"has-post-thumbnail","7":"category-suomi","8":"tag-asuminen","9":"tag-breaking-news","10":"tag-breakingnews","11":"tag-ekotalo","12":"tag-farmi-suomi","13":"tag-featured-news","14":"tag-featurednews","15":"tag-fi","16":"tag-finland","17":"tag-finnish","18":"tag-headlines","19":"tag-hyvinvointivalmentaja","20":"tag-juva","21":"tag-kirsi-salo","22":"tag-koti","23":"tag-latest-news","24":"tag-latestnews","25":"tag-main-news","26":"tag-mainnews","27":"tag-news","28":"tag-omavaraisuus","29":"tag-onnellisten-kyla","30":"tag-otsikot","31":"tag-paauutiset","32":"tag-perhe","33":"tag-suomi","34":"tag-suru","35":"tag-suruaika","36":"tag-top-stories","37":"tag-topstories","38":"tag-uutiset"},"share_on_mastodon":{"url":"","error":""},"_links":{"self":[{"href":"https:\/\/www.europesays.com\/fi\/wp-json\/wp\/v2\/posts\/38268","targetHints":{"allow":["GET"]}}],"collection":[{"href":"https:\/\/www.europesays.com\/fi\/wp-json\/wp\/v2\/posts"}],"about":[{"href":"https:\/\/www.europesays.com\/fi\/wp-json\/wp\/v2\/types\/post"}],"author":[{"embeddable":true,"href":"https:\/\/www.europesays.com\/fi\/wp-json\/wp\/v2\/users\/2"}],"replies":[{"embeddable":true,"href":"https:\/\/www.europesays.com\/fi\/wp-json\/wp\/v2\/comments?post=38268"}],"version-history":[{"count":0,"href":"https:\/\/www.europesays.com\/fi\/wp-json\/wp\/v2\/posts\/38268\/revisions"}],"wp:featuredmedia":[{"embeddable":true,"href":"https:\/\/www.europesays.com\/fi\/wp-json\/wp\/v2\/media\/38269"}],"wp:attachment":[{"href":"https:\/\/www.europesays.com\/fi\/wp-json\/wp\/v2\/media?parent=38268"}],"wp:term":[{"taxonomy":"category","embeddable":true,"href":"https:\/\/www.europesays.com\/fi\/wp-json\/wp\/v2\/categories?post=38268"},{"taxonomy":"post_tag","embeddable":true,"href":"https:\/\/www.europesays.com\/fi\/wp-json\/wp\/v2\/tags?post=38268"}],"curies":[{"name":"wp","href":"https:\/\/api.w.org\/{rel}","templated":true}]}}