{"id":38299,"date":"2025-09-18T06:07:10","date_gmt":"2025-09-18T06:07:10","guid":{"rendered":"https:\/\/www.europesays.com\/fi\/38299\/"},"modified":"2025-09-18T06:07:10","modified_gmt":"2025-09-18T06:07:10","slug":"louhi-on-suojelija-soturi-ja-aiti-arviossa-emmi-itarannan-lumenlaulaja","status":"publish","type":"post","link":"https:\/\/www.europesays.com\/fi\/38299\/","title":{"rendered":"Louhi on suojelija, soturi ja \u00e4iti \u2013 arviossa Emmi It\u00e4rannan Lumenlaulaja"},"content":{"rendered":"<p class=\"p1\">It\u00e4ranta johdattaa Louhen seuraamaan Elias L\u00f6nnrotin vaiheita ja antaa t\u00e4m\u00e4n kertoa kansalliseepoksen ker\u00e4\u00e4j\u00e4lle el\u00e4m\u00e4st\u00e4\u00e4n. Elias saa kuulla sen, mit\u00e4 Kalevalassa on j\u00e4\u00e4nyt kertomatta. <\/p>\n<p class=\"p1\">Ratkaisu on rakenteellisesti ja my\u00f6s tarinallisesti kiinnostava ja saa lukijan miettim\u00e4\u00e4n, mik\u00e4 Kalevala oikein on: se on s\u00e4ilyneist\u00e4 runoista ja mytologioista kehitetty kokoelma ja sepitett\u00e4 niin kuin toki on my\u00f6s It\u00e4rannan luoma Louhen tarina. <\/p>\n<p class=\"p1\">It\u00e4ranta on perehtynyt kirjaa kirjoittaessaan laajasti suomalaiseen ja pohjoismaiseen mytologiaan, samanismiin ja muinaisuskoon, joten Pohjolan em\u00e4nt\u00e4 ja valtias Louhi on saanut hyvin uskottavia piirteit\u00e4. <\/p>\n<p class=\"p1\" style=\"text-align: center;\">* *<\/p>\n<p class=\"p1\">Louhi syntyi Lauhana naisten hallitsemaan Pohjolaan. \u00c4iti, t\u00e4dit ja sisaret tunsivat taiat ja osasivat ottaa itselleen loitsuhahmon ja muuntautua halutessaan el\u00e4imeksi. \u00c4iti oli voimakas karhu, ja Lauha saattoi liit\u00e4\u00e4 taivaalla kotkan hahmossa. Rauhallinen elo muuttui, kun vieras heimo, kirveenkantajat hy\u00f6kk\u00e4siv\u00e4t Pohjolaan ja tappoivat ja raiskasivat t\u00e4dit ja vanhemmat sisaret, my\u00f6s Pohjolan asukkaiden palvoman Synnytt\u00e4ren. <\/p>\n<p class=\"p1\">\u00c4iti johdatti Lauhan ja kaksi pient\u00e4 sisarta ensin pakoon piilopaikkaan l\u00e4helle Tuonen virtaa ja j\u00e4tti Lauhan my\u00f6hemmin mets\u00e4npeittoon tiet\u00e4j\u00e4naisten yhteis\u00f6\u00f6n. Mets\u00e4npeitossa Lauhasta tulee Louhi ja h\u00e4n oppii k\u00e4ytt\u00e4m\u00e4\u00e4n omia taikavoimiaan niin, ett\u00e4 h\u00e4n onnistuu lopulta valtaamaan Pohjolan takaisin vierailta tunkeilijoilta.<\/p>\n<p class=\"p1\" style=\"text-align: center;\">* *<\/p>\n<p class=\"p1\">Kalevanmaan miehet eiv\u00e4t j\u00e4t\u00e4 Pohjolaa rauhaan, vaan himoitsevat ennen kaikkea Louhen synnytt\u00e4mi\u00e4 Pohjolan tytt\u00e4ri\u00e4, Iltaa ja Aamua. Louhi koettelee miehi\u00e4 ja saa heid\u00e4t tekem\u00e4\u00e4n urot\u00f6it\u00e4, mutta tytt\u00e4ri\u00e4\u00e4n h\u00e4n ei miehille anna, ei edes sammon takoneelle sepp\u00e4 Ilmariselle. Ilta l\u00e4htee vasta my\u00f6hemmin vapaaehtoisesti Ilmarisen matkaan.<\/p>\n<p class=\"p1\">Sampo jauhaa Pohjolalle rikkautta ja hyvinvointia, mutta Kalevanmaassa n\u00e4hd\u00e4\u00e4n n\u00e4lk\u00e4\u00e4. Niinp\u00e4 ry\u00f6st\u00e4j\u00e4t tulevat ja viev\u00e4t sammon, he viev\u00e4t my\u00f6s toisen tytt\u00e4ren Aamun ja Ilmarinen loitsuaa t\u00e4m\u00e4n lent\u00e4m\u00e4\u00e4n lokiksi taivaalle. <\/p>\n<p class=\"p1\">Aamun pelastamisesta tulee teht\u00e4v\u00e4, johon tarvitaan kaikki taikavoimat, eiv\u00e4tk\u00e4 nek\u00e4\u00e4n tunnu riitt\u00e4v\u00e4n. T\u00e4ss\u00e4 pelastusty\u00f6ss\u00e4 Louhi, mahtava valtias, on se, mik\u00e4 h\u00e4n pohjimmiltaan on: oman lapsensa suojelija ja \u00e4iti. H\u00e4n ei ole en\u00e4\u00e4 yksin\u00e4inen soturi, joka taistelee pelotta vihollisia vastaan. T\u00e4m\u00e4 taistelu paljastaa Louhelle my\u00f6s oman vajavaisuutensa ja omat virheens\u00e4.<\/p>\n<p class=\"p1\">Lopullisen taiston Louhi k\u00e4y vasta Eliaksen kanssa. Vaikka Louhi laulaisi taivaan repe\u00e4m\u00e4\u00e4n kappaleiksi, j\u00e4rvet l\u00e4ikkym\u00e4\u00e4n ja maan j\u00e4risem\u00e4\u00e4n, yh\u00e4 vain kaikki kuulevat vain Eliaksen sanat. Louhi kysyy Eliakselta:<\/p>\n<blockquote>\n<p class=\"p1\">\u201dOliko t\u00e4m\u00e4 kamppailu sinun mittapuullasi reilu?\u201d<\/p>\n<\/blockquote>\n<p class=\"p1\" style=\"text-align: center;\">* *<\/p>\n<p class=\"p1\">It\u00e4rannan Lumenlaulaja on hienoa pohjoismaisesta mytologiasta ja kansanrunoudesta kumpuavaa fantasiaa. <\/p>\n<p class=\"p1\">It\u00e4rannan tapa kirjoittaa vieh\u00e4tti minua jo Teemestarin kirjassa, ja my\u00f6s Lumenlaulaja on nautittavaa, runollista suomen kielt\u00e4, jota lukee mielikseen.<\/p>\n<p class=\"p1\" style=\"text-align: right;\">Marjatta Honkasalo<\/p>\n<p style=\"text-align: center;\">* *<\/p>\n<p>\u2666\ufe0f\u00a0PIENI TUKI, ISO APU\u00a0\u2666\ufe0f<\/p>\n<p class=\"x_MsoNormal x_ContentPasted0\"><strong>Tilaatko joskus kirjan tai \u00e4\u00e4nikirjan verkosta? L\u00f6yd\u00e4t ostoslinkkej\u00e4 jokaisesta Kulttuuritoimituksen kirjakritiikist\u00e4. Niist\u00e4 tehdyist\u00e4 ostoksista Kulttuuritoimitus saa pienen siivun, joka auttaa yll\u00e4pit\u00e4m\u00e4\u00e4n sivustoa.\u00a0<\/strong><\/p>\n","protected":false},"excerpt":{"rendered":"It\u00e4ranta johdattaa Louhen seuraamaan Elias L\u00f6nnrotin vaiheita ja antaa t\u00e4m\u00e4n kertoa kansalliseepoksen ker\u00e4\u00e4j\u00e4lle el\u00e4m\u00e4st\u00e4\u00e4n. Elias saa kuulla sen,&hellip;\n","protected":false},"author":2,"featured_media":38300,"comment_status":"","ping_status":"","sticky":false,"template":"","format":"standard","meta":{"footnotes":""},"categories":[134],"tags":[377,10576,137,33,31,30,10577,378,10578,386,32,109],"class_list":{"0":"post-38299","1":"post","2":"type-post","3":"status-publish","4":"format-standard","5":"has-post-thumbnail","7":"category-kirjat","8":"tag-books","9":"tag-emmi-itaranta","10":"tag-entertainment","11":"tag-fi","12":"tag-finland","13":"tag-finnish","14":"tag-kalevala","15":"tag-kirjat","16":"tag-lumenlaulaja","17":"tag-romaani","18":"tag-suomi","19":"tag-viihde"},"share_on_mastodon":{"url":"","error":""},"_links":{"self":[{"href":"https:\/\/www.europesays.com\/fi\/wp-json\/wp\/v2\/posts\/38299","targetHints":{"allow":["GET"]}}],"collection":[{"href":"https:\/\/www.europesays.com\/fi\/wp-json\/wp\/v2\/posts"}],"about":[{"href":"https:\/\/www.europesays.com\/fi\/wp-json\/wp\/v2\/types\/post"}],"author":[{"embeddable":true,"href":"https:\/\/www.europesays.com\/fi\/wp-json\/wp\/v2\/users\/2"}],"replies":[{"embeddable":true,"href":"https:\/\/www.europesays.com\/fi\/wp-json\/wp\/v2\/comments?post=38299"}],"version-history":[{"count":0,"href":"https:\/\/www.europesays.com\/fi\/wp-json\/wp\/v2\/posts\/38299\/revisions"}],"wp:featuredmedia":[{"embeddable":true,"href":"https:\/\/www.europesays.com\/fi\/wp-json\/wp\/v2\/media\/38300"}],"wp:attachment":[{"href":"https:\/\/www.europesays.com\/fi\/wp-json\/wp\/v2\/media?parent=38299"}],"wp:term":[{"taxonomy":"category","embeddable":true,"href":"https:\/\/www.europesays.com\/fi\/wp-json\/wp\/v2\/categories?post=38299"},{"taxonomy":"post_tag","embeddable":true,"href":"https:\/\/www.europesays.com\/fi\/wp-json\/wp\/v2\/tags?post=38299"}],"curies":[{"name":"wp","href":"https:\/\/api.w.org\/{rel}","templated":true}]}}