{"id":38456,"date":"2025-09-18T09:18:08","date_gmt":"2025-09-18T09:18:08","guid":{"rendered":"https:\/\/www.europesays.com\/fi\/38456\/"},"modified":"2025-09-18T09:18:08","modified_gmt":"2025-09-18T09:18:08","slug":"pohde-aloittanut-laajat-yt-neuvottelut-perhekeskuspalveluissa-2","status":"publish","type":"post","link":"https:\/\/www.europesays.com\/fi\/38456\/","title":{"rendered":"Pohde aloittanut laajat yt-neuvottelut perhekeskuspalveluissa"},"content":{"rendered":"<p> <img decoding=\"async\" class=\"responsive-image article__image-image lozad\"   src=\"https:\/\/www.europesays.com\/fi\/wp-content\/uploads\/2025\/09\/1758187088_353_oNalEwK3b__-ydsxlv1bCwpzrCbXynhzWQZ0aq7LcVWphUVkyVFA1kvBw5_0XAl9YBjG_IuJVVfdwQW2YU08fvmRUOdNbo-1oant.jpeg\" alt=\"Pohteen aloittamat yhteistoimintaneuvottelut koskevat my\u00f6s neuvolatoimintaa.\"\/><\/p>\n<p>\n Pohteen aloittamat yhteistoimintaneuvottelut koskevat my\u00f6s neuvolatoimintaa.\n <\/p>\n<p>\n Kuva: Mikko Halvari\n <\/p>\n<p class=\"article__paragraph\">\n Pohjois-Pohjanmaan hyvinvointialue on aloittanut laajat yhteistoimintaneuvottelut, jotka koskevat perhekeskuspalvelujen muutossuunnitelmia.\n <\/p>\n<p class=\"article__paragraph\">\n Irtisanomisperusteisen teht\u00e4v\u00e4muutoksen kohteena on jopa 480 henkil\u00f6\u00e4.<\/p>\n","protected":false},"excerpt":{"rendered":"Pohteen aloittamat yhteistoimintaneuvottelut koskevat my\u00f6s neuvolatoimintaa. Kuva: Mikko Halvari Pohjois-Pohjanmaan hyvinvointialue on aloittanut laajat yhteistoimintaneuvottelut, jotka koskevat perhekeskuspalvelujen&hellip;\n","protected":false},"author":2,"featured_media":38457,"comment_status":"","ping_status":"","sticky":false,"template":"","format":"standard","meta":{"footnotes":""},"categories":[76],"tags":[79,77,33,31,30,32,78],"class_list":{"0":"post-38456","1":"post","2":"type-post","3":"status-publish","4":"format-standard","5":"has-post-thumbnail","7":"category-talous","8":"tag-business","9":"tag-economy","10":"tag-fi","11":"tag-finland","12":"tag-finnish","13":"tag-suomi","14":"tag-talous"},"share_on_mastodon":{"url":"","error":""},"_links":{"self":[{"href":"https:\/\/www.europesays.com\/fi\/wp-json\/wp\/v2\/posts\/38456","targetHints":{"allow":["GET"]}}],"collection":[{"href":"https:\/\/www.europesays.com\/fi\/wp-json\/wp\/v2\/posts"}],"about":[{"href":"https:\/\/www.europesays.com\/fi\/wp-json\/wp\/v2\/types\/post"}],"author":[{"embeddable":true,"href":"https:\/\/www.europesays.com\/fi\/wp-json\/wp\/v2\/users\/2"}],"replies":[{"embeddable":true,"href":"https:\/\/www.europesays.com\/fi\/wp-json\/wp\/v2\/comments?post=38456"}],"version-history":[{"count":0,"href":"https:\/\/www.europesays.com\/fi\/wp-json\/wp\/v2\/posts\/38456\/revisions"}],"wp:featuredmedia":[{"embeddable":true,"href":"https:\/\/www.europesays.com\/fi\/wp-json\/wp\/v2\/media\/38457"}],"wp:attachment":[{"href":"https:\/\/www.europesays.com\/fi\/wp-json\/wp\/v2\/media?parent=38456"}],"wp:term":[{"taxonomy":"category","embeddable":true,"href":"https:\/\/www.europesays.com\/fi\/wp-json\/wp\/v2\/categories?post=38456"},{"taxonomy":"post_tag","embeddable":true,"href":"https:\/\/www.europesays.com\/fi\/wp-json\/wp\/v2\/tags?post=38456"}],"curies":[{"name":"wp","href":"https:\/\/api.w.org\/{rel}","templated":true}]}}