{"id":38493,"date":"2025-09-18T10:11:08","date_gmt":"2025-09-18T10:11:08","guid":{"rendered":"https:\/\/www.europesays.com\/fi\/38493\/"},"modified":"2025-09-18T10:11:08","modified_gmt":"2025-09-18T10:11:08","slug":"tanska-teki-rajun-kaanteen-venaja-pillastui","status":"publish","type":"post","link":"https:\/\/www.europesays.com\/fi\/38493\/","title":{"rendered":"Tanska teki rajun k\u00e4\u00e4nteen \u2013 Ven\u00e4j\u00e4 pillastui"},"content":{"rendered":"<p>Tanska hankkii pitk\u00e4n kantaman aseita. <\/p>\n<p><img decoding=\"async\" class=\"image image-show image-preview\" src=\"https:\/\/www.europesays.com\/fi\/wp-content\/uploads\/2025\/09\/e2e9d88f19786ba53cb9019c3a310deddfcae12c7ed52232b7ba7133fc088d0f.jpg\" alt=\"\"\/><img decoding=\"async\" class=\"image image-show\" src=\"https:\/\/www.europesays.com\/fi\/wp-content\/uploads\/2025\/09\/1758190268_499_e2e9d88f19786ba53cb9019c3a310deddfcae12c7ed52232b7ba7133fc088d0f.jpg\" alt=\"\"\/><\/p>\n<p>Tanskan p\u00e4\u00e4ministeri Mette Fredriksenin mukaan kyse on paradigman muutoksesta.  Liselotte Sabroe, EPA\/AOP<\/p>\n<p class=\"paragraph\">Tanska aikoo ostaa ensimm\u00e4ist\u00e4 kertaa pitk\u00e4n kantaman tarkkuusaseita. Asiasta kertoi maan p\u00e4\u00e4ministeri <a href=\"https:\/\/www.iltalehti.fi\/henkilot\/Mette Frederiksen\" class=\"article-link-person-page\" rel=\"nofollow noopener\" target=\"_blank\">Mette Frederiksen<\/a>.<\/p>\n<p class=\"paragraph\">Frederiksenin mukaan kyseess\u00e4 on \u201dparadigmanmuutos\u201d tanskalaisessa puolustuspolitiikassa. H\u00e4n kommentoi k\u00e4\u00e4nnett\u00e4 keskiviikkona <a href=\"https:\/\/www.reuters.com\/world\/denmark-buy-long-range-precision-weapons-counter-russian-threat-2025-09-17\/\" target=\"_blank\" rel=\"noopener nofollow\">Reutersin<\/a> mukaan.<\/p>\n<p class=\"paragraph\">\u2013 Ei ole ep\u00e4ilyst\u00e4k\u00e4\u00e4n siit\u00e4, ett\u00e4 Ven\u00e4j\u00e4 tulee olemaan uhka Euroopalle ja Tanskalle vuosien ajan.<\/p>\n<p class=\"paragraph\">Tanskan puolustusministeri <strong>Troels Lund Poulsenin<\/strong> mukaan Tanska suunnittelee droonien ja ohjusten ostamista, jollaisia muilla Nato-mailla jo on. Ministeri\u00f6 tutkii nyt, millaiset aseet t\u00e4ytt\u00e4v\u00e4t Tanskan tarpeet parhaiten. H\u00e4n ei kertonut tarkempia tietoja suunnitelluista hankinnoista.<\/p>\n<p class=\"paragraph\">Frederiksenin mukaan pitk\u00e4n kantaman tarkkuusaseiden ostamisella tavoitellaan uskottavan pelotteen saavuttamista. Tanskan asevoimille tulee valmius osua hyvin kaukana oleviin kohteisiin ja pysty\u00e4 neutralisoimaan esimerkiksi vihollisen ohjusten aiheuttama uhka, kertoo saksalaislehti <a href=\"https:\/\/www.spiegel.de\/ausland\/daenemark-kauft-langstrecken-praezisionswaffen-russland-spricht-von-wahnsinn-a-43d74f8e-81c8-4f4a-8cd2-88de102633d0\" target=\"_blank\" rel=\"noopener nofollow\">Spiegel<\/a>.<\/p>\n<p class=\"paragraph\">Tanskan turvallisuuspalvelun mukaan Tanskaan ei kuitenkaan kohdistu suoraa hy\u00f6kk\u00e4yksen uhkaa, vaikka Ven\u00e4j\u00e4 aiheuttaakin Natolle todellisen uhkan.<\/p>\n<p>Ven\u00e4j\u00e4: T\u00e4m\u00e4 on uhkaus<\/p>\n<p class=\"paragraph\">Ven\u00e4j\u00e4n Tanskan-suurl\u00e4hettil\u00e4s <strong>Vladimir Barbin<\/strong> v\u00e4itt\u00e4\u00e4 Telegramissa Spiegelin mukaan, ett\u00e4 Tanska uhkaa Ven\u00e4j\u00e4\u00e4.<\/p>\n<p class=\"paragraph\">Barbinin mukaan \u201dVen\u00e4j\u00e4n pit\u00e4\u00e4 l\u00e4hte\u00e4 siit\u00e4, ett\u00e4 Tanska ei ainoastaan pid\u00e4 suoraa sotilaallista yhteenottoa Ven\u00e4j\u00e4n kanssa mahdollisena, vaan my\u00f6s valmistautuu t\u00e4h\u00e4n skenaarioon\u201d. H\u00e4nen mukaansa Tanskan suunnitelmat ovat \u201dt\u00e4ysin j\u00e4rjett\u00f6m\u00e4t\u201d.<\/p>\n<p class=\"paragraph\">\u2013 Kukaan, koskaan, min\u00e4\u00e4n aikana, ei ole koskaan keksinyt uhata julkisesti ydinasevaltaa. N\u00e4m\u00e4 lausunnot tullaan ep\u00e4ilem\u00e4tt\u00e4 ottamaan huomioon.<\/p>\n<p class=\"paragraph\">Frederiksen pit\u00e4\u00e4 Barbinin lausuntoja uhkauksena Tanskaa kohtaan.<\/p>\n<p class=\"paragraph\">\u2013 Ven\u00e4j\u00e4 yritt\u00e4\u00e4 pelotella Eurooppaa ja Natoa, jotta kansaamme ja rajojamme ei puolustettaisi. Tietenk\u00e4\u00e4n emme anna Ven\u00e4j\u00e4n pelotella meit\u00e4.<\/p>\n<p class=\"paragraph\">Tanska on kasvattanut Ven\u00e4j\u00e4n vuonna 2022 aloittaman hy\u00f6kk\u00e4yssodan j\u00e4lkeen merkitt\u00e4v\u00e4sti puolustusmenojaan. Viime viikolla Tanska ilmoitti ostavansa eurooppalaiselta valmistajalta ilmatorjuntaj\u00e4rjestelmi\u00e4 l\u00e4hes 7,8 miljardin euron arvosta.<\/p>\n","protected":false},"excerpt":{"rendered":"Tanska hankkii pitk\u00e4n kantaman aseita. Tanskan p\u00e4\u00e4ministeri Mette Fredriksenin mukaan kyse on paradigman muutoksesta. Liselotte Sabroe, EPA\/AOP Tanska&hellip;\n","protected":false},"author":2,"featured_media":38494,"comment_status":"","ping_status":"","sticky":false,"template":"","format":"standard","meta":{"footnotes":""},"categories":[14],"tags":[35,22,23,26,27,33,31,30,17,24,25,803,28,29,15,18,21,637,878,2535,32,19,20,2534,56,16,59,60,61],"class_list":{"0":"post-38493","1":"post","2":"type-post","3":"status-publish","4":"format-standard","5":"has-post-thumbnail","7":"category-ulkomaat","8":"tag-24h","9":"tag-breaking-news","10":"tag-breakingnews","11":"tag-featured-news","12":"tag-featurednews","13":"tag-fi","14":"tag-finland","15":"tag-finnish","16":"tag-headlines","17":"tag-latest-news","18":"tag-latestnews","19":"tag-levottomuudet-ja-sodat","20":"tag-main-news","21":"tag-mainnews","22":"tag-news","23":"tag-otsikot","24":"tag-paauutiset","25":"tag-politiikka","26":"tag-puolustus-ja-rajavalvonta-maanpuolustus","27":"tag-puolustuspolitiikka","28":"tag-suomi","29":"tag-top-stories","30":"tag-topstories","31":"tag-turvallisuuspolitiikka","32":"tag-ulkomaat","33":"tag-uutiset","34":"tag-world","35":"tag-world-news","36":"tag-worldnews"},"share_on_mastodon":{"url":"","error":""},"_links":{"self":[{"href":"https:\/\/www.europesays.com\/fi\/wp-json\/wp\/v2\/posts\/38493","targetHints":{"allow":["GET"]}}],"collection":[{"href":"https:\/\/www.europesays.com\/fi\/wp-json\/wp\/v2\/posts"}],"about":[{"href":"https:\/\/www.europesays.com\/fi\/wp-json\/wp\/v2\/types\/post"}],"author":[{"embeddable":true,"href":"https:\/\/www.europesays.com\/fi\/wp-json\/wp\/v2\/users\/2"}],"replies":[{"embeddable":true,"href":"https:\/\/www.europesays.com\/fi\/wp-json\/wp\/v2\/comments?post=38493"}],"version-history":[{"count":0,"href":"https:\/\/www.europesays.com\/fi\/wp-json\/wp\/v2\/posts\/38493\/revisions"}],"wp:featuredmedia":[{"embeddable":true,"href":"https:\/\/www.europesays.com\/fi\/wp-json\/wp\/v2\/media\/38494"}],"wp:attachment":[{"href":"https:\/\/www.europesays.com\/fi\/wp-json\/wp\/v2\/media?parent=38493"}],"wp:term":[{"taxonomy":"category","embeddable":true,"href":"https:\/\/www.europesays.com\/fi\/wp-json\/wp\/v2\/categories?post=38493"},{"taxonomy":"post_tag","embeddable":true,"href":"https:\/\/www.europesays.com\/fi\/wp-json\/wp\/v2\/tags?post=38493"}],"curies":[{"name":"wp","href":"https:\/\/api.w.org\/{rel}","templated":true}]}}