{"id":38500,"date":"2025-09-18T10:24:10","date_gmt":"2025-09-18T10:24:10","guid":{"rendered":"https:\/\/www.europesays.com\/fi\/38500\/"},"modified":"2025-09-18T10:24:10","modified_gmt":"2025-09-18T10:24:10","slug":"kokeilin-puolukkapaikoille-opastavaa-sovellusta-marjasaalis-oli-yllattavan-hyva-metsa","status":"publish","type":"post","link":"https:\/\/www.europesays.com\/fi\/38500\/","title":{"rendered":"Kokeilin puolukkapaikoille opastavaa sovellusta \u2013 marjasaalis oli yll\u00e4tt\u00e4v\u00e4n hyv\u00e4 &#8211; Mets\u00e4"},"content":{"rendered":"<p>Marjamets\u00e4ll\u00e4 voi koittaa hy\u00f6dynt\u00e4\u00e4 sovellusta. Kaikkia vinkkej\u00e4 ei kannata noudattaa.<\/p>\n<p><a class=\"ArticleImage_imageContainer__e0EST\" href=\"https:\/\/www.europesays.com\/fi\/wp-content\/uploads\/2025\/09\/8JZyXA9fS18_mmqKrL_B6VL2C-w.jpg\"><img decoding=\"async\" src=\"https:\/\/www.europesays.com\/fi\/wp-content\/uploads\/2025\/09\/8JZyXA9fS18_mmqKrL_B6VL2C-w.jpg\" alt=\"Puolukkapaikkoja voi etsi\u00e4 karttasovelluksen avulla.\" loading=\"lazy\"\/><\/a><\/p>\n<p>Puolukkapaikkoja voi etsi\u00e4 karttasovelluksen avulla.\u00a0Kuva: Jarkko Sirki\u00e4<\/p>\n<p class=\"RichTextParagraph_richTextParagraph__Wxs3t undefined\">K\u00e4vin viikonloppuna puolukassa. Into p\u00e4\u00e4st\u00e4 marjastamaan oli kova, mutta en tied\u00e4 Uudeltamaalta yht\u00e4k\u00e4\u00e4n puolukkapaikkaa. Parhaat apajat olen l\u00f6yt\u00e4nyt ty\u00f6matkalla Kiteelt\u00e4.<\/p>\n<p class=\"RichTextParagraph_richTextParagraph__Wxs3t undefined\">P\u00e4\u00e4tin kokeilla Karttaselaimen puolukkakarttaa, koska sovellus l\u00f6ytyi ahkerasti retkeilev\u00e4n marjastuskaverini puhelimesta jo valmiiksi. Toinen vaihtoehto marjamets\u00e4lle voisi olla Satokausi-sovellus.<\/p>\n<p class=\"RichTextParagraph_richTextParagraph__Wxs3t undefined\">Karttaselain hy\u00f6dynt\u00e4\u00e4 muun muassa Luonnonvarakeskuksen ja Maanmittauslaitoksen tarjoamaa paikkatietoa. Sovellus etsii puolukalle tyypilliset kasvualueet, jotka erottuvat kartassa punaisina neli\u00f6in\u00e4.<\/p>\n<p class=\"RichTextParagraph_richTextParagraph__Wxs3t undefined\">Mets\u00e4nhoitajan mieless\u00e4 puolukan tyypillinen kasvualue tarkoittaa kuivaa tai kuivahkoa kangasta, jolla kasvaa varttunutta m\u00e4nty\u00e4 ja pohjakerroksessa puolukan ohella j\u00e4k\u00e4l\u00e4\u00e4 ja kanervaa.<\/p>\n<p class=\"RichTextParagraph_richTextParagraph__Wxs3t undefined\">Ajoimme sovelluksen johdattamana lupaavalta vaikuttavan pikkutien varteen ja l\u00e4hdimme k\u00e4velem\u00e4\u00e4n. Ensimm\u00e4iset otollisiksi v\u00e4itetyt marjapaikat olivat m\u00e4ntytaimikossa. Ep\u00e4ilin, ett\u00e4 sielt\u00e4 ei kyll\u00e4 puolukkaa l\u00f6ydy, joten matka jatkui.<\/p>\n<p><a class=\"ArticleImage_imageContainer__e0EST\" href=\"https:\/\/www.europesays.com\/fi\/wp-content\/uploads\/2025\/09\/T0D8q03Jslv2HM4MmczEYFuuxik.jpg\"><img decoding=\"async\" src=\"https:\/\/www.europesays.com\/fi\/wp-content\/uploads\/2025\/09\/T0D8q03Jslv2HM4MmczEYFuuxik.jpg\" alt=\"Otollinen puolukkamets\u00e4 n\u00e4ytt\u00e4\u00e4 esimerkiksi t\u00e4lt\u00e4.\" loading=\"lazy\"\/><\/a><\/p>\n<p>Otollinen puolukkamets\u00e4 n\u00e4ytt\u00e4\u00e4 esimerkiksi t\u00e4lt\u00e4.\u00a0Kuva: Jaana Kankaanp\u00e4\u00e4<\/p>\n<p><a class=\"ArticleImage_imageContainer__e0EST\" href=\"https:\/\/www.europesays.com\/fi\/wp-content\/uploads\/2025\/09\/theyjEKnqoJH8YW1x5bJp8yIbf4.jpg\"><img decoding=\"async\" src=\"https:\/\/www.europesays.com\/fi\/wp-content\/uploads\/2025\/09\/theyjEKnqoJH8YW1x5bJp8yIbf4.jpg\" alt=\"Pienen etsinn\u00e4n j\u00e4lkeen l\u00f6ytyi erinomainen puolukkapaikka.\" loading=\"lazy\"\/><\/a><\/p>\n<p>Pienen etsinn\u00e4n j\u00e4lkeen l\u00f6ytyi erinomainen puolukkapaikka.\u00a0Kuva: Sanne Katainen<\/p>\n<p class=\"RichTextParagraph_richTextParagraph__Wxs3t undefined\">Noin 50\u201360-vuotiaan m\u00e4nnik\u00f6n alla maassa n\u00e4kyi punaisia pilkahduksia. Puolukoita!<\/p>\n<p class=\"RichTextParagraph_richTextParagraph__Wxs3t undefined\">Ensimm\u00e4iselt\u00e4 kohteelta marjoja kyll\u00e4 l\u00f6ytyi, mutta suurin osa oli viel\u00e4 raakoja. P\u00e4\u00e4timme yritt\u00e4\u00e4 viel\u00e4 tien toiselta puolelta pienen m\u00e4en p\u00e4\u00e4lt\u00e4, ja siell\u00e4h\u00e4n ne parhaat marja-apajat olivat.<\/p>\n<p class=\"RichTextParagraph_richTextParagraph__Wxs3t undefined\">Tunnista saalista kertyi viitisen litraa. Mustikanvarpujakin paikassa oli, mutta ne olivat jo parhaat p\u00e4iv\u00e4ns\u00e4 n\u00e4hneet. Ehk\u00e4 sitten ensi vuonna.<\/p>\n<p class=\"RichTextParagraph_richTextParagraph__Wxs3t undefined\">Kokemus marjakartasta oli lopulta varsin onnistunut. Koska sovellus etsii tyypilliset puolukan kasvualueet, ei kaikkia ehdotuksia kannata noudattaa. Yleens\u00e4 kokenut marjastaja osaa tunnistaa potentiaaliset marjapaikat paremmin itse.<\/p>\n<p class=\"RichTextParagraph_richTextParagraph__Wxs3t undefined\">Uusien paikkojen l\u00f6yt\u00e4miseen tai vieraalla paikkakunnalla marjastamiseen sovellus on kuitenkin mainio. Kun ei ole mit\u00e4\u00e4n osviittaa siit\u00e4, mist\u00e4 marjoja voisi l\u00f6yt\u00e4\u00e4, sovellus osaa ohjata oikeaan suuntaan.<\/p>\n","protected":false},"excerpt":{"rendered":"Marjamets\u00e4ll\u00e4 voi koittaa hy\u00f6dynt\u00e4\u00e4 sovellusta. Kaikkia vinkkej\u00e4 ei kannata noudattaa. Puolukkapaikkoja voi etsi\u00e4 karttasovelluksen avulla.\u00a0Kuva: Jarkko Sirki\u00e4 K\u00e4vin&hellip;\n","protected":false},"author":2,"featured_media":38501,"comment_status":"","ping_status":"","sticky":false,"template":"","format":"standard","meta":{"footnotes":""},"categories":[85],"tags":[33,31,30,419,418,32,91,92],"class_list":{"0":"post-38500","1":"post","2":"type-post","3":"status-publish","4":"format-standard","5":"has-post-thumbnail","7":"category-mobiili","8":"tag-fi","9":"tag-finland","10":"tag-finnish","11":"tag-mobiili","12":"tag-mobile","13":"tag-suomi","14":"tag-technology","15":"tag-teknologia"},"share_on_mastodon":{"url":"","error":""},"_links":{"self":[{"href":"https:\/\/www.europesays.com\/fi\/wp-json\/wp\/v2\/posts\/38500","targetHints":{"allow":["GET"]}}],"collection":[{"href":"https:\/\/www.europesays.com\/fi\/wp-json\/wp\/v2\/posts"}],"about":[{"href":"https:\/\/www.europesays.com\/fi\/wp-json\/wp\/v2\/types\/post"}],"author":[{"embeddable":true,"href":"https:\/\/www.europesays.com\/fi\/wp-json\/wp\/v2\/users\/2"}],"replies":[{"embeddable":true,"href":"https:\/\/www.europesays.com\/fi\/wp-json\/wp\/v2\/comments?post=38500"}],"version-history":[{"count":0,"href":"https:\/\/www.europesays.com\/fi\/wp-json\/wp\/v2\/posts\/38500\/revisions"}],"wp:featuredmedia":[{"embeddable":true,"href":"https:\/\/www.europesays.com\/fi\/wp-json\/wp\/v2\/media\/38501"}],"wp:attachment":[{"href":"https:\/\/www.europesays.com\/fi\/wp-json\/wp\/v2\/media?parent=38500"}],"wp:term":[{"taxonomy":"category","embeddable":true,"href":"https:\/\/www.europesays.com\/fi\/wp-json\/wp\/v2\/categories?post=38500"},{"taxonomy":"post_tag","embeddable":true,"href":"https:\/\/www.europesays.com\/fi\/wp-json\/wp\/v2\/tags?post=38500"}],"curies":[{"name":"wp","href":"https:\/\/api.w.org\/{rel}","templated":true}]}}