{"id":38721,"date":"2025-09-18T15:39:06","date_gmt":"2025-09-18T15:39:06","guid":{"rendered":"https:\/\/www.europesays.com\/fi\/38721\/"},"modified":"2025-09-18T15:39:06","modified_gmt":"2025-09-18T15:39:06","slug":"jaala-areena-on-ehdolla-valtakunnallisen-arkkitehtuuripalkinnon-saajaksi-paikalliset","status":"publish","type":"post","link":"https:\/\/www.europesays.com\/fi\/38721\/","title":{"rendered":"Jaala Areena on ehdolla valtakunnallisen arkkitehtuuripalkinnon saajaksi | Paikalliset"},"content":{"rendered":"<p>Jaala Areena on ehdolla t\u00e4m\u00e4n vuoden Puupalkinnon saajaksi. Ehdokkaita valtakunnallisessa kilpailussa on yhteens\u00e4 12.<\/p>\n<p>Palkinto my\u00f6nnet\u00e4\u00e4n rakennukselle, sisustukselle tai rakenteelle, joka edustaa korkealaatuista, suomalaista puuarkkitehtuuria tai jossa puuta on k\u00e4ytetty rakennustekniikkaa edist\u00e4v\u00e4ll\u00e4 tavalla.<\/p>\n<p>Jaala Areena valmistui toukokuussa 2025 Liikasenm\u00e4elle Jaalaan. Se rakennettiin vanhan kes\u00e4teatterin paikalle.<\/p>\n<p>Kilpailun esittelytekstiss\u00e4 siit\u00e4 mainitaan, ett\u00e4 hankkeen lopputulos on upea osoitus yhteis\u00f6llisyyden voimasta. Sit\u00e4 kehutaan on kulttuuriymp\u00e4rist\u00f6\u00f6n istutettuna upeana kokonaisuutena, joka on samalla toiminnallinen piristysruiske koko Jaalan kyl\u00e4lle.<\/p>\n<p>\t\t\t\t\u00c4\u00e4nestys lokakuun puoliv\u00e4liin saakka<\/p>\n<p>Muut kilpailun ehdokkaat ovat niin yksityisi\u00e4 asuntoja kuin julkisia rakennuksia. Ehdokkaiden joukossa on muun muassa Lapin keskussairaalan laajennus.<\/p>\n<p>Yleis\u00f6\u00e4\u00e4nestys on avoinna 15. lokakuuta asti. Puupalkinnon saaja ja yleis\u00f6\u00e4\u00e4nestyksen tulos julkistetaan 30. lokakuuta.<\/p>\n<p>\u00c4\u00e4nest\u00e4\u00e4 voi osoitteessa <a href=\"https:\/\/puuinfo.fi\/arkkitehtuuri\/puupalkinto-yleisoaanestys\" rel=\"nofollow noopener\" target=\"_blank\">https:\/\/puuinfo.fi\/arkkitehtuuri\/puupalkinto-yleisoaanestys<\/a>.<\/p>\n<p>\t\t\t\tYli 30-vuotias kunniamaininta<\/p>\n<p>Kilpailun tuomaristossa toimivat Tampereen yliopiston rakennusopin professori <strong>Markku Karjalainen<\/strong>, Sisustusarkkitehdit SIO:n p\u00e4\u00e4sihteeri <strong>Minna Borg<\/strong> ja Suomen arkkitehtiliitto SAFA:n puheenjohtaja <strong>Asko Takala<\/strong>.<\/p>\n<p>Puupalkinto on jaettu vuodesta 1994 saakka. Sen ovat saaneet 2020-luvulla muun muassa Helsinki-Vantaan lentoaseman sis\u00e4\u00e4nk\u00e4ynnin alakatto ja Helsingin olympiastadionin peruskorjaus ja uudistaminen.<\/p>\n<p>Palkinnon my\u00f6nt\u00e4\u00e4 Puuinfo oy. Se on suomalainen yhteiskunnallinen yritys, joka ei tavoittele toiminnallaan voittoa. Sen omistavat Puutuoteteollisuus ry, Suomen Puutavara- ja Rakennustarvikekauppiasyhdistys ry ja Maa- ja mets\u00e4taloustuottajain Keskusliitto.<\/p>\n","protected":false},"excerpt":{"rendered":"Jaala Areena on ehdolla t\u00e4m\u00e4n vuoden Puupalkinnon saajaksi. Ehdokkaita valtakunnallisessa kilpailussa on yhteens\u00e4 12. Palkinto my\u00f6nnet\u00e4\u00e4n rakennukselle, sisustukselle&hellip;\n","protected":false},"author":2,"featured_media":38722,"comment_status":"","ping_status":"","sticky":false,"template":"","format":"standard","meta":{"footnotes":""},"categories":[135],"tags":[389,387,388,390,137,33,31,30,104,108,938,5512,32,394,393,391,392,551,712,679,109],"class_list":{"0":"post-38721","1":"post","2":"type-post","3":"status-publish","4":"format-standard","5":"has-post-thumbnail","7":"category-taiteet-ja-suunnittelu","8":"tag-arts","9":"tag-arts-and-design","10":"tag-artsanddesign","11":"tag-design","12":"tag-entertainment","13":"tag-fi","14":"tag-finland","15":"tag-finnish","16":"tag-helsinki","17":"tag-kulttuuri","18":"tag-rakennusmateriaalit","19":"tag-rakennusten-tai-niiden-osien-rakentaminen-seka-maa-ja-vesirakentaminen","20":"tag-suomi","21":"tag-suunnittelu","22":"tag-taiteet","23":"tag-taiteet-ja-suunnittelu","24":"tag-taiteetsuunnittelu","25":"tag-tampere","26":"tag-tampereen-seutukunta","27":"tag-terveydenhuollon-toimintalaitokset","28":"tag-viihde"},"share_on_mastodon":{"url":"","error":""},"_links":{"self":[{"href":"https:\/\/www.europesays.com\/fi\/wp-json\/wp\/v2\/posts\/38721","targetHints":{"allow":["GET"]}}],"collection":[{"href":"https:\/\/www.europesays.com\/fi\/wp-json\/wp\/v2\/posts"}],"about":[{"href":"https:\/\/www.europesays.com\/fi\/wp-json\/wp\/v2\/types\/post"}],"author":[{"embeddable":true,"href":"https:\/\/www.europesays.com\/fi\/wp-json\/wp\/v2\/users\/2"}],"replies":[{"embeddable":true,"href":"https:\/\/www.europesays.com\/fi\/wp-json\/wp\/v2\/comments?post=38721"}],"version-history":[{"count":0,"href":"https:\/\/www.europesays.com\/fi\/wp-json\/wp\/v2\/posts\/38721\/revisions"}],"wp:featuredmedia":[{"embeddable":true,"href":"https:\/\/www.europesays.com\/fi\/wp-json\/wp\/v2\/media\/38722"}],"wp:attachment":[{"href":"https:\/\/www.europesays.com\/fi\/wp-json\/wp\/v2\/media?parent=38721"}],"wp:term":[{"taxonomy":"category","embeddable":true,"href":"https:\/\/www.europesays.com\/fi\/wp-json\/wp\/v2\/categories?post=38721"},{"taxonomy":"post_tag","embeddable":true,"href":"https:\/\/www.europesays.com\/fi\/wp-json\/wp\/v2\/tags?post=38721"}],"curies":[{"name":"wp","href":"https:\/\/api.w.org\/{rel}","templated":true}]}}