{"id":38750,"date":"2025-09-18T16:15:11","date_gmt":"2025-09-18T16:15:11","guid":{"rendered":"https:\/\/www.europesays.com\/fi\/38750\/"},"modified":"2025-09-18T16:15:11","modified_gmt":"2025-09-18T16:15:11","slug":"intel-ja-nvidia-ilmoittivat-aloittavansa-yhteistyon-tekoaly-ja-pc-piirien-parissa","status":"publish","type":"post","link":"https:\/\/www.europesays.com\/fi\/38750\/","title":{"rendered":"Intel ja NVIDIA ilmoittivat aloittavansa yhteisty\u00f6n teko\u00e4ly- ja PC-piirien parissa"},"content":{"rendered":"<p>NVIDIA investoi lis\u00e4ksi 5 miljardia dollaria Inteliin, mik\u00e4 Reutersin mukaan nostaa sen yhdeksi merkitt\u00e4vimmist\u00e4 yksitt\u00e4isist\u00e4 omistajista.<\/p>\n<p>Intelin pitk\u00e4\u00e4n jatkunut kompurointi on johtanut poikkeukselliseen tilanteeseen, jossa Yhdysvaltain hallinto on napannut jopa 10 %:n osuuden yhti\u00f6st\u00e4. My\u00f6s Armin omistava SoftBank on hiljattain investoinut yhti\u00f6\u00f6n merkitt\u00e4v\u00e4n summan ja nyt mukaan liittyy my\u00f6s NVIDIA, joka sijoituksen ohella aloittaa yhteisty\u00f6n Intelin kanssa.<\/p>\n<p>NVIDIA ja Intel ovat ilmoittaneet sopimuksesta, jonka mukaan yhti\u00f6t tulevat kehitt\u00e4m\u00e4\u00e4n yhteisty\u00f6ss\u00e4 usean sukupolven ajan kustomoituja datakeskus- ja PC-tuotteita l\u00e4pi kuluttaja-, yritys- ja hyperscale-markkinoiden. NVIDIA investoi lis\u00e4ksi Inteliin 5 miljardia dollaria, mik\u00e4 Reutersin mukaan antaa yhti\u00f6lle noin 4 %:n osuuden ja tekee siit\u00e4 samalla yhden Intelin merkitt\u00e4vimmist\u00e4 omistajista.<\/p>\n<p>Intel tulee valmistamaan datakeskuksiin kustomoituja x86-prosessoreita, jotka integroidaan osaksi NVIDIAn teko\u00e4lyalustoja markkinoille. PC-puolelle luvassa on puolestaan x86-prosessoreita, joihin integroidaan NVIDIAn RTX GPU-siruja. Piirien on tarkoitus kattaa useita eri hinta- ja suorituskykyluokkia. Piirien v\u00e4liseen kommunikaatioon tullaan k\u00e4ytt\u00e4m\u00e4\u00e4n NVLink-v\u00e4yl\u00e4\u00e4.<\/p>\n<p>Ilmoitus her\u00e4tt\u00e4\u00e4 oikeutetusti kysymyksen my\u00f6s Intelin GPU-puolen tulevaisuudesta. T\u00e4ll\u00e4 hetkell\u00e4 yhti\u00f6 valmistelee markkinoille BMG-G31-piiriin perustuvia tuotteita ja aiempien ilmoitusten mukaan seuraava sukupolvi on raudan puolesta jo valmis, joten niit\u00e4 tuskin ainakaan ollaan perumassa. GPU-arkkitehtuurin kehityst\u00e4 voidaan kuitenkin pit\u00e4\u00e4 jatkon kannalta kyseenalaisena, mik\u00e4li NVIDIAn GPU:t tullaan integroimaan l\u00e4pi Intelin prosessorivalikoiman.<\/p>\n<p>L\u00e4hde: <a href=\"https:\/\/nvidianews.nvidia.com\/news\/nvidia-and-intel-to-develop-ai-infrastructure-and-personal-computing-products\" target=\"_blank\" rel=\"noopener nofollow\">NVIDIA<\/a>, <a href=\"https:\/\/www.reuters.com\/world\/asia-pacific\/nvidia-bets-big-intel-with-5-billion-stake-chip-partnership-2025-09-18\/\" target=\"_blank\" rel=\"noopener nofollow\">Reuters<\/a><\/p>\n","protected":false},"excerpt":{"rendered":"NVIDIA investoi lis\u00e4ksi 5 miljardia dollaria Inteliin, mik\u00e4 Reutersin mukaan nostaa sen yhdeksi merkitt\u00e4vimmist\u00e4 yksitt\u00e4isist\u00e4 omistajista. Intelin pitk\u00e4\u00e4n&hellip;\n","protected":false},"author":2,"featured_media":38751,"comment_status":"","ping_status":"","sticky":false,"template":"","format":"standard","meta":{"footnotes":""},"categories":[76],"tags":[79,77,33,31,30,32,78],"class_list":{"0":"post-38750","1":"post","2":"type-post","3":"status-publish","4":"format-standard","5":"has-post-thumbnail","7":"category-talous","8":"tag-business","9":"tag-economy","10":"tag-fi","11":"tag-finland","12":"tag-finnish","13":"tag-suomi","14":"tag-talous"},"share_on_mastodon":{"url":"","error":""},"_links":{"self":[{"href":"https:\/\/www.europesays.com\/fi\/wp-json\/wp\/v2\/posts\/38750","targetHints":{"allow":["GET"]}}],"collection":[{"href":"https:\/\/www.europesays.com\/fi\/wp-json\/wp\/v2\/posts"}],"about":[{"href":"https:\/\/www.europesays.com\/fi\/wp-json\/wp\/v2\/types\/post"}],"author":[{"embeddable":true,"href":"https:\/\/www.europesays.com\/fi\/wp-json\/wp\/v2\/users\/2"}],"replies":[{"embeddable":true,"href":"https:\/\/www.europesays.com\/fi\/wp-json\/wp\/v2\/comments?post=38750"}],"version-history":[{"count":0,"href":"https:\/\/www.europesays.com\/fi\/wp-json\/wp\/v2\/posts\/38750\/revisions"}],"wp:featuredmedia":[{"embeddable":true,"href":"https:\/\/www.europesays.com\/fi\/wp-json\/wp\/v2\/media\/38751"}],"wp:attachment":[{"href":"https:\/\/www.europesays.com\/fi\/wp-json\/wp\/v2\/media?parent=38750"}],"wp:term":[{"taxonomy":"category","embeddable":true,"href":"https:\/\/www.europesays.com\/fi\/wp-json\/wp\/v2\/categories?post=38750"},{"taxonomy":"post_tag","embeddable":true,"href":"https:\/\/www.europesays.com\/fi\/wp-json\/wp\/v2\/tags?post=38750"}],"curies":[{"name":"wp","href":"https:\/\/api.w.org\/{rel}","templated":true}]}}