{"id":38791,"date":"2025-09-18T17:07:09","date_gmt":"2025-09-18T17:07:09","guid":{"rendered":"https:\/\/www.europesays.com\/fi\/38791\/"},"modified":"2025-09-18T17:07:09","modified_gmt":"2025-09-18T17:07:09","slug":"ruotsalainen-tekoalyn-supertahti-lovable-on-vuoden-puheenaihe-euroopassa","status":"publish","type":"post","link":"https:\/\/www.europesays.com\/fi\/38791\/","title":{"rendered":"Ruotsalainen teko\u00e4lyn supert\u00e4hti Lovable on vuoden puheenaihe Euroopassa"},"content":{"rendered":"<p><img decoding=\"async\" src=\"https:\/\/www.europesays.com\/fi\/wp-content\/uploads\/2025\/09\/1758215229_269_978.jpg\" alt=\"Ruotsalaisen teko\u00e4ly-yhti\u00f6 Lovablen perustaja Anton Osika uskoo, ett\u00e4 nyt on paras hetki perustaa yritys Euroopassa.\" class=\"_Img_tdqg8_1\" style=\"aspect-ratio:1.3994169096209912\" loading=\"eager\"\/><\/p>\n<p class=\"article-picture-caption\">Ruotsalaisen teko\u00e4ly-yhti\u00f6 Lovablen perustaja Anton Osika uskoo, ett\u00e4 nyt on paras hetki perustaa yritys Euroopassa. Kuva:\u00a0Magnus Laupa<\/p>\n<p>Ruotsalainen Lovable on Euroopan nopeimmin kasvava teknologiayhti\u00f6 ja kuuma puheenaihe. Se myy ty\u00f6kalua, joka koodaa k\u00e4skyist\u00e4. HS Visio k\u00e4vi katsomassa, mit\u00e4 turbonopeudella toimivassa yhti\u00f6ss\u00e4 oikein tapahtuu.<\/p>\n<p class=\"article-body mb-nof-24 px-nof-16\">Tukholmasta tulee ty\u00f6kalu, joka voi mullistaa ty\u00f6n tuottavuuden ja ohjelmoinnin. Lovable on Euroopan nopeimmin kasvava teknologiayritys, ja vuoden kuumin puheenaihe. Se on Ruotsin kasvavan teko\u00e4lykent\u00e4n t\u00e4hti.<\/p>\n<p class=\"article-body mb-nof-24 px-nof-16\">Lovablen toimisto sijaitsee vaatimattomassa ruskeatiilisess\u00e4 toimistorakennuksessa, jonka sein\u00e4ss\u00e4 ei ole edes yhti\u00f6n nimikyltti\u00e4. Soitamme ovikelloa ja p\u00e4\u00e4semme ty\u00f6ntekij\u00f6iden mukana hissiin.<\/p>\n","protected":false},"excerpt":{"rendered":"Ruotsalaisen teko\u00e4ly-yhti\u00f6 Lovablen perustaja Anton Osika uskoo, ett\u00e4 nyt on paras hetki perustaa yritys Euroopassa. Kuva:\u00a0Magnus Laupa Ruotsalainen&hellip;\n","protected":false},"author":2,"featured_media":38792,"comment_status":"","ping_status":"","sticky":false,"template":"","format":"standard","meta":{"footnotes":""},"categories":[76],"tags":[79,77,33,31,30,46,32,78],"class_list":{"0":"post-38791","1":"post","2":"type-post","3":"status-publish","4":"format-standard","5":"has-post-thumbnail","7":"category-talous","8":"tag-business","9":"tag-economy","10":"tag-fi","11":"tag-finland","12":"tag-finnish","13":"tag-helsingin-sanomat","14":"tag-suomi","15":"tag-talous"},"share_on_mastodon":{"url":"","error":""},"_links":{"self":[{"href":"https:\/\/www.europesays.com\/fi\/wp-json\/wp\/v2\/posts\/38791","targetHints":{"allow":["GET"]}}],"collection":[{"href":"https:\/\/www.europesays.com\/fi\/wp-json\/wp\/v2\/posts"}],"about":[{"href":"https:\/\/www.europesays.com\/fi\/wp-json\/wp\/v2\/types\/post"}],"author":[{"embeddable":true,"href":"https:\/\/www.europesays.com\/fi\/wp-json\/wp\/v2\/users\/2"}],"replies":[{"embeddable":true,"href":"https:\/\/www.europesays.com\/fi\/wp-json\/wp\/v2\/comments?post=38791"}],"version-history":[{"count":0,"href":"https:\/\/www.europesays.com\/fi\/wp-json\/wp\/v2\/posts\/38791\/revisions"}],"wp:featuredmedia":[{"embeddable":true,"href":"https:\/\/www.europesays.com\/fi\/wp-json\/wp\/v2\/media\/38792"}],"wp:attachment":[{"href":"https:\/\/www.europesays.com\/fi\/wp-json\/wp\/v2\/media?parent=38791"}],"wp:term":[{"taxonomy":"category","embeddable":true,"href":"https:\/\/www.europesays.com\/fi\/wp-json\/wp\/v2\/categories?post=38791"},{"taxonomy":"post_tag","embeddable":true,"href":"https:\/\/www.europesays.com\/fi\/wp-json\/wp\/v2\/tags?post=38791"}],"curies":[{"name":"wp","href":"https:\/\/api.w.org\/{rel}","templated":true}]}}