{"id":38793,"date":"2025-09-18T17:08:07","date_gmt":"2025-09-18T17:08:07","guid":{"rendered":"https:\/\/www.europesays.com\/fi\/38793\/"},"modified":"2025-09-18T17:08:07","modified_gmt":"2025-09-18T17:08:07","slug":"putin-venaja-heikentaa-tietoisesti-talouskasvua-uutisia-lyhyesti","status":"publish","type":"post","link":"https:\/\/www.europesays.com\/fi\/38793\/","title":{"rendered":"Putin: Ven\u00e4j\u00e4 heikent\u00e4\u00e4 tietoisesti talouskasvua | Uutisia lyhyesti"},"content":{"rendered":"<p class=\"aw-1gybjub aw-5vja16 cmIuaG zKETg yle__article__paragraph\">Ven\u00e4j\u00e4n sotatalouden on pel\u00e4tty ylikuumenevan. Maassa on ankara ty\u00f6voimapula.<\/p>\n<p><img decoding=\"async\" alt=\"Ven\u00e4j\u00e4n presidentti Vladimir Putin.\" src=\"https:\/\/www.europesays.com\/fi\/wp-content\/uploads\/2025\/09\/39-152565668cc204180d61.jpeg\" class=\"aw-1l9m598 hKVVvP\"\/><\/p>\n<p>Avaa kuvien katselu<\/p>\n<p>Presidentti Vladimir Putin tapasi t\u00e4n\u00e4\u00e4n Ven\u00e4j\u00e4n duuman puoluejohtajia. Kuva: Mikahail Sinitsyn \/ EPA<\/p>\n<p class=\"aw-1gybjub aw-1p7kakr cmIuaG fmSRng yle__article__paragraph\">Ven\u00e4j\u00e4n presidentti <strong class=\"aw-ak79eh KyCXm yle__article__strong\">Vladimir Putin<\/strong> sanoi t\u00e4n\u00e4\u00e4n televisioidussa puheessaan, ett\u00e4 maa alkaa tietoisesti hillit\u00e4 talouskasvuaan. N\u00e4in maa hillitsisi inflaatiotaan, Putin perusteli.<\/p>\n<p class=\"aw-1gybjub aw-1p7kakr cmIuaG fmSRng yle__article__paragraph\">Ven\u00e4j\u00e4n inflaatio on ollut l\u00e4hell\u00e4 kymment\u00e4 prosenttia, mik\u00e4 on pakottanut keskuspankin pit\u00e4m\u00e4\u00e4n ohjauskorot korkealla.<\/p>\n<p class=\"aw-1gybjub aw-1p7kakr cmIuaG fmSRng yle__article__paragraph\">Maassa vallitsee ankara ty\u00f6voimapula, sill\u00e4 sota vaatii valtavasti uhreja ja osa ty\u00f6voimasta on paennut maasta. Sotatalous edellytt\u00e4isi tuotannon jatkuvaa lis\u00e4\u00e4mist\u00e4. Ven\u00e4j\u00e4n talouden on pel\u00e4tty ylikuumenevan.<\/p>\n<p class=\"aw-1gybjub aw-1p7kakr cmIuaG fmSRng yle__article__paragraph\">Maan keskuspankin tilastojen mukaan kahdella viimeisell\u00e4 vuosinelj\u00e4nneksell\u00e4 bruttokansantuote on kuitenkin supistunut, mik\u00e4 t\u00e4ytt\u00e4isi taantuman tunnusmerkit. Putin vakuutti, ett\u00e4 taantuma on kaukana.<\/p>\n<p class=\"aw-1gybjub aw-1p7kakr cmIuaG fmSRng yle__article__paragraph\">Sota, ulkomaiden pakotteet ja Ukrainan drooni-iskut \u00f6ljyteollisuuteen kurittavat yh\u00e4 enemm\u00e4n maan taloutta. Ven\u00e4j\u00e4 k\u00e4ytt\u00e4\u00e4 nyt <a class=\"aw-iao6s4 iHOxEa yle__article__link\" href=\"https:\/\/www.sipri.org\/publications\/2025\/sipri-insights-peace-and-security\/preparing-fourth-year-war-military-spending-russias-budget-2025\" role=\"link\" rel=\"nofollow noopener\" target=\"_blank\">7,2 prosenttia BKT:staan<\/a> sotavoimiin.<\/p>\n<p class=\"aw-1gybjub aw-1p7kakr cmIuaG fmSRng yle__article__paragraph\">Sotavoimien yll\u00e4pidon budjettiosuudesta ei ole tarkkoja lukuja. Viime vuonna Bloomberg-uutistoimisto kertoi <a class=\"aw-iao6s4 iHOxEa yle__article__link\" href=\"https:\/\/www.themoscowtimes.com\/2024\/09\/24\/russia-to-boost-military-spending-to-40-of-state-budget-in-2025-bloomberg-a86450\" role=\"link\" rel=\"nofollow noopener\" target=\"_blank\">The Moscow Times -lehden <\/a>mukaan, ett\u00e4 sotavoima vie 40 prosenttia valtionbudjetista.<\/p>\n<p class=\"aw-1gybjub aw-1p7kakr cmIuaG fmSRng yle__article__paragraph\">L\u00e4hde: Reuters<\/p>\n","protected":false},"excerpt":{"rendered":"Ven\u00e4j\u00e4n sotatalouden on pel\u00e4tty ylikuumenevan. Maassa on ankara ty\u00f6voimapula. Avaa kuvien katselu Presidentti Vladimir Putin tapasi t\u00e4n\u00e4\u00e4n Ven\u00e4j\u00e4n&hellip;\n","protected":false},"author":2,"featured_media":38794,"comment_status":"","ping_status":"","sticky":false,"template":"","format":"standard","meta":{"footnotes":""},"categories":[14],"tags":[22,23,5409,26,27,33,31,30,17,3245,3616,24,25,28,29,15,18,21,32,78,19,20,56,16,547,9544,1262,2257,59,60,61],"class_list":{"0":"post-38793","1":"post","2":"type-post","3":"status-publish","4":"format-standard","5":"has-post-thumbnail","7":"category-ulkomaat","8":"tag-breaking-news","9":"tag-breakingnews","10":"tag-bruttokansantuote","11":"tag-featured-news","12":"tag-featurednews","13":"tag-fi","14":"tag-finland","15":"tag-finnish","16":"tag-headlines","17":"tag-inflaatio","18":"tag-laskusuhdanne","19":"tag-latest-news","20":"tag-latestnews","21":"tag-main-news","22":"tag-mainnews","23":"tag-news","24":"tag-otsikot","25":"tag-paauutiset","26":"tag-suomi","27":"tag-talous","28":"tag-top-stories","29":"tag-topstories","30":"tag-ulkomaat","31":"tag-uutiset","32":"tag-venaja","33":"tag-venajan-keskuspankki","34":"tag-venajan-politiikka","35":"tag-vladimir-putin","36":"tag-world","37":"tag-world-news","38":"tag-worldnews"},"share_on_mastodon":{"url":"","error":""},"_links":{"self":[{"href":"https:\/\/www.europesays.com\/fi\/wp-json\/wp\/v2\/posts\/38793","targetHints":{"allow":["GET"]}}],"collection":[{"href":"https:\/\/www.europesays.com\/fi\/wp-json\/wp\/v2\/posts"}],"about":[{"href":"https:\/\/www.europesays.com\/fi\/wp-json\/wp\/v2\/types\/post"}],"author":[{"embeddable":true,"href":"https:\/\/www.europesays.com\/fi\/wp-json\/wp\/v2\/users\/2"}],"replies":[{"embeddable":true,"href":"https:\/\/www.europesays.com\/fi\/wp-json\/wp\/v2\/comments?post=38793"}],"version-history":[{"count":0,"href":"https:\/\/www.europesays.com\/fi\/wp-json\/wp\/v2\/posts\/38793\/revisions"}],"wp:featuredmedia":[{"embeddable":true,"href":"https:\/\/www.europesays.com\/fi\/wp-json\/wp\/v2\/media\/38794"}],"wp:attachment":[{"href":"https:\/\/www.europesays.com\/fi\/wp-json\/wp\/v2\/media?parent=38793"}],"wp:term":[{"taxonomy":"category","embeddable":true,"href":"https:\/\/www.europesays.com\/fi\/wp-json\/wp\/v2\/categories?post=38793"},{"taxonomy":"post_tag","embeddable":true,"href":"https:\/\/www.europesays.com\/fi\/wp-json\/wp\/v2\/tags?post=38793"}],"curies":[{"name":"wp","href":"https:\/\/api.w.org\/{rel}","templated":true}]}}