{"id":3888,"date":"2025-08-12T22:37:08","date_gmt":"2025-08-12T22:37:08","guid":{"rendered":"https:\/\/www.europesays.com\/fi\/3888\/"},"modified":"2025-08-12T22:37:08","modified_gmt":"2025-08-12T22:37:08","slug":"seiska-tassa-on-ansku-bergstromin-uusi-rakas","status":"publish","type":"post","link":"https:\/\/www.europesays.com\/fi\/3888\/","title":{"rendered":"Seiska: T\u00e4ss\u00e4 on Ansku Bergstr\u00f6min uusi rakas"},"content":{"rendered":"<p>Tanssinopettaja <strong>Ansku Bergstr\u00f6m<\/strong> erosi alkuvuodesta <strong>Elina Gustafssonista<\/strong>. Nyt kes\u00e4n aikana on Anskun sometilille tullut v\u00e4hitellen tietoja h\u00e4nen uudesta rakkaastaan. Ensin n\u00e4htiin vain h\u00e4nen selk\u00e4ns\u00e4 ja sen j\u00e4lkeen my\u00f6hemm\u00e4ss\u00e4 julkaisussa h\u00e4nen tennarinsa.<\/p>\n<p>Lue my\u00f6s: <a href=\"https:\/\/www.como.fi\/uutiset\/ansku-bergstrom-teki-paljastuksen-uudesta-suhteestaan\/\" title=\"Ansku Bergstr\u00f6m teki paljastuksen uudesta suhteestaan\" class=\"underline-custom !font-montserrat !font-bold !underline-offset-4 !decoration-4 !decoration-red-600 !text-md\" rel=\"nofollow noopener\" target=\"_blank\">Ansku Bergstr\u00f6m teki paljastuksen uudesta suhteestaan<\/a><\/p>\n<p>\u2013 El\u00e4m\u00e4 yll\u00e4tt\u00e4\u00e4\u2026kirjoitti Ansku hein\u00e4kuisessa julkaisussaan.<\/p>\n<p>Hein\u00e4kuisessa julkaisussa n\u00e4htiin harmaaseen pusakkaan pukeutunut hahmo, joka nojasi kohti Anskua.<\/p>\n<p>\u2013 Onnea rakkauden t\u00e4yteist\u00e4 yhteis eloa teille rakastavaiset, kommentoi joku julkaisuun.<\/p>\n<p>Julkaisuun on tullut paljon syd\u00e4naiheisia emojeita.<\/p>\n<p>Jos upotus ei n\u00e4y, avaa se auki <a href=\"https:\/\/www.instagram.com\/p\/DMAueHpozSH\/?utm_source=ig_web_copy_link&amp;igsh=MzRlODBiNWFlZA==\" target=\"_blank\" rel=\"noreferrer noopener nofollow\">t\u00e4st\u00e4<\/a>.<\/p>\n<p>Nyt Anskun uudesta kumppanista tiedet\u00e4\u00e4n lis\u00e4\u00e4<\/p>\n<p>Ansku vieraili viime viikonloppuna Flow-festivaalilla. Siit\u00e4 tiedet\u00e4\u00e4n kertoa Seiskassa, jossa on my\u00f6s julkaistu Anskusta otettuja kuvia sielt\u00e4. Kuvissa n\u00e4kyy my\u00f6s Anskun uusi kumppani. Kuvia l\u00f6ytyy useampi.<\/p>\n<p>Lue my\u00f6s: <a href=\"https:\/\/www.como.fi\/uutiset\/ansku-bergstrom-loysi-uuden-rakkaan-mystinen-kuva\/\" title=\"Ansku Bergstr\u00f6m l\u00f6ysi uuden rakkaan? \u2013 mystinen kuva\" class=\"underline-custom !font-montserrat !font-bold !underline-offset-4 !decoration-4 !decoration-red-600 !text-md\" rel=\"nofollow noopener\" target=\"_blank\">Ansku Bergstr\u00f6m l\u00f6ysi uuden rakkaan? \u2013 mystinen kuva<\/a><\/p>\n<p>Seiskan lukija oli ottanut parista kuvan ja kertonut sen p\u00e4\u00e4lle tilanteesta lis\u00e4\u00e4.<\/p>\n<p>\u2013 Tunnistin Anskun ja huomasin my\u00f6s h\u00e4nen mukanaan olevan henkil\u00f6n, kommentoi Seiskan lukija.<\/p>\n<p>Uusi kumppani n\u00e4ytt\u00e4\u00e4 kuvissa tatuoidulta pitk\u00e4hiuksiselta miesoletetulta. Heid\u00e4n oli n\u00e4hty tanssivan ja suutelevan kesken\u00e4\u00e4n.<\/p>\n<p>\u2013 Yleisell\u00e4 tasolla se tanssi oli aika villi\u00e4, kertoi silminn\u00e4kij\u00e4 Seiskalle.<\/p>\n<p>Parin oli kuvailtu my\u00f6s n\u00e4ytt\u00e4neen rakastuneilta. Kuvat heist\u00e4 l\u00f6ytyv\u00e4t <a href=\"https:\/\/www.seiska.fi\/vain-seiskassa\/salakuvat-ansku-bergstrom-ja-kumppani-laheisissa-tunnelmissa-tanssivat-intiimisti-ja-vaihtoivat-suudelmia\/1893993\" target=\"_blank\" rel=\"noreferrer noopener nofollow\">t\u00e4\u00e4lt\u00e4<\/a>. <\/p>\n<p>L\u00e4hde: <a href=\"https:\/\/www.seiska.fi\/vain-seiskassa\/salakuvat-ansku-bergstrom-ja-kumppani-laheisissa-tunnelmissa-tanssivat-intiimisti-ja-vaihtoivat-suudelmia\/1893993\" target=\"_blank\" rel=\"noreferrer noopener nofollow\">Seiska<\/a><\/p>\n<p>Lue my\u00f6s: <a href=\"https:\/\/www.como.fi\/tilaa-comon-uutiskirje\/\" title=\"Tilaa Comon uutiskirje ja tied\u00e4t mist\u00e4 kahvitauolla puhutaan! Nappaa kotimaan tv-vinkit ja puheenaiheet suoraan s\u00e4hk\u00f6postiin t\u00e4st\u00e4.\" class=\"underline-custom !font-montserrat !font-bold !underline-offset-4 !decoration-4 !decoration-red-600 !text-md\" rel=\"nofollow noopener\" target=\"_blank\">Tilaa Comon uutiskirje ja tied\u00e4t mist\u00e4 kahvitauolla puhutaan! Nappaa kotimaan tv-vinkit ja puheenaiheet suoraan s\u00e4hk\u00f6postiin t\u00e4st\u00e4.<\/a><\/p>\n<p>\t\t\t\t<script async src=\"\/\/www.instagram.com\/embed.js\"><\/script><\/p>\n","protected":false},"excerpt":{"rendered":"Tanssinopettaja Ansku Bergstr\u00f6m erosi alkuvuodesta Elina Gustafssonista. Nyt kes\u00e4n aikana on Anskun sometilille tullut v\u00e4hitellen tietoja h\u00e4nen uudesta&hellip;\n","protected":false},"author":2,"featured_media":3889,"comment_status":"","ping_status":"","sticky":false,"template":"","format":"standard","meta":{"footnotes":""},"categories":[130],"tags":[2667,137,33,31,30,32,109],"class_list":{"0":"post-3888","1":"post","2":"type-post","3":"status-publish","4":"format-standard","5":"has-post-thumbnail","7":"category-viihde","8":"tag-ansku-bergstru00f6m","9":"tag-entertainment","10":"tag-fi","11":"tag-finland","12":"tag-finnish","13":"tag-suomi","14":"tag-viihde"},"share_on_mastodon":{"url":"","error":""},"_links":{"self":[{"href":"https:\/\/www.europesays.com\/fi\/wp-json\/wp\/v2\/posts\/3888","targetHints":{"allow":["GET"]}}],"collection":[{"href":"https:\/\/www.europesays.com\/fi\/wp-json\/wp\/v2\/posts"}],"about":[{"href":"https:\/\/www.europesays.com\/fi\/wp-json\/wp\/v2\/types\/post"}],"author":[{"embeddable":true,"href":"https:\/\/www.europesays.com\/fi\/wp-json\/wp\/v2\/users\/2"}],"replies":[{"embeddable":true,"href":"https:\/\/www.europesays.com\/fi\/wp-json\/wp\/v2\/comments?post=3888"}],"version-history":[{"count":0,"href":"https:\/\/www.europesays.com\/fi\/wp-json\/wp\/v2\/posts\/3888\/revisions"}],"wp:featuredmedia":[{"embeddable":true,"href":"https:\/\/www.europesays.com\/fi\/wp-json\/wp\/v2\/media\/3889"}],"wp:attachment":[{"href":"https:\/\/www.europesays.com\/fi\/wp-json\/wp\/v2\/media?parent=3888"}],"wp:term":[{"taxonomy":"category","embeddable":true,"href":"https:\/\/www.europesays.com\/fi\/wp-json\/wp\/v2\/categories?post=3888"},{"taxonomy":"post_tag","embeddable":true,"href":"https:\/\/www.europesays.com\/fi\/wp-json\/wp\/v2\/tags?post=3888"}],"curies":[{"name":"wp","href":"https:\/\/api.w.org\/{rel}","templated":true}]}}