{"id":38881,"date":"2025-09-18T19:17:07","date_gmt":"2025-09-18T19:17:07","guid":{"rendered":"https:\/\/www.europesays.com\/fi\/38881\/"},"modified":"2025-09-18T19:17:07","modified_gmt":"2025-09-18T19:17:07","slug":"power-avaa-uuden-jattimyymalan-raisioon-avajaisiin-odotetaan-tuhansia-asiakkaita","status":"publish","type":"post","link":"https:\/\/www.europesays.com\/fi\/38881\/","title":{"rendered":"POWER avaa uuden j\u00e4ttimyym\u00e4l\u00e4n Raisioon \u2013 avajaisiin odotetaan tuhansia asiakkaita"},"content":{"rendered":"<p><strong><\/p>\n<p>Elektroniikkaketju POWER avaa uuden, n\u00e4ytt\u00e4v\u00e4n suurmyym\u00e4l\u00e4n Raisioon torstaina 2.10. klo 8. Luvassa on poikkeuksellisen kovia tarjouksia, huikeaa tunnelmaa ja ohjelmaa koko p\u00e4iv\u00e4ksi. Asiakkaita odotetaan runsaslukuisesti paikalle.<\/p>\n<p><\/strong><\/p>\n<p>Elektroniikkaketju POWER avaa uuden, n\u00e4ytt\u00e4v\u00e4n suurmyym\u00e4l\u00e4n Raisioon torstaina 2.10. klo 8. Luvassa on poikkeuksellisen kovia tarjouksia, huikeaa tunnelmaa ja ohjelmaa koko p\u00e4iv\u00e4ksi. Asiakkaita odotetaan runsaslukuisesti paikalle.<\/p>\n<p>\u201dRaision avajaiset ovat meille iso tapahtuma. Avajaistarjoukset tulevat olemaan todella kovia kaikissa tuotekategorioissa, ja uskomme niiden houkuttelevan paikalle tuhansia asiakkaita. Kokemus aiemmista suuravajaisista Vantaan Tammistossa ja Espoon Suomenojalla osoitti, ett\u00e4 avajaiset kiinnostavat. Tuolloin yli 10 000 asiakasta suuntasi avajaisp\u00e4ivin\u00e4 paikalle\u201d, kertoo POWER Finland Oy:n toimitusjohtaja <strong>Juha-Mikko Saviluoto<\/strong>.<\/p>\n<p>Avajaisissa jaetaan yll\u00e4tyslahjoja yhteens\u00e4 yli 10\u00a0000 \u20ac arvosta \u2013 100 ensimm\u00e4iselle jonottajalle on luvassa mm. \u00e4lypuhelimia, kuulokkeita ja tabletteja. Tunnelmaa pit\u00e4v\u00e4t yll\u00e4 juontajana toimiva <strong>Sanna Laitinen<\/strong> sek\u00e4 DJ, ja lis\u00e4ksi asiakkaille jaetaan 3000 makkaraa.<\/p>\n<p>Uusi Raision myym\u00e4l\u00e4 vahvistaa POWERin asemaa kodinelektroniikan edell\u00e4k\u00e4vij\u00e4n\u00e4 ja tarjoaa asiakkailleen sek\u00e4 laajan tuotevalikoiman ett\u00e4 kilpailukykyiset hinnat.<\/p>\n<p><strong>POWER Raisio \u2013 avajaiset torstaina 2.10. klo 8 alkaen<\/strong><\/p>\n<ul type=\"disc\">\n<li>Huikeita avajaistarjouksia kaikista tuotekategorioista<\/li>\n<li>100 ensimm\u00e4iselle jonottajalle yll\u00e4tyslahja: mm. \u00e4lypuhelimia ja tabletteja<\/li>\n<li>3000 makkaraa jaossa asiakkaille<\/li>\n<li>Juontajana Sanna Laitinen<\/li>\n<\/ul>\n","protected":false},"excerpt":{"rendered":"Elektroniikkaketju POWER avaa uuden, n\u00e4ytt\u00e4v\u00e4n suurmyym\u00e4l\u00e4n Raisioon torstaina 2.10. klo 8. Luvassa on poikkeuksellisen kovia tarjouksia, huikeaa tunnelmaa&hellip;\n","protected":false},"author":2,"featured_media":38882,"comment_status":"","ping_status":"","sticky":false,"template":"","format":"standard","meta":{"footnotes":""},"categories":[76],"tags":[79,77,33,31,30,32,78],"class_list":{"0":"post-38881","1":"post","2":"type-post","3":"status-publish","4":"format-standard","5":"has-post-thumbnail","7":"category-talous","8":"tag-business","9":"tag-economy","10":"tag-fi","11":"tag-finland","12":"tag-finnish","13":"tag-suomi","14":"tag-talous"},"share_on_mastodon":{"url":"","error":""},"_links":{"self":[{"href":"https:\/\/www.europesays.com\/fi\/wp-json\/wp\/v2\/posts\/38881","targetHints":{"allow":["GET"]}}],"collection":[{"href":"https:\/\/www.europesays.com\/fi\/wp-json\/wp\/v2\/posts"}],"about":[{"href":"https:\/\/www.europesays.com\/fi\/wp-json\/wp\/v2\/types\/post"}],"author":[{"embeddable":true,"href":"https:\/\/www.europesays.com\/fi\/wp-json\/wp\/v2\/users\/2"}],"replies":[{"embeddable":true,"href":"https:\/\/www.europesays.com\/fi\/wp-json\/wp\/v2\/comments?post=38881"}],"version-history":[{"count":0,"href":"https:\/\/www.europesays.com\/fi\/wp-json\/wp\/v2\/posts\/38881\/revisions"}],"wp:featuredmedia":[{"embeddable":true,"href":"https:\/\/www.europesays.com\/fi\/wp-json\/wp\/v2\/media\/38882"}],"wp:attachment":[{"href":"https:\/\/www.europesays.com\/fi\/wp-json\/wp\/v2\/media?parent=38881"}],"wp:term":[{"taxonomy":"category","embeddable":true,"href":"https:\/\/www.europesays.com\/fi\/wp-json\/wp\/v2\/categories?post=38881"},{"taxonomy":"post_tag","embeddable":true,"href":"https:\/\/www.europesays.com\/fi\/wp-json\/wp\/v2\/tags?post=38881"}],"curies":[{"name":"wp","href":"https:\/\/api.w.org\/{rel}","templated":true}]}}