{"id":38885,"date":"2025-09-18T19:19:13","date_gmt":"2025-09-18T19:19:13","guid":{"rendered":"https:\/\/www.europesays.com\/fi\/38885\/"},"modified":"2025-09-18T19:19:13","modified_gmt":"2025-09-18T19:19:13","slug":"uusi-valvontayksikko-iski-datakeskuksen-rakennustyomaalle-ja-yllattyi-paljon-pahempaa-tassa-odotettiin-kotimaa","status":"publish","type":"post","link":"https:\/\/www.europesays.com\/fi\/38885\/","title":{"rendered":"Uusi valvontayksikk\u00f6 iski datakeskuksen rakennusty\u00f6maalle ja yll\u00e4ttyi: \u201dPaljon pahempaa t\u00e4ss\u00e4 odotettiin\u201d | Kotimaa"},"content":{"rendered":"<p>Juttu tiivistettyn\u00e4<\/p>\n<ul class=\"aw-1jjocuh iJTSwP yle__article__list yle__article__list--ul\">\n<li class=\"aw-1j7gwms kUeLji\">Rakennusliitto on perustanut uuden ty\u00f6voiman valvontayksik\u00f6n kansainv\u00e4lisille rakennusty\u00f6maille Suomessa.<\/li>\n<li class=\"aw-1j7gwms kUeLji\">Yksikk\u00f6 kiert\u00e4\u00e4 valvomassa ty\u00f6maita ja pyrkii torjumaan harmaata taloutta ja tukee viranomaisia valvontaty\u00f6ss\u00e4.<\/li>\n<li class=\"aw-1j7gwms kUeLji\">Tarve uudelle valvontayksik\u00f6lle syntyi, koska Suomessa on k\u00e4ynnistynyt useita uusien kansainv\u00e4listen toimijoiden vet\u00e4mi\u00e4 rakennushankkeita.<\/li>\n<li class=\"aw-1j7gwms kUeLji\">P\u00e4\u00e4urakoitsijat tulevat usein ulkomailta, eiv\u00e4tk\u00e4 tunne rakennusty\u00f6maiden pelis\u00e4\u00e4nt\u00f6j\u00e4 Suomessa.<\/li>\n<\/ul>\n<p class=\"aw-1gybjub aw-1p7kakr cmIuaG fmSRng yle__article__paragraph\">T\u00e4m\u00e4 on teko\u00e4lyn avulla tuotettu, toimittajan tarkistama tiivistelm\u00e4.<\/p>\n<p class=\"aw-1gybjub aw-1p7kakr cmIuaG fmSRng yle__article__paragraph\">Suomen kansainv\u00e4lisilt\u00e4 rakennusty\u00f6mailta on l\u00f6ytynyt runsaasti harmaaseen talouteen liittyvi\u00e4 ongelmia.<\/p>\n<p class=\"aw-1gybjub aw-1p7kakr cmIuaG fmSRng yle__article__paragraph\">Rakennusliiton uusi kansainv\u00e4lisen ty\u00f6voiman valvontayksikk\u00f6 on saanut ty\u00f6mailta puolen vuoden aikana noin 60 ilmiantoa, ja tahti on kiihtym\u00e4\u00e4n p\u00e4in. Osa rakentajista on p\u00e4\u00e4tynyt hakemaan saataviaan oikeusteitse.<\/p>\n<p class=\"aw-1gybjub aw-1p7kakr cmIuaG fmSRng yle__article__paragraph\">Ongelmia on ollut etenkin julkisen rakentamisen kohteissa kuten koulu-, p\u00e4iv\u00e4koti- ja sairaalaty\u00f6mailla. Yli puolessa yhteydenotoista on kyse ulkomaalaisista rakentajista.<\/p>\n<p class=\"aw-1gybjub aw-1p7kakr cmIuaG fmSRng yle__article__paragraph\">\u2013 Useimmiten palkat, ylity\u00f6t ja matkakorvaukset ovat j\u00e4\u00e4neet maksamatta. Lis\u00e4ksi ty\u00f6ntekij\u00e4t odottelevat majoituksessa ty\u00f6h\u00f6n kutsua ilman palkkaa. Ilmiantojen m\u00e4\u00e4r\u00e4 on suuri, koska yksikk\u00f6\u00e4 ei ole juurikaan markkinoitu, sanoo vanhempi asiantuntija <strong class=\"aw-ak79eh KyCXm yle__article__strong\">Markus Ainasoja<\/strong> Rakennusliitosta.<\/p>\n<p class=\"aw-1gybjub aw-1p7kakr cmIuaG fmSRng yle__article__paragraph\">T\u00e4ss\u00e4 jutussa k\u00e4yt\u00e4mme esimerkkin\u00e4 paljon julkisuutta saanutta Tiktokin datakeskusty\u00f6maata Kouvolassa. Sielt\u00e4 ongelmia ei ole l\u00f6ytynyt.<\/p>\n<p><img decoding=\"async\" alt=\"Rakennusliiton vanhempi asiantuntija Markus Ainasoja Tiktokin datakeskuksen ty\u00f6maan parakkialueella Kouvolassa.\" src=\"https:\/\/www.europesays.com\/fi\/wp-content\/uploads\/2025\/09\/39-152512268cbbe3bcd374.jpeg\" loading=\"lazy\" class=\"aw-1l9m598 hKVVvP\"\/><\/p>\n<p>Avaa kuvien katselu<\/p>\n<p>Markus Ainasoja kiert\u00e4\u00e4 kansainv\u00e4lisi\u00e4 ty\u00f6maita ja ohjeistaa ulkomaalaisia urakoitsijoita Suomen lains\u00e4\u00e4d\u00e4nn\u00f6st\u00e4 ja ty\u00f6ehtosopimuksista. Kuva: Antro Valo \/ Yle<\/p>\n<p class=\"aw-1gybjub aw-1p7kakr cmIuaG fmSRng yle__article__paragraph\">Kansainv\u00e4liset rakennushankkeet joutuivat kev\u00e4\u00e4ll\u00e4 aikaisempaa tarkempaan syyniin Suomessa, koska isojen ulkomaalaisvetoisten rakennusty\u00f6maiden m\u00e4\u00e4r\u00e4 on lis\u00e4\u00e4ntynyt Suomessa.<\/p>\n<p class=\"aw-1gybjub aw-1p7kakr cmIuaG fmSRng yle__article__paragraph\">Samojen toimijoiden akkumateriaalitehtaat, tuulivoimalat ja datakeskukset levi\u00e4v\u00e4t my\u00f6s ymp\u00e4ri Pohjoismaita.<\/p>\n<p class=\"aw-1gybjub aw-1p7kakr cmIuaG fmSRng yle__article__paragraph\">\u2013 N\u00e4m\u00e4 ovat uusia toimijoita Suomessa, ja tekij\u00e4t tulevat ymp\u00e4ri Eurooppaa. P\u00e4\u00e4urakoitsijat ovat Irlannista, Tanskasta ja Saksasta. Heille t\u00e4m\u00e4 suomalainen ty\u00f6kulttuuri on erilaista ja yleissitovat ty\u00f6ehtosopimukset ovat monille ulkomaisille urakoitsijoille vieraita, toteaa Ainasoja.<\/p>\n<p class=\"aw-1gybjub aw-1p7kakr cmIuaG fmSRng yle__article__paragraph\">Yht\u00e4 aikaa kansainv\u00e4listen rakennushankkeiden lis\u00e4\u00e4ntymisen kanssa alalta on samalla poistunut Suomessa ty\u00f6voimaa 30 000\u201340 000 henkil\u00f6n edest\u00e4. Hedelm\u00e4llinen maaper\u00e4 harmaalle taloudelle syntyy siin\u00e4 vaiheessa, kun ty\u00f6ntekij\u00f6it\u00e4 tarvitaan lis\u00e4\u00e4.<\/p>\n<p>Datakeskusty\u00f6maat hyv\u00e4ll\u00e4 tolalla<\/p>\n<p class=\"aw-1gybjub aw-1p7kakr cmIuaG fmSRng yle__article__paragraph\">Valvontayksikk\u00f6 kiert\u00e4\u00e4 noin 20 ty\u00f6maalla ymp\u00e4ri Suomea. Isot datakeskusty\u00f6maat, kuten Microsoftin kohteet, ovat selvinneet tarkastuksista toistaiseksi puhtain paperein.<\/p>\n<p class=\"aw-1gybjub aw-1p7kakr cmIuaG fmSRng yle__article__paragraph\">\u2013 Yll\u00e4tt\u00e4v\u00e4n hyvin ne hoitavat asiansa. Paljon pahempaa t\u00e4ss\u00e4 odotettiin. Ehk\u00e4 ne ovat niin n\u00e4kyvi\u00e4 paikkoja kuitenkin, etteiv\u00e4t ne halua negatiivista julkisuutta.<\/p>\n<p class=\"aw-1gybjub aw-1p7kakr cmIuaG fmSRng yle__article__paragraph\">Ty\u00f6nantajaj\u00e4rjest\u00f6n edustaja muistaa isoilta kansainv\u00e4lisilt\u00e4 ty\u00f6mailta takavuosilta huonompiakin esimerkkej\u00e4.<\/p>\n<p class=\"aw-1gybjub aw-1p7kakr cmIuaG fmSRng yle__article__paragraph\">\u2013 Kun Olkiluotoa rakennettiin, me jouduttiin k\u00e4ym\u00e4\u00e4n keskustelua ulkomaisten urakoitsijoiden kanssa siit\u00e4, mit\u00e4 lains\u00e4\u00e4d\u00e4nt\u00f6\u00e4 pit\u00e4\u00e4 soveltaa. Heill\u00e4 oli mielest\u00e4\u00e4n parempi n\u00e4kemys siit\u00e4, sanoo Rakennusteollisuus RT:n vastaava juristi <strong class=\"aw-ak79eh KyCXm yle__article__strong\">Ville Wartiovaara<\/strong>.<\/p>\n<p><img decoding=\"async\" alt=\"Googlen datakeskus Haminassa.\" src=\"https:\/\/www.europesays.com\/fi\/wp-content\/uploads\/2025\/09\/39-852440613b3aa34c380.jpeg\" loading=\"lazy\" class=\"aw-1l9m598 hKVVvP\"\/><\/p>\n<p>Avaa kuvien katselu<\/p>\n<p>Googlen ensimm\u00e4inen palvelinkeskus avattiin Haminassa vuonna 2011. Se oli Suomen ensimm\u00e4inen merkitt\u00e4v\u00e4 datakeskus. Kuva on vuodelta 2021. Kuva: Antro Valo \/ YleUlkomaalaiset rakennusty\u00f6mailla<\/p>\n<ul class=\"aw-1jjocuh iJTSwP yle__article__list yle__article__list--ul\">\n<li class=\"aw-1j7gwms kUeLji\">Ulkomaalaisten osuus ty\u00f6voimasta rakennusty\u00f6mailla on viime vuosina ollut noin 20 prosenttia.<\/li>\n<li class=\"aw-1j7gwms kUeLji\">Suurin ryhm\u00e4 ovat virolaiset.<\/li>\n<li class=\"aw-1j7gwms kUeLji\">Ulkomaista ty\u00f6voimaa tulee Suomeen my\u00f6s muista Baltian maista, Puolasta, Ukrainasta ja Romaniasta.<\/li>\n<li class=\"aw-1j7gwms kUeLji\">Eniten ulkomaalaisia ty\u00f6skentelee talonrakennusteollisuudessa p\u00e4\u00e4kaupunkiseudulla.<\/li>\n<li class=\"aw-1j7gwms kUeLji\">Rakennusty\u00f6maita valvoo aluehallintovirasto yhdess\u00e4 alan ammattij\u00e4rjest\u00f6jen kanssa.<\/li>\n<\/ul>\n<p>Keit\u00e4 t\u00e4\u00e4ll\u00e4 on t\u00f6iss\u00e4?<\/p>\n<p class=\"aw-1gybjub aw-1p7kakr cmIuaG fmSRng yle__article__paragraph\">Osa Suomessa \u00e4skett\u00e4in k\u00e4ynnistyneist\u00e4 kansainv\u00e4lisist\u00e4 rakennushankkeista on her\u00e4tt\u00e4nyt kysymyksi\u00e4. Esimerkiksi Kymenlaaksossa kaksi isoa kansainv\u00e4list\u00e4 ty\u00f6maata on joutunut uuden valvontayksik\u00f6n tarkkailuun.<\/p>\n<p class=\"aw-1gybjub aw-1p7kakr cmIuaG fmSRng yle__article__paragraph\">Kiinteist\u00f6kehitysyhti\u00f6 Hyperco rakentaa Kouvolan Korialle datakeskusta, jonka ymp\u00e4rille nousi kes\u00e4ll\u00e4 laaja poliittinen keskustelu Suomessa.<\/p>\n<p class=\"aw-1gybjub aw-1p7kakr cmIuaG fmSRng yle__article__paragraph\">Porua on her\u00e4tt\u00e4nyt se, ett\u00e4 datakeskus nousee kiinalaisen lyhytvideopalvelu Tiktokin tarpeisiin. Hyperco on kertonut my\u00f6s toisesta datakeskushankkeesta Lohjalla.<\/p>\n<p class=\"aw-1gybjub aw-1p7kakr cmIuaG fmSRng yle__article__paragraph\">Korialla ovat nyt k\u00e4ynniss\u00e4 maanrakennusty\u00f6t, ja t\u00f6iss\u00e4 on noin sata ihmist\u00e4. P\u00e4\u00e4urakoitsijana toimii kansainv\u00e4lisen suunnittelu- ja rakennusalan yrityksen Exyten Suomen tyt\u00e4ryhti\u00f6.<\/p>\n<p>Exyte Finlandin projektinjohtaja John Francis ja Rakennusliiton asiantuntija Jussi Sakari kertovat, millaisissa tunnelmissa valvontak\u00e4ynnit ovat sujuneet.<\/p>\n<p class=\"aw-1gybjub aw-1p7kakr cmIuaG fmSRng yle__article__paragraph\">Exyte urakoi my\u00f6s Googlen datakeskuksen uusimman laajennuksen Haminassa. Googlen ty\u00f6maalla oli paljon ulkomaalaisia ty\u00f6ntekij\u00f6it\u00e4, jotka olivat tuttu n\u00e4ky Kotkan ja Haminan katukuvassa.<\/p>\n<p class=\"aw-1gybjub aw-1p7kakr cmIuaG fmSRng yle__article__paragraph\">Hyperco vakuuttaa, ett\u00e4 Korialla on toisin. Siell\u00e4 pyrit\u00e4\u00e4n ty\u00f6llist\u00e4m\u00e4\u00e4n mahdollisimman paljon paikallisia urakoitsijoita ja ty\u00f6ntekij\u00f6it\u00e4. Erikoisalat, kuten tietyt s\u00e4hk\u00f6asennukset, vaativat kuitenkin ulkomaalaisen ty\u00f6voiman palkkaamista.<\/p>\n<p class=\"aw-1gybjub aw-1p7kakr cmIuaG fmSRng yle__article__paragraph\">\u2013 Suomesta l\u00f6ytyy kyll\u00e4 osaamista, mutta t\u00e4\u00e4ll\u00e4 ei ole tarpeeksi ty\u00f6ntekij\u00f6it\u00e4, jotka voisivat ottaa vastuulleen n\u00e4in laajan kokonaisuuden isossa hankkeessa. Kymmenen miehen yritys ei riit\u00e4, kun ty\u00f6ntekij\u00f6it\u00e4 pit\u00e4\u00e4 olla suuren ty\u00f6m\u00e4\u00e4r\u00e4n ja tiukan aikataulun vuoksi 50\u2013200, sanoo Hypercon kehitysjohtaja <strong class=\"aw-ak79eh KyCXm yle__article__strong\">Ari Kurvi<\/strong>.<\/p>\n<p><img decoding=\"async\" alt=\"Tiktokin datakeskuksen ty\u00f6maan pohapiirros Tiktokin datakeskuksen ty\u00f6maan parakkialueella Kouvolassa.\" src=\"https:\/\/www.europesays.com\/fi\/wp-content\/uploads\/2025\/09\/39-152512968cbbe41ab1ff.jpeg\" loading=\"lazy\" class=\"aw-1l9m598 hKVVvP\"\/><\/p>\n<p>Avaa kuvien katselu<\/p>\n<p>Tiktokin datakeskuksen ty\u00f6maan pohjapiirros l\u00f6ytyy ty\u00f6maajohdon parakin sein\u00e4lt\u00e4. Kuva: Antro Valo \/ Yle<\/p>\n<p class=\"aw-1gybjub aw-1p7kakr cmIuaG fmSRng yle__article__paragraph\">Kansainv\u00e4listen ty\u00f6maiden valvontaa ty\u00f6llist\u00e4v\u00e4t pitk\u00e4t urakointiketjut.<\/p>\n<p class=\"aw-1gybjub aw-1p7kakr cmIuaG fmSRng yle__article__paragraph\">\u2013 Se on aikamoista salapoliisity\u00f6t\u00e4, kun firmat ovat ymp\u00e4ri Eurooppaa ja ty\u00f6ntekij\u00e4t voivat tulla Suomeen ilman, ett\u00e4 kukaan ty\u00f6maalla lopulta tiet\u00e4\u00e4, mist\u00e4 he tulevat, sanoo Rakennusliiton vanhempi asiantuntija Markus Ainasoja.<\/p>\n<p class=\"aw-1gybjub aw-1p7kakr cmIuaG fmSRng yle__article__paragraph\">Ari Kurvin mukaan Korian ty\u00f6maalla on mahdotonta ty\u00f6skennell\u00e4 ilman suomalaista ty\u00f6lupaa.<\/p>\n<p class=\"aw-1gybjub aw-1p7kakr cmIuaG fmSRng yle__article__paragraph\">\u2013 Jokaisella ty\u00f6ntekij\u00e4ll\u00e4 on suomalainen veronumero, jota ilman ei p\u00e4\u00e4se ty\u00f6maalle eik\u00e4 edes toimistoalueelle. Pid\u00e4mme tiukasti kiinni siit\u00e4, ettei tontille tule harmaata ty\u00f6voimaa, sanoo Kurvi.<\/p>\n<p class=\"aw-1gybjub aw-1p7kakr cmIuaG fmSRng yle__article__paragraph\">Tiktok-datakeskuksen ty\u00f6maalle on my\u00f6s palkattu p\u00e4\u00e4urakoitsijan toimesta suomea puhuva henkil\u00f6, joka tuntee ty\u00f6ehtosopimukset ja lains\u00e4\u00e4d\u00e4nn\u00f6n.<\/p>\n<p><img decoding=\"async\" alt=\"Exyten elite compliance manager Mira Odonoghue Tiktokin datakeskuksen ty\u00f6maan parakkialueella Kouvolassa.\" src=\"https:\/\/www.europesays.com\/fi\/wp-content\/uploads\/2025\/09\/39-152512468cbbe3d4a3cb.jpeg\" loading=\"lazy\" class=\"aw-1l9m598 hKVVvP\"\/><\/p>\n<p>Avaa kuvien katselu<\/p>\n<p>Mira Odonoghuen teht\u00e4v\u00e4 Tiktok-datakeskuksen ty\u00f6maalla on valvoa, ett\u00e4 ulkomaalaisten ty\u00f6ntekij\u00f6iden oikeudet ja toisaalta velvollisuudet toteutuvat.  Kuva: Antro Valo \/ Yle<\/p>\n<p class=\"aw-1gybjub aw-1p7kakr cmIuaG fmSRng yle__article__paragraph\">Rakennusteollisuus RT:n vastaavan juristin Ville Wartiovaaran mielest\u00e4 suomalainen veronumero on hyv\u00e4 alku. Se ei kuitenkaan yksin kerro mit\u00e4\u00e4n henkil\u00f6n ty\u00f6skentelyoikeudesta Suomessa.<\/p>\n<p class=\"aw-1gybjub aw-1p7kakr cmIuaG fmSRng yle__article__paragraph\">\u2013 T\u00e4st\u00e4 voi olla v\u00e4\u00e4ri\u00e4 mielikuvia. Ty\u00f6mailla on joskus luultu, ett\u00e4 henkil\u00f6ll\u00e4 on ty\u00f6skentelyoikeus Suomessa, koska h\u00e4nell\u00e4 on veronumerokin, toteaa Wartiovaara.<\/p>\n<p class=\"aw-1gybjub aw-1p7kakr cmIuaG fmSRng yle__article__paragraph\">EU- ja ETA-maiden kansalaiset voivat ty\u00f6skennell\u00e4 Suomessa korkeintaan kolme kuukautta ilman lupaa, mutta kolmannen maan kansalaisilta luvat on tarkastettava erikseen.<\/p>\n<p class=\"aw-1gybjub aw-1p7kakr cmIuaG fmSRng yle__article__paragraph\">\u2013 Ty\u00f6maalla pit\u00e4\u00e4 my\u00f6s tarkastaa, onko ty\u00f6lupa rajoittamaton eli voi tehd\u00e4 mit\u00e4 ty\u00f6t\u00e4 tahansa vai saako sill\u00e4 tehd\u00e4 vaikka vain raudoitust\u00f6it\u00e4 tai maalaust\u00f6it\u00e4, sanoo Wartiovaara.<\/p>\n<p>Veronumero<\/p>\n<ul class=\"aw-1jjocuh iJTSwP yle__article__list yle__article__list--ul\">\n<li class=\"aw-1j7gwms kUeLji\">12 merkin yksil\u00f6llinen numerosarja<\/li>\n<li class=\"aw-1j7gwms kUeLji\">Pakollinen kaikille rakennus- tai asennusty\u00f6maalla tai telakalla ty\u00f6skenteleville<\/li>\n<li class=\"aw-1j7gwms kUeLji\">Ulkomaalaiset saavat suomalaisen henkil\u00f6tunnuksen ja veronumeron Verohallinnosta<\/li>\n<li class=\"aw-1j7gwms kUeLji\">Veronumerot tallennetaan Verohallinnon rekisteriin<\/li>\n<\/ul>\n<p>Suomen ensimm\u00e4inen kiinalaisty\u00f6maa<\/p>\n<p class=\"aw-1gybjub aw-1p7kakr cmIuaG fmSRng yle__article__paragraph\">My\u00f6s Kotkassa on k\u00e4ynniss\u00e4 iso kansainv\u00e4linen hanke, kun sinne nousee akkumateriaalitehdas. Kyseess\u00e4 on samalla Suomen ensimm\u00e4inen merkitt\u00e4v\u00e4 rakennushanke, jossa p\u00e4\u00e4urakoitsijana toimii kiinalaisyritys.<\/p>\n<p class=\"aw-1gybjub aw-1p7kakr cmIuaG fmSRng yle__article__paragraph\">CHEC ei antanut Ylelle lupaa tehd\u00e4 juttua Keltakallion ty\u00f6maalla, eik\u00e4 vastannut haastattelupyynt\u00f6\u00f6n. Se on kuitenkin kertonut aikaisemmin suosivansa paikallisia urakoitsijoita. N\u00e4in on tapahtunutkin.<\/p>\n<p class=\"aw-1gybjub aw-1p7kakr cmIuaG fmSRng yle__article__paragraph\">\u2013 Olemme k\u00e4yneet keskusteluja hyv\u00e4ss\u00e4 hengess\u00e4. Kovasti kiinalaiset vakuuttivat, ett\u00e4 kaikkia s\u00e4\u00e4nt\u00f6j\u00e4 noudatetaan. T\u00e4m\u00e4 ty\u00f6maa on heille samalla er\u00e4\u00e4nlainen k\u00e4yntikortti Eurooppaan, sanoo vanhempi asiantuntija Markus Ainasoja Rakennusliitosta.<\/p>\n<p><img decoding=\"async\" alt=\"Keltakallion akkumateriaalitehtaan rakennusty\u00f6maa.\" src=\"https:\/\/www.europesays.com\/fi\/wp-content\/uploads\/2025\/09\/39-152032768c1708e39a55.jpeg\" loading=\"lazy\" class=\"aw-1l9m598 hKVVvP\"\/><\/p>\n<p>Avaa kuvien katselu<\/p>\n<p>Kotkan Keltakalliolle nousee akkumateriaalitehdas, jonka p\u00e4\u00e4urakoitisija on kiinalainen CHEC. Kuva: Kalle Purhonen \/ Yle<\/p>\n<p class=\"aw-1gybjub aw-1p7kakr cmIuaG fmSRng yle__article__paragraph\">Maahanmuuttovirasto<a class=\"aw-iao6s4 iHOxEa yle__article__link\" href=\"https:\/\/yle.fi\/a\/74-20160256\" role=\"link\" rel=\"nofollow noopener\" target=\"_blank\"> Migri kertoi Ylelle viime kev\u00e4\u00e4n\u00e4<\/a>, ett\u00e4 ty\u00f6maalle olisi tulossa mahdollisesti satoja kiinalaisia t\u00f6ihin. Migri ei ole vastannut sen j\u00e4lkeen Ylen tiedusteluihin asiasta.<\/p>\n<p class=\"aw-1gybjub aw-1p7kakr cmIuaG fmSRng yle__article__paragraph\">Valvontaa Kotkan Keltakalliolla ja Kouvolan Korialla tarvitaan Ainasojan mukaan etenkin loppusyksyst\u00e4 ja talvella. Kotkassa rakentajien m\u00e4\u00e4r\u00e4 kasvaa noin 800 ty\u00f6ntekij\u00e4\u00e4n ja Kouvolassa tuhanteen.<\/p>\n<p class=\"aw-1gybjub aw-1p7kakr cmIuaG fmSRng yle__article__paragraph\">\u2013 Harmaa talous ei ole v\u00e4hentynyt yht\u00e4\u00e4n. Sit\u00e4 voi helposti lipsahtaa ty\u00f6maalle, ellei p\u00e4\u00e4urakoitsija ole ajan tasalla ty\u00f6luvista ja -oikeuksista. My\u00f6s lains\u00e4\u00e4d\u00e4nt\u00f6\u00e4 pit\u00e4\u00e4 kirist\u00e4\u00e4.<\/p>\n","protected":false},"excerpt":{"rendered":"Juttu tiivistettyn\u00e4 Rakennusliitto on perustanut uuden ty\u00f6voiman valvontayksik\u00f6n kansainv\u00e4lisille rakennusty\u00f6maille Suomessa. Yksikk\u00f6 kiert\u00e4\u00e4 valvomassa ty\u00f6maita ja pyrkii torjumaan&hellip;\n","protected":false},"author":2,"featured_media":38886,"comment_status":"","ping_status":"","sticky":false,"template":"","format":"standard","meta":{"footnotes":""},"categories":[12],"tags":[22,23,26,27,33,31,30,17,71,464,24,25,28,29,15,18,21,6041,1003,32,19,20,2247,16],"class_list":{"0":"post-38885","1":"post","2":"type-post","3":"status-publish","4":"format-standard","5":"has-post-thumbnail","7":"category-suomi","8":"tag-breaking-news","9":"tag-breakingnews","10":"tag-featured-news","11":"tag-featurednews","12":"tag-fi","13":"tag-finland","14":"tag-finnish","15":"tag-headlines","16":"tag-kotimaa","17":"tag-kymenlaakso","18":"tag-latest-news","19":"tag-latestnews","20":"tag-main-news","21":"tag-mainnews","22":"tag-news","23":"tag-otsikot","24":"tag-paauutiset","25":"tag-rakennustyomaat","26":"tag-rakentaminen","27":"tag-suomi","28":"tag-top-stories","29":"tag-topstories","30":"tag-tyomarkkinat","31":"tag-uutiset"},"share_on_mastodon":{"url":"","error":""},"_links":{"self":[{"href":"https:\/\/www.europesays.com\/fi\/wp-json\/wp\/v2\/posts\/38885","targetHints":{"allow":["GET"]}}],"collection":[{"href":"https:\/\/www.europesays.com\/fi\/wp-json\/wp\/v2\/posts"}],"about":[{"href":"https:\/\/www.europesays.com\/fi\/wp-json\/wp\/v2\/types\/post"}],"author":[{"embeddable":true,"href":"https:\/\/www.europesays.com\/fi\/wp-json\/wp\/v2\/users\/2"}],"replies":[{"embeddable":true,"href":"https:\/\/www.europesays.com\/fi\/wp-json\/wp\/v2\/comments?post=38885"}],"version-history":[{"count":0,"href":"https:\/\/www.europesays.com\/fi\/wp-json\/wp\/v2\/posts\/38885\/revisions"}],"wp:featuredmedia":[{"embeddable":true,"href":"https:\/\/www.europesays.com\/fi\/wp-json\/wp\/v2\/media\/38886"}],"wp:attachment":[{"href":"https:\/\/www.europesays.com\/fi\/wp-json\/wp\/v2\/media?parent=38885"}],"wp:term":[{"taxonomy":"category","embeddable":true,"href":"https:\/\/www.europesays.com\/fi\/wp-json\/wp\/v2\/categories?post=38885"},{"taxonomy":"post_tag","embeddable":true,"href":"https:\/\/www.europesays.com\/fi\/wp-json\/wp\/v2\/tags?post=38885"}],"curies":[{"name":"wp","href":"https:\/\/api.w.org\/{rel}","templated":true}]}}