{"id":38905,"date":"2025-09-18T20:02:08","date_gmt":"2025-09-18T20:02:08","guid":{"rendered":"https:\/\/www.europesays.com\/fi\/38905\/"},"modified":"2025-09-18T20:02:08","modified_gmt":"2025-09-18T20:02:08","slug":"tallainen-on-suvi-terasniskan-uusi-kappale","status":"publish","type":"post","link":"https:\/\/www.europesays.com\/fi\/38905\/","title":{"rendered":"T\u00e4llainen on Suvi Ter\u00e4sniskan uusi kappale"},"content":{"rendered":"<p><strong>Suvi Ter\u00e4sniska<\/strong> ei paljoa lep\u00e4ile. Kes\u00e4keikat ovat nyt ohi, mutta Suvi l\u00e4htee saman tien uudelle kiertueelle. Tulevalla kiertueella kuullaan v\u00e4h\u00e4n erilaisia versioita Suvin kappaleista. Suvin Instagramissa kerrotaan nimitt\u00e4in seuraavaa:<\/p>\n<p>Lue my\u00f6s: <a href=\"https:\/\/www.como.fi\/uutiset\/suvi-terasniskalta-suuri-paljastus-syy-siihen-etta-laulan\/\" rel=\"nofollow noopener\" target=\"_blank\">Suvi Ter\u00e4sniskalta suuri paljastus \u2013 \u201dSyy siihen, ett\u00e4 laulan\u201d<\/a><\/p>\n<p>Lue my\u00f6s: <a href=\"https:\/\/www.como.fi\/uutiset\/suvi-terasniskalta-toinen-mieleton-yllatys-talla-viikolla\/\" rel=\"nofollow noopener\" target=\"_blank\">Suvi Ter\u00e4sniskalta toinen mielet\u00f6n yll\u00e4tys t\u00e4ll\u00e4 viikolla<\/a><\/p>\n<p>\u201dSuvi Ter\u00e4sniska l\u00e4htee syksyll\u00e4 omalle kattavalle akustiselle kiertueelleen. Upeista tulkinnoistaan tunnetun Suvi Ter\u00e4sniskan syyskiertueella kuullaan artistin rakastetuimpia hittej\u00e4 puoliakustisin sovituksin\u201d, Suvin Instagramissa kerrotaan.<\/p>\n<p>Viime perjantaina Suvi julkaisi my\u00f6s uuden kappaleen. Voit kuunnella ja katsoa sen upean videon konserttip\u00e4iv\u00e4m\u00e4\u00e4rien alta.<\/p>\n<p><img loading=\"lazy\" decoding=\"async\" alt=\"YouTube video\" width=\"480\" height=\"360\" data-pin-nopin=\"true\" nopin=\"nopin\" class=\"perfmatters-lazy\" src=\"https:\/\/www.europesays.com\/fi\/wp-content\/uploads\/2025\/09\/1758225728_68_hqdefault.jpg\"\/><\/p>\n<p>Lue my\u00f6s: <a href=\"https:\/\/www.como.fi\/tilaa-comon-uutiskirje\/\" title=\"Tilaa Comon uutiskirje ja tied\u00e4t mist\u00e4 kahvitauolla puhutaan! Nappaa kotimaan tv-vinkit ja puheenaiheet suoraan s\u00e4hk\u00f6postiin t\u00e4st\u00e4.\" class=\"underline-custom !font-montserrat !font-bold !underline-offset-4 !decoration-4 !decoration-red-600 !text-md\" rel=\"nofollow noopener\" target=\"_blank\">Tilaa Comon uutiskirje ja tied\u00e4t mist\u00e4 kahvitauolla puhutaan! Nappaa kotimaan tv-vinkit ja puheenaiheet suoraan s\u00e4hk\u00f6postiin t\u00e4st\u00e4.<\/a><\/p>\n","protected":false},"excerpt":{"rendered":"Suvi Ter\u00e4sniska ei paljoa lep\u00e4ile. Kes\u00e4keikat ovat nyt ohi, mutta Suvi l\u00e4htee saman tien uudelle kiertueelle. Tulevalla kiertueella&hellip;\n","protected":false},"author":2,"featured_media":38906,"comment_status":"","ping_status":"","sticky":false,"template":"","format":"standard","meta":{"footnotes":""},"categories":[132],"tags":[137,33,31,30,195,47,32,6416,109],"class_list":{"0":"post-38905","1":"post","2":"type-post","3":"status-publish","4":"format-standard","5":"has-post-thumbnail","7":"category-musiikki","8":"tag-entertainment","9":"tag-fi","10":"tag-finland","11":"tag-finnish","12":"tag-music","13":"tag-musiikki","14":"tag-suomi","15":"tag-suvi-teru00e4sniska","16":"tag-viihde"},"share_on_mastodon":{"url":"","error":""},"_links":{"self":[{"href":"https:\/\/www.europesays.com\/fi\/wp-json\/wp\/v2\/posts\/38905","targetHints":{"allow":["GET"]}}],"collection":[{"href":"https:\/\/www.europesays.com\/fi\/wp-json\/wp\/v2\/posts"}],"about":[{"href":"https:\/\/www.europesays.com\/fi\/wp-json\/wp\/v2\/types\/post"}],"author":[{"embeddable":true,"href":"https:\/\/www.europesays.com\/fi\/wp-json\/wp\/v2\/users\/2"}],"replies":[{"embeddable":true,"href":"https:\/\/www.europesays.com\/fi\/wp-json\/wp\/v2\/comments?post=38905"}],"version-history":[{"count":0,"href":"https:\/\/www.europesays.com\/fi\/wp-json\/wp\/v2\/posts\/38905\/revisions"}],"wp:featuredmedia":[{"embeddable":true,"href":"https:\/\/www.europesays.com\/fi\/wp-json\/wp\/v2\/media\/38906"}],"wp:attachment":[{"href":"https:\/\/www.europesays.com\/fi\/wp-json\/wp\/v2\/media?parent=38905"}],"wp:term":[{"taxonomy":"category","embeddable":true,"href":"https:\/\/www.europesays.com\/fi\/wp-json\/wp\/v2\/categories?post=38905"},{"taxonomy":"post_tag","embeddable":true,"href":"https:\/\/www.europesays.com\/fi\/wp-json\/wp\/v2\/tags?post=38905"}],"curies":[{"name":"wp","href":"https:\/\/api.w.org\/{rel}","templated":true}]}}