{"id":38911,"date":"2025-09-18T20:09:08","date_gmt":"2025-09-18T20:09:08","guid":{"rendered":"https:\/\/www.europesays.com\/fi\/38911\/"},"modified":"2025-09-18T20:09:08","modified_gmt":"2025-09-18T20:09:08","slug":"alligaattori-sai-porttikiellon-ruokakauppaan-yhdysvalloissa","status":"publish","type":"post","link":"https:\/\/www.europesays.com\/fi\/38911\/","title":{"rendered":"Alligaattori sai porttikiellon ruokakauppaan Yhdysvalloissa"},"content":{"rendered":"<p><strong class=\"typography-bold\">Pennsylvaniassa Yhdysvalloissa pieneksi julkkikseksi muodostunut Jinseioshi-alligaattori on saanut omistajansa suureksi harmiksi porttikiellon paikalliseen hypermarkettiin.<\/strong><\/p>\n<p>Pennsylvanialainen <strong class=\"typography-bold\">Wesley Silva<\/strong>, 60, koki viime viikolla karvaan pettymyksen, kun h\u00e4nen puolitoista metri\u00e4 pitk\u00e4n ja 15 kiloa painavan lemmikkins\u00e4 p\u00e4\u00e4sy paikalliseen Walmartiin kiellettiin, kertoo muun muassa tv-kanava <a class=\"underline\" data-testid=\"external-link\" href=\"https:\/\/www.nbcnews.com\/news\/us-news\/emotional-support-alligator-no-longer-welcome-pennsylvania-walmart-rcna230650\" rel=\"noopener noreferrer nofollow\" target=\"_blank\" data-sentry-component=\"ExternalLink\" data-sentry-source-file=\"ExternalLink.tsx\">NBC New<\/a>.<\/p>\n<p>Silva ja h\u00e4nen &#8221;tukialligaattorinsa&#8221; nousivat otsikoihin, kun paikallinen media <a class=\"underline\" data-testid=\"external-link\" href=\"https:\/\/www.wpxi.com\/unavailable-location\/\" rel=\"noopener noreferrer nofollow\" target=\"_blank\" data-sentry-component=\"ExternalLink\" data-sentry-source-file=\"ExternalLink.tsx\">WPXI<\/a> pani heid\u00e4n vierailunsa Walmartissa merkille. Silva ty\u00f6nsi uutiskuvissa ostosk\u00e4rryss\u00e4 alligaattoria, joka oli puettu mekkoon.<\/p>\n<p>Silvan mukaan heill\u00e4 ei ollut kaupassa ongelmia aiemmin, mutta viimeisell\u00e4 k\u00e4ynnill\u00e4 he saivat miehen yll\u00e4tykseksi k\u00e4skyn pysy\u00e4 poissa. Walmart vahvisti asian t\u00e4n\u00e4\u00e4n torstaina.<\/p>\n<p><strong class=\"typography-bold\">Jiseioshi on Silvan tukiel\u00e4in<\/strong><\/p>\n<p>Silvan mukaan h\u00e4n ja Jinseioshi olivat saaneet kauppareissuillaan aiemmin vain kehuja.<\/p>\n<p>Silva on NBC:n mukaan vienyt villapaitaan puetun alligaattorinsa my\u00f6s ravintoloihin ja kertoo sen saaneen siell\u00e4kin aina l\u00e4mpim\u00e4n vastaanoton.<\/p>\n<p>Silva sanoo, ett\u00e4 Jinseioshi on rekister\u00f6ity my\u00f6s niin sanotuksi emotionaaliseksi tukiel\u00e4imeksi.<\/p>\n<p>\u2013 Olemme k\u00e4yneet Walmartissa noin kolme ja puoli vuotta ja yleens\u00e4 reaktio on ollut &#8221;onpa siisti\u00e4&#8221; tai &#8221;onpa mahtavaa, ett\u00e4 sinulla on alligaattori lemmikkin\u00e4&#8221;, Silva kertoi NBC Newsille torstaina.<\/p>\n<p><strong class=\"typography-bold\">Lue my\u00f6s: <\/strong><a class=\"underline\" data-testid=\"internal-link\" role=\"link\" data-sentry-element=\"Link\" data-sentry-component=\"InternalLink\" data-sentry-source-file=\"InternalLink.tsx\" href=\"https:\/\/www.mtvuutiset.fi\/artikkeli\/emotionaalisia-tukielaimia-on-yhdysvalloissa-epidemiaksi-asti-saantojen-puutteen-takia-vaihtelevat-koirista-ja-alligaattoriin\/8575164\" rel=\"nofollow noopener\" target=\"_blank\"><strong class=\"typography-bold\">Emotionaalisia tukiel\u00e4imi\u00e4 on Yhdysvalloissa epidemiaksi asti \u2013 &#8221;Meid\u00e4n tulisi ajatella el\u00e4int\u00e4 aivan yht\u00e4 paljon kuin ihmist\u00e4kin&#8221;<\/strong><\/a><\/p>\n<p>Walmartin tiedottaja oli kuitenkin paljon v\u00e4hemm\u00e4n innostunut ja sanoi, ett\u00e4 Jinseioshi ja muut alligaattorit eiv\u00e4t ole tervetulleita myym\u00e4l\u00f6ihin.<\/p>\n<p>\u2013 Asiakkaidemme ja ty\u00f6ntekij\u00f6idemme turvallisuus on meille ensisijaisen t\u00e4rke\u00e4\u00e4, Walmartista kommentoitiin NBC:n mukaan.\u00a0<\/p>\n<p>\u2013 Palveluel\u00e4imet ovat tervetulleita myym\u00e4l\u00f6ihimme, mutta on mahdotonta hyv\u00e4ksy\u00e4, ett\u00e4 yleis\u00f6 altistetaan mahdolliselle vaaralle.<\/p>\n<p><strong class=\"typography-bold\">Lue my\u00f6s: <\/strong><a class=\"underline\" data-testid=\"internal-link\" role=\"link\" data-sentry-element=\"Link\" data-sentry-component=\"InternalLink\" data-sentry-source-file=\"InternalLink.tsx\" href=\"https:\/\/www.mtvuutiset.fi\/artikkeli\/lentokone-putosi-alligaattoreita-kuhisevalle-suolle-amazonissa-alkoi-36-tuntia-kestanyt-piina\/9148532\" rel=\"nofollow noopener\" target=\"_blank\"><strong class=\"typography-bold\">Lentokone putosi alligaattoreita kuhisevalle suolle Amazonissa: Alkoi 36 tuntia kest\u00e4nyt piina<\/strong><\/a><strong class=\"typography-bold\">P\u00e4iv\u00e4t uima-altaassa ja y\u00f6t kylpyammeessa<\/strong><\/p>\n<p>Nyt Jinseioshi viett\u00e4\u00e4 Silvan mukaan suurimman osan p\u00e4ivist\u00e4\u00e4n ulkona uima-altaassa ja y\u00f6t kylpyammeessa.<\/p>\n<p>Ennen Jinseioshin saapumista Silvalla oli jo el\u00e4inperheess\u00e4\u00e4n muun muassa kuusi k\u00e4\u00e4rmett\u00e4, leopardigekko, komodonvaraani eli j\u00e4ttil\u00e4isvaraani ja silm\u00e4skinkki-lisko sek\u00e4 koira.<\/p>\n<p>Jinseioshin Silva sai nelj\u00e4 vuotta sitten lahjaksi naapuriltaan.<\/p>\n<blockquote class=\"space-y-600 rounded-md bg-primary-100 px-600 py-1000 sub-theme-makuja:bg-makuja-100 sub-theme-makuja:text-primary-800 dark:bg-primary-500 sub-theme-makuja:dark:bg-makuja-900 sub-theme-makuja:dark:text-primary-100\"><p><strong class=\"typography-bold\">Mik\u00e4 tukiel\u00e4in?<\/strong><\/p>\n<ul class=\"list-outside list-disc ps-500\">\n<li>Tukiel\u00e4imen ajatellaan tarjoavan psykologista tukea omistajalleen esimerkiksi ahdistuksen, masennuksen tai muun mielenterveyden haasteiden yhteydess\u00e4.<\/li>\n<li>ESA-el\u00e4imet eiv\u00e4t ole koulutettuja kuten opas- tai avustajakoirat, mutta niiden l\u00e4sn\u00e4olo auttaa omistajaa selviytym\u00e4\u00e4n arjessa.<\/li>\n<li>Yhdysvalloissa ESA-el\u00e4imill\u00e4 voi olla erityisoikeuksia, kuten oikeus asua vuokra-asunnossa, jossa lemmikit eiv\u00e4t muuten ole sallittuja.<\/li>\n<\/ul>\n<p>L\u00e4hde: <a class=\"underline\" data-testid=\"external-link\" href=\"https:\/\/esapet.com\/emotional-support-animals\/\" rel=\"noopener noreferrer nofollow\" target=\"_blank\" data-sentry-component=\"ExternalLink\" data-sentry-source-file=\"ExternalLink.tsx\">ESAPet<\/a>.<\/p>\n<\/blockquote>\n","protected":false},"excerpt":{"rendered":"Pennsylvaniassa Yhdysvalloissa pieneksi julkkikseksi muodostunut Jinseioshi-alligaattori on saanut omistajansa suureksi harmiksi porttikiellon paikalliseen hypermarkettiin. Pennsylvanialainen Wesley Silva, 60,&hellip;\n","protected":false},"author":2,"featured_media":38912,"comment_status":"","ping_status":"","sticky":false,"template":"","format":"standard","meta":{"footnotes":""},"categories":[76],"tags":[79,77,33,31,30,32,78],"class_list":{"0":"post-38911","1":"post","2":"type-post","3":"status-publish","4":"format-standard","5":"has-post-thumbnail","7":"category-talous","8":"tag-business","9":"tag-economy","10":"tag-fi","11":"tag-finland","12":"tag-finnish","13":"tag-suomi","14":"tag-talous"},"share_on_mastodon":{"url":"","error":""},"_links":{"self":[{"href":"https:\/\/www.europesays.com\/fi\/wp-json\/wp\/v2\/posts\/38911","targetHints":{"allow":["GET"]}}],"collection":[{"href":"https:\/\/www.europesays.com\/fi\/wp-json\/wp\/v2\/posts"}],"about":[{"href":"https:\/\/www.europesays.com\/fi\/wp-json\/wp\/v2\/types\/post"}],"author":[{"embeddable":true,"href":"https:\/\/www.europesays.com\/fi\/wp-json\/wp\/v2\/users\/2"}],"replies":[{"embeddable":true,"href":"https:\/\/www.europesays.com\/fi\/wp-json\/wp\/v2\/comments?post=38911"}],"version-history":[{"count":0,"href":"https:\/\/www.europesays.com\/fi\/wp-json\/wp\/v2\/posts\/38911\/revisions"}],"wp:featuredmedia":[{"embeddable":true,"href":"https:\/\/www.europesays.com\/fi\/wp-json\/wp\/v2\/media\/38912"}],"wp:attachment":[{"href":"https:\/\/www.europesays.com\/fi\/wp-json\/wp\/v2\/media?parent=38911"}],"wp:term":[{"taxonomy":"category","embeddable":true,"href":"https:\/\/www.europesays.com\/fi\/wp-json\/wp\/v2\/categories?post=38911"},{"taxonomy":"post_tag","embeddable":true,"href":"https:\/\/www.europesays.com\/fi\/wp-json\/wp\/v2\/tags?post=38911"}],"curies":[{"name":"wp","href":"https:\/\/api.w.org\/{rel}","templated":true}]}}