{"id":38939,"date":"2025-09-18T20:53:08","date_gmt":"2025-09-18T20:53:08","guid":{"rendered":"https:\/\/www.europesays.com\/fi\/38939\/"},"modified":"2025-09-18T20:53:08","modified_gmt":"2025-09-18T20:53:08","slug":"ensitreffit-alttarilla-julia-kertoo-artun-loukkaavista-kommenteista","status":"publish","type":"post","link":"https:\/\/www.europesays.com\/fi\/38939\/","title":{"rendered":"Ensitreffit alttarilla -Julia kertoo Artun loukkaavista kommenteista"},"content":{"rendered":"<p><strong class=\"typography-bold\">Ensitreffit alttarilla -ohjelmassa morsiamen suojamuurit ovat nousseet yl\u00f6s sulhasen h\u00e4nelle esitt\u00e4mien kommenttien takia.<\/strong><\/p>\n<p><a class=\"underline\" data-testid=\"internal-link\" role=\"link\" data-sentry-element=\"Link\" data-sentry-component=\"InternalLink\" data-sentry-source-file=\"InternalLink.tsx\" href=\"https:\/\/www.mtvuutiset.fi\/aihe\/ensitreffit-alttarilla\/6891598\" rel=\"nofollow noopener\" target=\"_blank\">Ensitreffit alttarilla<\/a> -kauden viidenness\u00e4 jaksossa parien odotukset ja todellisuus alkavat kohdata niin h\u00e4\u00e4matkoilla kuin kotonakin. Jakso on katsottavissa MTV Katsomo+ -tilauksella jo nyt. <strong class=\"typography-bold\">VARO JUONIPALJASTUKSIA!<\/strong><\/p>\n<p>Jaksossa <strong class=\"typography-bold\">Julia<\/strong> kertoo olevansa harmissaan siit\u00e4, miten Arttu on kommentoinut h\u00e4nen ulkon\u00e4k\u00f6\u00e4\u00e4n. H\u00e4n on herkk\u00e4 ulkon\u00e4k\u00f6\u00f6n liittyviin kommentteihin jouduttuaan kiusatuksi ulkon\u00e4\u00f6st\u00e4\u00e4n p\u00e4iv\u00e4kodista lukiolaiseksi saakka.<\/p>\n<p>Julia kertoo, ett\u00e4 Artun kommentit ovat saaneet h\u00e4net nostamaan suojamuurinsa yl\u00f6s.<\/p>\n<p>\u2013 H\u00e4n on aika paljon kritisoinut ulkon\u00e4k\u00f6\u00e4ni, se ei ollut kauhean kivaa, Julia kertoo.<\/p>\n<p>Lue my\u00f6s: <a class=\"underline\" data-testid=\"external-link\" href=\"https:\/\/www.mtvuutiset.fi\/artikkeli\/ensitreffit-alttarilla-morsian-jarkyttyy-nahdessaan-sulhasensa-tassa-syy\/9216658\" rel=\"noopener noreferrer nofollow\" target=\"_blank\" data-sentry-component=\"ExternalLink\" data-sentry-source-file=\"ExternalLink.tsx\">Ensitreffit alttarilla -morsian j\u00e4rkyttyy n\u00e4hdess\u00e4\u00e4n sulhasensa \u2013 t\u00e4ss\u00e4 syy<\/a><\/p>\n<p>Kommentit ovat liittyneet esimerkiksi Julian hiuksiin ja tatuointeihin.\u00a0<\/p>\n<p>\u2013\u00a0Ett\u00e4 h\u00e4n j\u00e4rkyttyi silloin alttarilla minun tatuoinneistani, ett\u00e4 h\u00e4n ei tykk\u00e4\u00e4 niist\u00e4 ja onneksi ne saa piiloon, Julia kertoo kameroille.<\/p>\n<p>\u2013\u00a0Ulkon\u00e4\u00f6n arviointi on itselleni kova paikka. H\u00e4n sanoi, ett\u00e4 on ihan kiva ja h\u00e4n kyll\u00e4 tykk\u00e4\u00e4, mutta ett\u00e4 sin\u00e4 olet v\u00e4h\u00e4n miesm\u00e4inen nainen, h\u00e4n jatkaa.\u00a0<\/p>\n<p><strong class=\"typography-bold\">Katso kohtaus ennakkoon yll\u00e4 olevalta videolta!<\/strong><\/p>\n<p><strong class=\"typography-bold\">Ensitreffit alttarilla torstaisin klo 21 <\/strong><a class=\"underline\" data-testid=\"external-link\" href=\"https:\/\/www.mtv.fi\/ohjelma\/b7378e46171a483be690\/ensitreffit-alttarilla\" rel=\"noopener noreferrer nofollow\" data-sentry-component=\"ExternalLink\" data-sentry-source-file=\"ExternalLink.tsx\" target=\"_blank\"><strong class=\"typography-bold\">MTV Katsomossa<\/strong><\/a><strong class=\"typography-bold\"> ja MTV3-kanavalla.<\/strong><\/p>\n","protected":false},"excerpt":{"rendered":"Ensitreffit alttarilla -ohjelmassa morsiamen suojamuurit ovat nousseet yl\u00f6s sulhasen h\u00e4nelle esitt\u00e4mien kommenttien takia. Ensitreffit alttarilla -kauden viidenness\u00e4 jaksossa&hellip;\n","protected":false},"author":2,"featured_media":38940,"comment_status":"","ping_status":"","sticky":false,"template":"","format":"standard","meta":{"footnotes":""},"categories":[133],"tags":[137,33,31,30,32,206,156,109],"class_list":{"0":"post-38939","1":"post","2":"type-post","3":"status-publish","4":"format-standard","5":"has-post-thumbnail","7":"category-televisiot","8":"tag-entertainment","9":"tag-fi","10":"tag-finland","11":"tag-finnish","12":"tag-suomi","13":"tag-televisiot","14":"tag-tv","15":"tag-viihde"},"share_on_mastodon":{"url":"","error":""},"_links":{"self":[{"href":"https:\/\/www.europesays.com\/fi\/wp-json\/wp\/v2\/posts\/38939","targetHints":{"allow":["GET"]}}],"collection":[{"href":"https:\/\/www.europesays.com\/fi\/wp-json\/wp\/v2\/posts"}],"about":[{"href":"https:\/\/www.europesays.com\/fi\/wp-json\/wp\/v2\/types\/post"}],"author":[{"embeddable":true,"href":"https:\/\/www.europesays.com\/fi\/wp-json\/wp\/v2\/users\/2"}],"replies":[{"embeddable":true,"href":"https:\/\/www.europesays.com\/fi\/wp-json\/wp\/v2\/comments?post=38939"}],"version-history":[{"count":0,"href":"https:\/\/www.europesays.com\/fi\/wp-json\/wp\/v2\/posts\/38939\/revisions"}],"wp:featuredmedia":[{"embeddable":true,"href":"https:\/\/www.europesays.com\/fi\/wp-json\/wp\/v2\/media\/38940"}],"wp:attachment":[{"href":"https:\/\/www.europesays.com\/fi\/wp-json\/wp\/v2\/media?parent=38939"}],"wp:term":[{"taxonomy":"category","embeddable":true,"href":"https:\/\/www.europesays.com\/fi\/wp-json\/wp\/v2\/categories?post=38939"},{"taxonomy":"post_tag","embeddable":true,"href":"https:\/\/www.europesays.com\/fi\/wp-json\/wp\/v2\/tags?post=38939"}],"curies":[{"name":"wp","href":"https:\/\/api.w.org\/{rel}","templated":true}]}}