{"id":38959,"date":"2025-09-18T21:19:07","date_gmt":"2025-09-18T21:19:07","guid":{"rendered":"https:\/\/www.europesays.com\/fi\/38959\/"},"modified":"2025-09-18T21:19:07","modified_gmt":"2025-09-18T21:19:07","slug":"erikoisjoukot-kouluttajille-riitti-kokelas-ulos-leirilta-iltalehti","status":"publish","type":"post","link":"https:\/\/www.europesays.com\/fi\/38959\/","title":{"rendered":"Erikoisjoukot-kouluttajille riitti: Kokelas ulos leirilt\u00e4 &#8211; Iltalehti"},"content":{"rendered":"<ol>\n<li><a href=\"https:\/\/news.google.com\/rss\/articles\/CBMiggFBVV95cUxNN0NSMm1TQmtfZ2VUUXJDU2pDMWtqYkRaMktmN2ptU3JqU0hCRUJUdl9IdEE0a3FqSmpwX3dzRGhzbHRvT21mZEhic0dOQkUyd1d0VzdsVWtDTXg2Q3ZYLVNZZ0I5QXJmbjFEOHhDV29fdWc4R3prbXlkMWEyRGs2ejln?oc=5\" target=\"_blank\" rel=\"nofollow noopener\">Erikoisjoukot-kouluttajille riitti: Kokelas ulos leirilt\u00e4<\/a>&nbsp;&nbsp;Iltalehti<\/li>\n<li><a href=\"https:\/\/news.google.com\/rss\/articles\/CBMiZkFVX3lxTE1Pd1lHRDRRckxVNEFpR3QzQ3BmTWw5ZS1LMUQ0VHRBZjJ1aG9kT2tYMTdTZVMxNnloOWgwRVhuekVNZHlERi1yTUhJODR0NHhXNTZVQXVON0J5VXhSZjZrbnBrTkNXQQ?oc=5\" target=\"_blank\" rel=\"nofollow noopener\">Vanhin kilpailija tylysti ulos Erikoisjoukoissa<\/a>&nbsp;&nbsp;Ilta-Sanomat<\/li>\n<li><a href=\"https:\/\/news.google.com\/rss\/articles\/CBMipgFBVV95cUxNSm1SYWNpVVF6V3RwMy1CWXlWZ3BBLVJfOGNTNVdvRENacVNyVWJRc3UzcmxVNGMyZ0VCdUZ6eTBYZ1dOUTRJcW90MW1kUVlBYk8zT3VCVzRYTTBaQzRFazAzbkxscWcwQ3JhWUhEWlhmOV84Qi1Ed3FyU1U4LXgtaURXemxRU2psbVpEc3RZbUczR2pGTVRkRzRnYTVZT1R2SmJJOHpn?oc=5\" target=\"_blank\" rel=\"nofollow noopener\">Erikoisjoukot-kokelas l\u00e4hetettiin kotiin \u2013 julmat sanat kouluttajalta<\/a>&nbsp;&nbsp;Seiska.fi<\/li>\n<li><a href=\"https:\/\/news.google.com\/rss\/articles\/CBMiZkFVX3lxTE9jd1BuYkIwZW9GSk1SZ0pzbWF6UmJpMTYybXhqaEd3Sm5fdEtVX0NFVno0RGEyMGtNeWc2aVBYa3RSUV9xbS1JV0t3cGl1RnA2NWRGWVVqdl85VzJNbjdwN2ctVWZHdw?oc=5\" target=\"_blank\" rel=\"nofollow noopener\">Uusi iso yll\u00e4tys Erikoisjoukot-ohjelmassa \u2013 \u201dSen n\u00e4ki, kun selk\u00e4ranka katkesi\u201d<\/a>&nbsp;&nbsp;Ilta-Sanomat<\/li>\n<li><a href=\"https:\/\/news.google.com\/rss\/articles\/CBMiswFBVV95cUxPTGZzaE1vM3NkLV9WQXBSSlZsMG5RVEZJT043TzlKWjF0b1E4ZEhFYlZGX2poU2FkNy1jNWN0bi1zV2lJc1BmMm85dkRUaVVMZF9rYmFsZml1WDJpZDR4ZFlsT01laGtjWEFGQUdwMzlfc2RrbllmbUhtVFp0Ty1sUWtVZXFwTHk5MEtodHNEa0EtbXhMU3VDMGctVHZPRkNJcUxTb3JCRXpaMXBNcm56T0JLMA?oc=5\" target=\"_blank\" rel=\"nofollow noopener\">Erikoisjoukot-kokelaan mitta tuli t\u00e4yteen \u2013 kouluttajat h\u00e4mm\u00e4styiv\u00e4t reaktiosta<\/a>&nbsp;&nbsp;Seiska.fi<\/li>\n<\/ol>\n","protected":false},"excerpt":{"rendered":"Erikoisjoukot-kouluttajille riitti: Kokelas ulos leirilt\u00e4&nbsp;&nbsp;Iltalehti Vanhin kilpailija tylysti ulos Erikoisjoukoissa&nbsp;&nbsp;Ilta-Sanomat Erikoisjoukot-kokelas l\u00e4hetettiin kotiin \u2013 julmat sanat kouluttajalta&nbsp;&nbsp;Seiska.fi Uusi&hellip;\n","protected":false},"author":2,"featured_media":22533,"comment_status":"","ping_status":"","sticky":false,"template":"","format":"standard","meta":{"footnotes":""},"categories":[133],"tags":[35,153,137,33,31,30,10666,1616,32,206,140,139,156,109],"class_list":{"0":"post-38959","1":"post","2":"type-post","3":"status-publish","4":"format-standard","5":"has-post-thumbnail","7":"category-televisiot","8":"tag-24h","9":"tag-audiovisuaalinen-media","10":"tag-entertainment","11":"tag-fi","12":"tag-finland","13":"tag-finnish","14":"tag-kamera-digitaalinen-ja-analoginen","15":"tag-media-viestinta","16":"tag-suomi","17":"tag-televisiot","18":"tag-tv-ja-elokuvat","19":"tag-tv-ohjelmat","20":"tag-tv","21":"tag-viihde"},"share_on_mastodon":{"url":"","error":""},"_links":{"self":[{"href":"https:\/\/www.europesays.com\/fi\/wp-json\/wp\/v2\/posts\/38959","targetHints":{"allow":["GET"]}}],"collection":[{"href":"https:\/\/www.europesays.com\/fi\/wp-json\/wp\/v2\/posts"}],"about":[{"href":"https:\/\/www.europesays.com\/fi\/wp-json\/wp\/v2\/types\/post"}],"author":[{"embeddable":true,"href":"https:\/\/www.europesays.com\/fi\/wp-json\/wp\/v2\/users\/2"}],"replies":[{"embeddable":true,"href":"https:\/\/www.europesays.com\/fi\/wp-json\/wp\/v2\/comments?post=38959"}],"version-history":[{"count":0,"href":"https:\/\/www.europesays.com\/fi\/wp-json\/wp\/v2\/posts\/38959\/revisions"}],"wp:featuredmedia":[{"embeddable":true,"href":"https:\/\/www.europesays.com\/fi\/wp-json\/wp\/v2\/media\/22533"}],"wp:attachment":[{"href":"https:\/\/www.europesays.com\/fi\/wp-json\/wp\/v2\/media?parent=38959"}],"wp:term":[{"taxonomy":"category","embeddable":true,"href":"https:\/\/www.europesays.com\/fi\/wp-json\/wp\/v2\/categories?post=38959"},{"taxonomy":"post_tag","embeddable":true,"href":"https:\/\/www.europesays.com\/fi\/wp-json\/wp\/v2\/tags?post=38959"}],"curies":[{"name":"wp","href":"https:\/\/api.w.org\/{rel}","templated":true}]}}