{"id":38970,"date":"2025-09-18T21:28:08","date_gmt":"2025-09-18T21:28:08","guid":{"rendered":"https:\/\/www.europesays.com\/fi\/38970\/"},"modified":"2025-09-18T21:28:08","modified_gmt":"2025-09-18T21:28:08","slug":"erittain-voimakas-maanjaristys-venajalla","status":"publish","type":"post","link":"https:\/\/www.europesays.com\/fi\/38970\/","title":{"rendered":"Eritt\u00e4in voimakas maanj\u00e4ristys Ven\u00e4j\u00e4ll\u00e4"},"content":{"rendered":"<p>Voimakkuudeltaan 7,2 vahvuinen maanj\u00e4ristys ravisutti torstai-illalla Kamt\u0161atkan niemimaata.<\/p>\n<p><img decoding=\"async\" class=\"image image-show image-preview\" src=\"https:\/\/www.europesays.com\/fi\/wp-content\/uploads\/2025\/09\/62dcff3a4945f6b44826b5bc81d5116146406a523201c29cb960e9d6cd5733f8.jpg\" alt=\"\"\/><img decoding=\"async\" class=\"image image-show\" src=\"https:\/\/www.europesays.com\/fi\/wp-content\/uploads\/2025\/09\/1758230888_54_62dcff3a4945f6b44826b5bc81d5116146406a523201c29cb960e9d6cd5733f8.jpg\" alt=\"\"\/><\/p>\n<p>Kamt\u0161atkan rannikolla j\u00e4risee taas. Kuvituskuva. ZumaWire \/ MVPHOTOS<\/p>\n<p class=\"paragraph\">Maanj\u00e4ristys iski Kamt\u0161atkan rannikolle Ven\u00e4j\u00e4n it\u00e4osaan hieman kello kymmenen j\u00e4lkeen Suomen aikaa, raportoi uutistoimisto Reuters.<\/p>\n<p class=\"paragraph\">Kamt\u0161atkan aluekuvern\u00f6\u00f6ri <strong>Vladimir Solodovin<\/strong> mukaan niemimaan alueella on annettu tsunamivaroitus.<\/p>\n<p class=\"paragraph\">Telegramissa julkaistussa viestiss\u00e4 Solodov sanoi, ett\u00e4 paikallisia asukkaita oli varoitettu j\u00e4ristyksest\u00e4. Toistaiseksi vahinkoja ei ollut raportoitu.<\/p>\n<p class=\"paragraph\">\u2013 T\u00e4m\u00e4 aamu koettelee j\u00e4lleen kerran Kamt\u0161atkan asukkaiden sietokyky\u00e4, Solodov sanoi Telegramissa uutistoimisto AFP:n mukaan.<\/p>\n<p class=\"paragraph\">Sodov ilmoitti j\u00e4ristyksen voimakkuudeksi 7,2.<\/p>\n<p class=\"paragraph\">Yhdysvaltain geologian tutkimuskeskus (USGS) arvioi j\u00e4ristyksen voimakkuudeksi 7,8.<\/p>\n<p class=\"paragraph\">Alueelle iski voimakkuudeltaan 8,8 j\u00e4ristys hein\u00e4kuussa.<\/p>\n","protected":false},"excerpt":{"rendered":"Voimakkuudeltaan 7,2 vahvuinen maanj\u00e4ristys ravisutti torstai-illalla Kamt\u0161atkan niemimaata. Kamt\u0161atkan rannikolla j\u00e4risee taas. Kuvituskuva. ZumaWire \/ MVPHOTOS Maanj\u00e4ristys iski&hellip;\n","protected":false},"author":2,"featured_media":38971,"comment_status":"","ping_status":"","sticky":false,"template":"","format":"standard","meta":{"footnotes":""},"categories":[14],"tags":[35,722,22,23,26,27,33,31,30,17,24,25,533,72,28,29,15,18,21,32,719,19,20,56,16,59,60,61,534],"class_list":{"0":"post-38970","1":"post","2":"type-post","3":"status-publish","4":"format-standard","5":"has-post-thumbnail","7":"category-ulkomaat","8":"tag-24h","9":"tag-amerikka","10":"tag-breaking-news","11":"tag-breakingnews","12":"tag-featured-news","13":"tag-featurednews","14":"tag-fi","15":"tag-finland","16":"tag-finnish","17":"tag-headlines","18":"tag-latest-news","19":"tag-latestnews","20":"tag-luonnonkatastrofi","21":"tag-luonto","22":"tag-main-news","23":"tag-mainnews","24":"tag-news","25":"tag-otsikot","26":"tag-paauutiset","27":"tag-suomi","28":"tag-tiede-yleista","29":"tag-top-stories","30":"tag-topstories","31":"tag-ulkomaat","32":"tag-uutiset","33":"tag-world","34":"tag-world-news","35":"tag-worldnews","36":"tag-ymparisto-ja-luonto"},"share_on_mastodon":{"url":"","error":""},"_links":{"self":[{"href":"https:\/\/www.europesays.com\/fi\/wp-json\/wp\/v2\/posts\/38970","targetHints":{"allow":["GET"]}}],"collection":[{"href":"https:\/\/www.europesays.com\/fi\/wp-json\/wp\/v2\/posts"}],"about":[{"href":"https:\/\/www.europesays.com\/fi\/wp-json\/wp\/v2\/types\/post"}],"author":[{"embeddable":true,"href":"https:\/\/www.europesays.com\/fi\/wp-json\/wp\/v2\/users\/2"}],"replies":[{"embeddable":true,"href":"https:\/\/www.europesays.com\/fi\/wp-json\/wp\/v2\/comments?post=38970"}],"version-history":[{"count":0,"href":"https:\/\/www.europesays.com\/fi\/wp-json\/wp\/v2\/posts\/38970\/revisions"}],"wp:featuredmedia":[{"embeddable":true,"href":"https:\/\/www.europesays.com\/fi\/wp-json\/wp\/v2\/media\/38971"}],"wp:attachment":[{"href":"https:\/\/www.europesays.com\/fi\/wp-json\/wp\/v2\/media?parent=38970"}],"wp:term":[{"taxonomy":"category","embeddable":true,"href":"https:\/\/www.europesays.com\/fi\/wp-json\/wp\/v2\/categories?post=38970"},{"taxonomy":"post_tag","embeddable":true,"href":"https:\/\/www.europesays.com\/fi\/wp-json\/wp\/v2\/tags?post=38970"}],"curies":[{"name":"wp","href":"https:\/\/api.w.org\/{rel}","templated":true}]}}