{"id":38991,"date":"2025-09-18T21:55:08","date_gmt":"2025-09-18T21:55:08","guid":{"rendered":"https:\/\/www.europesays.com\/fi\/38991\/"},"modified":"2025-09-18T21:55:08","modified_gmt":"2025-09-18T21:55:08","slug":"historiallinen-rakennus-jalleen-myyntiin-tampereella","status":"publish","type":"post","link":"https:\/\/www.europesays.com\/fi\/38991\/","title":{"rendered":"Historiallinen rakennus j\u00e4lleen myyntiin Tampereella"},"content":{"rendered":"<p>Myyt\u00e4v\u00e4ksi on tullut Hatanp\u00e4\u00e4n kartanon konttorirakennus.<\/p>\n<p>18.9. 18:56<\/p>\n<p class=\"article-body mb-nof-24 px-nof-16\">Aamulehti<\/p>\n<p class=\"article-body mb-nof-24 px-nof-16\">Tampereen kaupunki myy Hatanp\u00e4\u00e4ll\u00e4 j\u00e4lleen yht\u00e4 historiallista rakennusta. Myyt\u00e4v\u00e4ksi on tullut Hatanp\u00e4\u00e4n kartanon konttorirakennus.<\/p>\n<p class=\"article-body mb-nof-24 px-nof-16\">Rakennuksen kokonaispinta-ala noin 943 neli\u00f6metri\u00e4, joka sis\u00e4lt\u00e4\u00e4 kellarin ja ullakon. Rakennus on suojeltu. Rakennusvuodesta ei ole olemassa varmaa tietoa. Konttorirakennus on kuitenkin merkitty jo 1900-luvun alun asemapiirrokseen.<\/p>\n<p class=\"article-body mb-nof-24 px-nof-16\">Tampereen kaupungin mukaan konttorirakennus on kulttuurihistoriallisesti arvokas ja kaupunkikuvan s\u00e4ilymisen kannalta t\u00e4rke\u00e4. Rakennusta ei saa purkaa.<\/p>\n<p class=\"article-body mb-nof-24 px-nof-16\">Jos remontteja tehd\u00e4\u00e4n, pit\u00e4\u00e4 rakennuksen kaupunkikuvan kannalta merkitt\u00e4v\u00e4n luonteen s\u00e4ily\u00e4, kaupunki linjaa.<\/p>\n<p class=\"article-body mb-nof-24 px-nof-16\">Tontti vuokrataan 40 vuoden sopimuksella. Tontin pinta-ala on 1\u202f596 neli\u00f6t\u00e4. Tontilla on rakennusoikeutta 580 kerrosneli\u00f6metri\u00e4.<\/p>\n<p class=\"article-body mb-nof-24 px-nof-16\">Asemakaavassa tontin k\u00e4ytt\u00f6tarkoitus on m\u00e4\u00e4ritelty liike- ja toimistorakennusten sek\u00e4 kulttuuritoimintaa ja julkista palvelua palvelevien rakennusten korttelialueeksi, jolle saa my\u00f6s sijoittaa ymp\u00e4rist\u00f6h\u00e4iri\u00f6t\u00e4 aiheuttamattomia ty\u00f6tiloja sek\u00e4 asuntoja.<\/p>\n<p class=\"article-body mb-nof-24 px-nof-16\">Kiinteist\u00f6p\u00e4\u00e4llikk\u00f6 <a class=\"article-personlink\" href=\"https:\/\/www.aamulehti.fi\/haku\/?query=Tanja%20Tiihosen\" rel=\"nofollow noopener\" target=\"_blank\">Tanja Tiihosen <\/a>mukaan tontille voi tulla my\u00f6s erityisryhmien tuettua asumista.<\/p>\n<p class=\"article-body mb-nof-24 px-nof-16\">Konttorirakennukseen on mahdollista tutustua 26. syyskuuta kello 9\u201310 ja 31. lokakuuta kello 14\u201315. Tarjous tulee j\u00e4tt\u00e4\u00e4 keskiviikkona 12. marraskuuta kello 15.00 menness\u00e4 s\u00e4hk\u00f6isell\u00e4 lomakkeella.<\/p>\n<p>Alil\u00e4\u00e4k\u00e4rin talo huutokaupassa<\/p>\n<p class=\"article-body mb-nof-24 px-nof-16\">Hatanp\u00e4\u00e4ll\u00e4 on myynniss\u00e4 toinenkin historiallinen rakennus. Vanha alil\u00e4\u00e4k\u00e4rin asuinrakennus <a class=\"article-genericlink\" href=\"https:\/\/www.aamulehti.fi\/tampere\/art-2000011427641.html\" rel=\"nofollow noopener\" target=\"_blank\">pantiin huutokaupattavaksi jo aiemmin<\/a>.<\/p>\n<p class=\"article-body mb-nof-24 px-nof-16\">Huutokauppa loppuu 11. lokakuuta kello 19.30.<\/p>\n<p class=\"article-body mb-nof-24 px-nof-16\">Torstai-iltana alil\u00e4\u00e4k\u00e4rin asuintalosta oli j\u00e4tetty huutokaupassa 76 tarjousta. Tarjoajia oli ollut 24 kappaletta. Korkein tarjous oli 102\u00a0650 euroa.<\/p>\n","protected":false},"excerpt":{"rendered":"Myyt\u00e4v\u00e4ksi on tullut Hatanp\u00e4\u00e4n kartanon konttorirakennus. 18.9. 18:56 Aamulehti Tampereen kaupunki myy Hatanp\u00e4\u00e4ll\u00e4 j\u00e4lleen yht\u00e4 historiallista rakennusta. Myyt\u00e4v\u00e4ksi&hellip;\n","protected":false},"author":2,"featured_media":38992,"comment_status":"","ping_status":"","sticky":false,"template":"","format":"standard","meta":{"footnotes":""},"categories":[12],"tags":[157,22,23,26,27,33,31,30,17,24,25,28,29,15,18,21,32,19,20,16],"class_list":{"0":"post-38991","1":"post","2":"type-post","3":"status-publish","4":"format-standard","5":"has-post-thumbnail","7":"category-suomi","8":"tag-aamulehti","9":"tag-breaking-news","10":"tag-breakingnews","11":"tag-featured-news","12":"tag-featurednews","13":"tag-fi","14":"tag-finland","15":"tag-finnish","16":"tag-headlines","17":"tag-latest-news","18":"tag-latestnews","19":"tag-main-news","20":"tag-mainnews","21":"tag-news","22":"tag-otsikot","23":"tag-paauutiset","24":"tag-suomi","25":"tag-top-stories","26":"tag-topstories","27":"tag-uutiset"},"share_on_mastodon":{"url":"","error":""},"_links":{"self":[{"href":"https:\/\/www.europesays.com\/fi\/wp-json\/wp\/v2\/posts\/38991","targetHints":{"allow":["GET"]}}],"collection":[{"href":"https:\/\/www.europesays.com\/fi\/wp-json\/wp\/v2\/posts"}],"about":[{"href":"https:\/\/www.europesays.com\/fi\/wp-json\/wp\/v2\/types\/post"}],"author":[{"embeddable":true,"href":"https:\/\/www.europesays.com\/fi\/wp-json\/wp\/v2\/users\/2"}],"replies":[{"embeddable":true,"href":"https:\/\/www.europesays.com\/fi\/wp-json\/wp\/v2\/comments?post=38991"}],"version-history":[{"count":0,"href":"https:\/\/www.europesays.com\/fi\/wp-json\/wp\/v2\/posts\/38991\/revisions"}],"wp:featuredmedia":[{"embeddable":true,"href":"https:\/\/www.europesays.com\/fi\/wp-json\/wp\/v2\/media\/38992"}],"wp:attachment":[{"href":"https:\/\/www.europesays.com\/fi\/wp-json\/wp\/v2\/media?parent=38991"}],"wp:term":[{"taxonomy":"category","embeddable":true,"href":"https:\/\/www.europesays.com\/fi\/wp-json\/wp\/v2\/categories?post=38991"},{"taxonomy":"post_tag","embeddable":true,"href":"https:\/\/www.europesays.com\/fi\/wp-json\/wp\/v2\/tags?post=38991"}],"curies":[{"name":"wp","href":"https:\/\/api.w.org\/{rel}","templated":true}]}}