{"id":38999,"date":"2025-09-18T22:12:08","date_gmt":"2025-09-18T22:12:08","guid":{"rendered":"https:\/\/www.europesays.com\/fi\/38999\/"},"modified":"2025-09-18T22:12:08","modified_gmt":"2025-09-18T22:12:08","slug":"john-smith-rock-frozen-taydensi-esiintyjakattaustaan-usealla-uudella-nimella","status":"publish","type":"post","link":"https:\/\/www.europesays.com\/fi\/38999\/","title":{"rendered":"John Smith Rock Frozen t\u00e4ydensi esiintyj\u00e4kattaustaan usealla uudella nimell\u00e4"},"content":{"rendered":"<p>28.-29.11.2025 Jyv\u00e4skyl\u00e4n Paviljongissa vietett\u00e4v\u00e4t Suomen rockeimmat pikkujoulut t\u00e4ydent\u00e4\u00e4 esiintyj\u00e4kattaustaan kahdeksalla uudella nimell\u00e4.<\/p>\n<p>Aiemmin julkaistut <strong>Cradle of Filth<\/strong>, <strong>Amorphis<\/strong>, <strong>The Halo Effect<\/strong> ja <strong>Stam1na<\/strong> saavat p\u00e4\u00e4lavalle seurakseen <strong>Mustaschin<\/strong>, takuuvarman niittokoneen <strong>Viikatteen<\/strong>, Suomi-metallin kruunup\u00e4\u00e4t, <strong>Crownshiftin<\/strong>, sek\u00e4 p\u00e4ivitetyn paluun valikoiduille estradeille tekev\u00e4n legendaarisen <strong>LC Cowboys &amp; Harlem Angelsin<\/strong>.<\/p>\n<p>Muutaman vuoden tauon j\u00e4lkeen lanseeratulle akustiselle lavalle nousevat jo aiemmin julkaistu, soolokeikan heitt\u00e4v\u00e4 <strong>Michael Monroe<\/strong>, <strong>Marianas Rest<\/strong>, <strong>T. Jarva &amp; The Dark Place<\/strong>, <strong>Rioghan<\/strong>, <strong>Acoustenced<\/strong> sek\u00e4 <strong>Ville Tuomi &amp; Teemu Liekkala Duo<\/strong>.<\/p>\n<p>Rockv\u00e4en viralliseksi pikkujouluksi jo nelj\u00e4n adventin verran sementoitunut tapahtuma tuo tuulahduksen John Smith -henke\u00e4 my\u00f6s talven keskelle festivaalimaisella toteutuksellaan. Tapahtuma sis\u00e4lt\u00e4\u00e4 mm. hulppeat VIP-palvelut, loistavat ruoka- ja juomatarjonnat pienpanimoineen sek\u00e4 oheispalveluita moneen makuun.<\/p>\n<p>Liput ja muut infot l\u00f6ytyv\u00e4t osoitteesta <a href=\"http:\/\/www.johnsmith.fi\" rel=\"nofollow noopener\" target=\"_blank\">www.johnsmith.fi<\/a><\/p>\n<p>Lue my\u00f6s: <a href=\"https:\/\/www.inferno.fi\/uutiset\/john-smith-rock-frozenin-ensimmaiset-esiintyjat-julki-mukana-muun-muassa-stam1na-ja-amaranthe\/\" title=\"John Smith Rock Frozenin ensimm\u00e4iset esiintyj\u00e4t julki \u2013 mukana muun muassa Stam1na ja Amaranthe\" class=\"underline-custom !font-montserrat !font-bold !underline-offset-4 !decoration-4 !decoration-red-600 !text-md\" rel=\"nofollow noopener\" target=\"_blank\">John Smith Rock Frozenin ensimm\u00e4iset esiintyj\u00e4t julki \u2013 mukana muun muassa Stam1na ja Amaranthe<\/a><\/p>\n","protected":false},"excerpt":{"rendered":"28.-29.11.2025 Jyv\u00e4skyl\u00e4n Paviljongissa vietett\u00e4v\u00e4t Suomen rockeimmat pikkujoulut t\u00e4ydent\u00e4\u00e4 esiintyj\u00e4kattaustaan kahdeksalla uudella nimell\u00e4. Aiemmin julkaistut Cradle of Filth, Amorphis,&hellip;\n","protected":false},"author":2,"featured_media":39000,"comment_status":"","ping_status":"","sticky":false,"template":"","format":"standard","meta":{"footnotes":""},"categories":[132],"tags":[137,970,33,31,30,10675,195,47,32,109],"class_list":{"0":"post-38999","1":"post","2":"type-post","3":"status-publish","4":"format-standard","5":"has-post-thumbnail","7":"category-musiikki","8":"tag-entertainment","9":"tag-festivaalit","10":"tag-fi","11":"tag-finland","12":"tag-finnish","13":"tag-john-smith-rock-frozen","14":"tag-music","15":"tag-musiikki","16":"tag-suomi","17":"tag-viihde"},"share_on_mastodon":{"url":"","error":""},"_links":{"self":[{"href":"https:\/\/www.europesays.com\/fi\/wp-json\/wp\/v2\/posts\/38999","targetHints":{"allow":["GET"]}}],"collection":[{"href":"https:\/\/www.europesays.com\/fi\/wp-json\/wp\/v2\/posts"}],"about":[{"href":"https:\/\/www.europesays.com\/fi\/wp-json\/wp\/v2\/types\/post"}],"author":[{"embeddable":true,"href":"https:\/\/www.europesays.com\/fi\/wp-json\/wp\/v2\/users\/2"}],"replies":[{"embeddable":true,"href":"https:\/\/www.europesays.com\/fi\/wp-json\/wp\/v2\/comments?post=38999"}],"version-history":[{"count":0,"href":"https:\/\/www.europesays.com\/fi\/wp-json\/wp\/v2\/posts\/38999\/revisions"}],"wp:featuredmedia":[{"embeddable":true,"href":"https:\/\/www.europesays.com\/fi\/wp-json\/wp\/v2\/media\/39000"}],"wp:attachment":[{"href":"https:\/\/www.europesays.com\/fi\/wp-json\/wp\/v2\/media?parent=38999"}],"wp:term":[{"taxonomy":"category","embeddable":true,"href":"https:\/\/www.europesays.com\/fi\/wp-json\/wp\/v2\/categories?post=38999"},{"taxonomy":"post_tag","embeddable":true,"href":"https:\/\/www.europesays.com\/fi\/wp-json\/wp\/v2\/tags?post=38999"}],"curies":[{"name":"wp","href":"https:\/\/api.w.org\/{rel}","templated":true}]}}