{"id":39021,"date":"2025-09-18T22:40:08","date_gmt":"2025-09-18T22:40:08","guid":{"rendered":"https:\/\/www.europesays.com\/fi\/39021\/"},"modified":"2025-09-18T22:40:08","modified_gmt":"2025-09-18T22:40:08","slug":"hiusten-kortisolitaso-paljastaa-lasten-pitkaaikaisen-stressin","status":"publish","type":"post","link":"https:\/\/www.europesays.com\/fi\/39021\/","title":{"rendered":"Hiusten kortisolitaso paljastaa lasten pitk\u00e4aikaisen stressin"},"content":{"rendered":"<p>\u201dHiusten kortisolitaso on helposti saatavilla oleva biomarkkeri, jota voidaan ehk\u00e4 jonain p\u00e4iv\u00e4n\u00e4 k\u00e4ytt\u00e4\u00e4 lasten seulontaan ja siihen, auttavatko hoidot ja tukiohjelmat v\u00e4hent\u00e4m\u00e4\u00e4n heid\u00e4n stressitasoaan\u201d, selitt\u00e4\u00e4 professori Mark Ferro, tutkimuksen toinen kirjoittaja.<\/p>\n<p>Ferro on yhdess\u00e4 McMasterin yliopiston kollegoidensa kanssa muissa tutkimuksissa osoittanut, ett\u00e4 kroonisista fyysisist\u00e4 vaivoista k\u00e4rsivill\u00e4 lapsilla esiintyy my\u00f6s tiettyj\u00e4 tulehdusmarkkereita veress\u00e4.<\/p>\n<p>T\u00e4m\u00e4 tarkoittaa, ett\u00e4 hius- ja verianalyysej\u00e4 voidaan mahdollisesti k\u00e4ytt\u00e4\u00e4 niiden lasten l\u00f6yt\u00e4miseen, jotka tarvitsevat apua varhaisessa vaiheessa.<\/p>\n","protected":false},"excerpt":{"rendered":"\u201dHiusten kortisolitaso on helposti saatavilla oleva biomarkkeri, jota voidaan ehk\u00e4 jonain p\u00e4iv\u00e4n\u00e4 k\u00e4ytt\u00e4\u00e4 lasten seulontaan ja siihen, auttavatko&hellip;\n","protected":false},"author":2,"featured_media":39022,"comment_status":"","ping_status":"","sticky":false,"template":"","format":"standard","meta":{"footnotes":""},"categories":[165],"tags":[33,31,30,166,32,167],"class_list":{"0":"post-39021","1":"post","2":"type-post","3":"status-publish","4":"format-standard","5":"has-post-thumbnail","7":"category-terveys","8":"tag-fi","9":"tag-finland","10":"tag-finnish","11":"tag-health","12":"tag-suomi","13":"tag-terveys"},"share_on_mastodon":{"url":"","error":""},"_links":{"self":[{"href":"https:\/\/www.europesays.com\/fi\/wp-json\/wp\/v2\/posts\/39021","targetHints":{"allow":["GET"]}}],"collection":[{"href":"https:\/\/www.europesays.com\/fi\/wp-json\/wp\/v2\/posts"}],"about":[{"href":"https:\/\/www.europesays.com\/fi\/wp-json\/wp\/v2\/types\/post"}],"author":[{"embeddable":true,"href":"https:\/\/www.europesays.com\/fi\/wp-json\/wp\/v2\/users\/2"}],"replies":[{"embeddable":true,"href":"https:\/\/www.europesays.com\/fi\/wp-json\/wp\/v2\/comments?post=39021"}],"version-history":[{"count":0,"href":"https:\/\/www.europesays.com\/fi\/wp-json\/wp\/v2\/posts\/39021\/revisions"}],"wp:featuredmedia":[{"embeddable":true,"href":"https:\/\/www.europesays.com\/fi\/wp-json\/wp\/v2\/media\/39022"}],"wp:attachment":[{"href":"https:\/\/www.europesays.com\/fi\/wp-json\/wp\/v2\/media?parent=39021"}],"wp:term":[{"taxonomy":"category","embeddable":true,"href":"https:\/\/www.europesays.com\/fi\/wp-json\/wp\/v2\/categories?post=39021"},{"taxonomy":"post_tag","embeddable":true,"href":"https:\/\/www.europesays.com\/fi\/wp-json\/wp\/v2\/tags?post=39021"}],"curies":[{"name":"wp","href":"https:\/\/api.w.org\/{rel}","templated":true}]}}