{"id":39025,"date":"2025-09-18T22:42:08","date_gmt":"2025-09-18T22:42:08","guid":{"rendered":"https:\/\/www.europesays.com\/fi\/39025\/"},"modified":"2025-09-18T22:42:08","modified_gmt":"2025-09-18T22:42:08","slug":"suomalaisten-tahtinayttelijoiden-tyo-on-parasta-komediassa-josta-on-tehty-jo-yli-20-versiota-ympari-maailmaa-aamulehti","status":"publish","type":"post","link":"https:\/\/www.europesays.com\/fi\/39025\/","title":{"rendered":"Suomalaisten t\u00e4hti\u00adn\u00e4yttelij\u00f6iden ty\u00f6 on parasta komediassa, josta on tehty jo yli 20 versiota ymp\u00e4ri maailmaa &#8211; Aamulehti"},"content":{"rendered":"<ol>\n<li><a href=\"https:\/\/news.google.com\/rss\/articles\/CBMiZ0FVX3lxTE1lUW5ESVU0RzlZMXF3cnpBdzFfR0lUeGNPdUhEVkFYb3dEYllwMkhkTDBnVi1fRTNVWEhGdHVpV0puVFBzSjFfaGtUck1hVHg2cTY2NFpHVEpXY290Zk1JSlhLOGZSNnM?oc=5\" target=\"_blank\" rel=\"nofollow noopener\">Suomalaisten t\u00e4hti\u00adn\u00e4yttelij\u00f6iden ty\u00f6 on parasta komediassa, josta on tehty jo yli 20 versiota ymp\u00e4ri maailmaa<\/a>&nbsp;&nbsp;Aamulehti<\/li>\n<li><a href=\"https:\/\/news.google.com\/rss\/articles\/CBMiWkFVX3lxTE5YcUhfMEdndWhpRzVkMVppbVhRX1ZJb0Jtei15UnVvb05LOWFpNFNzR2c4WllxM0dnYm5Ec3duTE9zRnVsWHkxRXJ5cHd1QnYtelZhSGJyLXBFdw?oc=5\" target=\"_blank\" rel=\"nofollow noopener\">Elokuva-arvio | Illalliskomediasta on tehty yli 20 versiota ymp\u00e4ri maailmaa: Suomalaisversiota kannattelevat n\u00e4yttelij\u00e4t<\/a>&nbsp;&nbsp;HS.fi<\/li>\n<li><a href=\"https:\/\/news.google.com\/rss\/articles\/CBMiS0FVX3lxTFA3SFFjVXF6NF9kMVB2cUVkOWNva1FSS1lwMEYteGhuZnZpS2ZCQzdtam1rS0R6RWFsbGNPUElVYVJaaWlQdzVDTzVoMA?oc=5\" target=\"_blank\" rel=\"nofollow noopener\">Elokuva-arvostelu | Uutuuselokuva kysyy, voiko rehellisyyteen pakottaa<\/a>&nbsp;&nbsp;ts.fi<\/li>\n<li><a href=\"https:\/\/news.google.com\/rss\/articles\/CBMiVkFVX3lxTE1TYnBhSXhMb2htR1AzMWNCaEZ1RFFBQXptTGltZXU5S1ZuTEEzVkNiQTZTYVdUNHE4RzZGZmhoa0hXc2VCM29IdnBpNUVLelNYSW9Tbk5R?oc=5\" target=\"_blank\" rel=\"nofollow noopener\">Salaisuudet paljastuvat t\u00e4htin\u00e4yttelij\u00f6iden illanvietossa \u2013 ruoan m\u00e4tt\u00e4minen teki tiukkaa Malla Malmivaaralle T\u00e4ydellisten vieraiden kuvauksissa<\/a>&nbsp;&nbsp;Etel\u00e4-Suomen Sanomat<\/li>\n<li><a href=\"https:\/\/news.google.com\/rss\/articles\/CBMiXEFVX3lxTFA1d3UxSXV2VmxQMjlWUWtSV2p4c3p1SXotcHB0MmR6OWlJM25oUEh0bzJGRXNoYjcwNkh0QzBGQlNDbGt1cmx6bl90cDhEbThCMHl5bkRrbTd0aVFH?oc=5\" target=\"_blank\" rel=\"nofollow noopener\">Tampereella kuvattu elokuva tulee ensi-iltaan perjantaina \u2013 Juoni lainattu italialaisesta suosikkileffasta, mutta mukana paljon ohjaajalle tuttua Tamperetta<\/a>&nbsp;&nbsp;Tamperelainen<\/li>\n<\/ol>\n","protected":false},"excerpt":{"rendered":"Suomalaisten t\u00e4hti\u00adn\u00e4yttelij\u00f6iden ty\u00f6 on parasta komediassa, josta on tehty jo yli 20 versiota ymp\u00e4ri maailmaa&nbsp;&nbsp;Aamulehti Elokuva-arvio | Illalliskomediasta&hellip;\n","protected":false},"author":2,"featured_media":39026,"comment_status":"","ping_status":"","sticky":false,"template":"","format":"standard","meta":{"footnotes":""},"categories":[130],"tags":[157,137,33,31,30,32,109],"class_list":{"0":"post-39025","1":"post","2":"type-post","3":"status-publish","4":"format-standard","5":"has-post-thumbnail","7":"category-viihde","8":"tag-aamulehti","9":"tag-entertainment","10":"tag-fi","11":"tag-finland","12":"tag-finnish","13":"tag-suomi","14":"tag-viihde"},"share_on_mastodon":{"url":"","error":""},"_links":{"self":[{"href":"https:\/\/www.europesays.com\/fi\/wp-json\/wp\/v2\/posts\/39025","targetHints":{"allow":["GET"]}}],"collection":[{"href":"https:\/\/www.europesays.com\/fi\/wp-json\/wp\/v2\/posts"}],"about":[{"href":"https:\/\/www.europesays.com\/fi\/wp-json\/wp\/v2\/types\/post"}],"author":[{"embeddable":true,"href":"https:\/\/www.europesays.com\/fi\/wp-json\/wp\/v2\/users\/2"}],"replies":[{"embeddable":true,"href":"https:\/\/www.europesays.com\/fi\/wp-json\/wp\/v2\/comments?post=39025"}],"version-history":[{"count":0,"href":"https:\/\/www.europesays.com\/fi\/wp-json\/wp\/v2\/posts\/39025\/revisions"}],"wp:featuredmedia":[{"embeddable":true,"href":"https:\/\/www.europesays.com\/fi\/wp-json\/wp\/v2\/media\/39026"}],"wp:attachment":[{"href":"https:\/\/www.europesays.com\/fi\/wp-json\/wp\/v2\/media?parent=39025"}],"wp:term":[{"taxonomy":"category","embeddable":true,"href":"https:\/\/www.europesays.com\/fi\/wp-json\/wp\/v2\/categories?post=39025"},{"taxonomy":"post_tag","embeddable":true,"href":"https:\/\/www.europesays.com\/fi\/wp-json\/wp\/v2\/tags?post=39025"}],"curies":[{"name":"wp","href":"https:\/\/api.w.org\/{rel}","templated":true}]}}