{"id":39027,"date":"2025-09-18T22:45:13","date_gmt":"2025-09-18T22:45:13","guid":{"rendered":"https:\/\/www.europesays.com\/fi\/39027\/"},"modified":"2025-09-18T22:45:13","modified_gmt":"2025-09-18T22:45:13","slug":"raumalaisyhtion-kanadan-yhteistyo-syvenee-uudessa-jaanmurtajassa-on-vahvasti-lasna-raumalainen-kadenjalki","status":"publish","type":"post","link":"https:\/\/www.europesays.com\/fi\/39027\/","title":{"rendered":"Raumalaisyhti\u00f6n Kanadan yhteisty\u00f6 syvenee \u2013\u2009uudessa j\u00e4\u00e4nmurtajassa on vahvasti l\u00e4sn\u00e4 raumalainen k\u00e4denj\u00e4lki"},"content":{"rendered":"<p>Aluksi Steerpropin oli m\u00e4\u00e4r\u00e4 ainoastaan toimittaa keula\u00adpotkurit polaari\u00adj\u00e4\u00e4n\u00admurtajaan.<\/p>\n<p>18.9. 12:08<\/p>\n<p class=\"article-body mb-nof-24 px-nof-16\">Rauma<\/p>\n<p class=\"article-body mb-nof-24 px-nof-16\">Raumalainen Steerprop oy ja kanadalainen Seaspan Shipyards laajentavat yhteis\u00adty\u00f6t\u00e4\u00e4n, joka koskee Kanadan rannikko\u00advartioston uuden polaarij\u00e4\u00e4n\u00admurtajan suunnittelua ja rakentamista.<\/p>\n<p class=\"article-body mb-nof-24 px-nof-16\">Yhteinen tekeminen laajenee kattamaan my\u00f6s keulapotkurin integroinnin, kerrotaan Steerpropin torstaina julkaisemassa tiedotteessa.<\/p>\n<p class=\"article-body mb-nof-24 px-nof-16\">Integroiminen parantaa aluksen kulkua, yhteen\u00adsovitusta telakan kanssa ja pienent\u00e4\u00e4 j\u00e4\u00e4nmurtajan elinkaari\u00adkustannuksia. Keulapotkuri\u00adsuunnittelu tehd\u00e4\u00e4n erityisesti arktisiin oloihin sopivaksi.<\/p>\n<p class=\"article-body mb-nof-24 px-nof-16\">Steerprop ja Seaspan ovat kehitt\u00e4neet keulapotkuriratkaisun rakennetta, mik\u00e4 edist\u00e4\u00e4 potkurin tuottamaa virtausta ja suorituskyky\u00e4.<\/p>\n<p class=\"article-body mb-nof-24 px-nof-16\">Toissa vuonna Steerprop valittiin toimittamaan Kanadan polaarij\u00e4\u00e4n\u00admurtajaan kaksi keulapotkuria. Rakennettavaa uuden sukupolven j\u00e4\u00e4nmurtajaa kuvaillaan yhdeksi maailman tehokkaimmista.<\/p>\n<p class=\"article-body mb-nof-24 px-nof-16\">J\u00e4\u00e4nmurtaja tulee palvelemaan Kanadan arktisessa l\u00e4sn\u00e4olossa, tutkimus- ja pelastusteht\u00e4viss\u00e4 sek\u00e4 pohjoisten yhteis\u00f6jen huolto\u00advarmuuden turvaamisessa.<\/p>\n","protected":false},"excerpt":{"rendered":"Aluksi Steerpropin oli m\u00e4\u00e4r\u00e4 ainoastaan toimittaa keula\u00adpotkurit polaari\u00adj\u00e4\u00e4n\u00admurtajaan. 18.9. 12:08 Rauma Raumalainen Steerprop oy ja kanadalainen Seaspan Shipyards&hellip;\n","protected":false},"author":2,"featured_media":39028,"comment_status":"","ping_status":"","sticky":false,"template":"","format":"standard","meta":{"footnotes":""},"categories":[76],"tags":[79,77,33,31,30,80,32,78],"class_list":{"0":"post-39027","1":"post","2":"type-post","3":"status-publish","4":"format-standard","5":"has-post-thumbnail","7":"category-talous","8":"tag-business","9":"tag-economy","10":"tag-fi","11":"tag-finland","12":"tag-finnish","13":"tag-satakunnan-kansa","14":"tag-suomi","15":"tag-talous"},"share_on_mastodon":{"url":"","error":""},"_links":{"self":[{"href":"https:\/\/www.europesays.com\/fi\/wp-json\/wp\/v2\/posts\/39027","targetHints":{"allow":["GET"]}}],"collection":[{"href":"https:\/\/www.europesays.com\/fi\/wp-json\/wp\/v2\/posts"}],"about":[{"href":"https:\/\/www.europesays.com\/fi\/wp-json\/wp\/v2\/types\/post"}],"author":[{"embeddable":true,"href":"https:\/\/www.europesays.com\/fi\/wp-json\/wp\/v2\/users\/2"}],"replies":[{"embeddable":true,"href":"https:\/\/www.europesays.com\/fi\/wp-json\/wp\/v2\/comments?post=39027"}],"version-history":[{"count":0,"href":"https:\/\/www.europesays.com\/fi\/wp-json\/wp\/v2\/posts\/39027\/revisions"}],"wp:featuredmedia":[{"embeddable":true,"href":"https:\/\/www.europesays.com\/fi\/wp-json\/wp\/v2\/media\/39028"}],"wp:attachment":[{"href":"https:\/\/www.europesays.com\/fi\/wp-json\/wp\/v2\/media?parent=39027"}],"wp:term":[{"taxonomy":"category","embeddable":true,"href":"https:\/\/www.europesays.com\/fi\/wp-json\/wp\/v2\/categories?post=39027"},{"taxonomy":"post_tag","embeddable":true,"href":"https:\/\/www.europesays.com\/fi\/wp-json\/wp\/v2\/tags?post=39027"}],"curies":[{"name":"wp","href":"https:\/\/api.w.org\/{rel}","templated":true}]}}