{"id":39033,"date":"2025-09-18T22:48:08","date_gmt":"2025-09-18T22:48:08","guid":{"rendered":"https:\/\/www.europesays.com\/fi\/39033\/"},"modified":"2025-09-18T22:48:08","modified_gmt":"2025-09-18T22:48:08","slug":"latviasta-loydettiin-venalaisen-droonin-kappale-uutissuomalainen","status":"publish","type":"post","link":"https:\/\/www.europesays.com\/fi\/39033\/","title":{"rendered":"Latviasta l\u00f6ydettiin ven\u00e4l\u00e4isen droonin kappale | Uutissuomalainen"},"content":{"rendered":"<p>L\u00e4nsi-Latviassa sijaitsevan Ventspilsin kunnan alueella sijaitsevalta rannalta on l\u00f6ytynyt ven\u00e4l\u00e4isen droonin osa. Latvian armeija on kertonut asiasta <a href=\"https:\/\/x.com\/Latvijas_armija\/status\/1968658946308096413\" rel=\"nofollow\">X:ss\u00e4<\/a>.<\/p>\n<p>Asevoimien mukaan droonin pyrst\u00f6n j\u00e4\u00e4nteet ovat huuhtoutuneet rantaan. Latvian puolustusministeri <strong>Andris Spruds<\/strong> on kertonut kyseess\u00e4 olevan ven\u00e4l\u00e4inen Gerbera-h\u00e4m\u00e4yslennokki, jossa ei ollut r\u00e4j\u00e4hdett\u00e4.<\/p>\n<p>Viimeviikkoinen ilmatilaloukkaus Puolassa tehtiin Gerbera-lennokeilla.<\/p>\n<p>Latvian puolustusministeri\u00f6n yll\u00e4pit\u00e4m\u00e4n <a href=\"https:\/\/www.sargs.lv\/lv\/latvija\/2025-09-18\/ventspils-novada-pludmale-atrasta-no-juras-izskalota-drona-atluza\" rel=\"nofollow noopener\" target=\"_blank\">Sargs-uutissivuston<\/a> mukaan vastaavat tapaukset eiv\u00e4t ole harvinaisia Latvian rannikolla. Ammusten j\u00e4\u00e4nteit\u00e4 tai sirpaleita l\u00f6ytyy rannoilta s\u00e4\u00e4nn\u00f6llisesti.<\/p>\n","protected":false},"excerpt":{"rendered":"L\u00e4nsi-Latviassa sijaitsevan Ventspilsin kunnan alueella sijaitsevalta rannalta on l\u00f6ytynyt ven\u00e4l\u00e4isen droonin osa. Latvian armeija on kertonut asiasta X:ss\u00e4.&hellip;\n","protected":false},"author":2,"featured_media":39034,"comment_status":"","ping_status":"","sticky":false,"template":"","format":"standard","meta":{"footnotes":""},"categories":[5],"tags":[22,23,26,27,33,31,30,17,24,25,28,29,47,141,15,2406,18,21,2408,2405,2407,32,485,19,20,16],"class_list":{"0":"post-39033","1":"post","2":"type-post","3":"status-publish","4":"format-standard","5":"has-post-thumbnail","7":"category-otsikot","8":"tag-breaking-news","9":"tag-breakingnews","10":"tag-featured-news","11":"tag-featurednews","12":"tag-fi","13":"tag-finland","14":"tag-finnish","15":"tag-headlines","16":"tag-latest-news","17":"tag-latestnews","18":"tag-main-news","19":"tag-mainnews","20":"tag-musiikki","21":"tag-muusikot-bandit","22":"tag-news","23":"tag-osakkeet-arvopaperit","24":"tag-otsikot","25":"tag-paauutiset","26":"tag-rahoitusmarkkinat","27":"tag-rahoitustuotteita","28":"tag-sijoittaminen-rahoitus","29":"tag-suomi","30":"tag-taide-yleista","31":"tag-top-stories","32":"tag-topstories","33":"tag-uutiset"},"share_on_mastodon":{"url":"","error":""},"_links":{"self":[{"href":"https:\/\/www.europesays.com\/fi\/wp-json\/wp\/v2\/posts\/39033","targetHints":{"allow":["GET"]}}],"collection":[{"href":"https:\/\/www.europesays.com\/fi\/wp-json\/wp\/v2\/posts"}],"about":[{"href":"https:\/\/www.europesays.com\/fi\/wp-json\/wp\/v2\/types\/post"}],"author":[{"embeddable":true,"href":"https:\/\/www.europesays.com\/fi\/wp-json\/wp\/v2\/users\/2"}],"replies":[{"embeddable":true,"href":"https:\/\/www.europesays.com\/fi\/wp-json\/wp\/v2\/comments?post=39033"}],"version-history":[{"count":0,"href":"https:\/\/www.europesays.com\/fi\/wp-json\/wp\/v2\/posts\/39033\/revisions"}],"wp:featuredmedia":[{"embeddable":true,"href":"https:\/\/www.europesays.com\/fi\/wp-json\/wp\/v2\/media\/39034"}],"wp:attachment":[{"href":"https:\/\/www.europesays.com\/fi\/wp-json\/wp\/v2\/media?parent=39033"}],"wp:term":[{"taxonomy":"category","embeddable":true,"href":"https:\/\/www.europesays.com\/fi\/wp-json\/wp\/v2\/categories?post=39033"},{"taxonomy":"post_tag","embeddable":true,"href":"https:\/\/www.europesays.com\/fi\/wp-json\/wp\/v2\/tags?post=39033"}],"curies":[{"name":"wp","href":"https:\/\/api.w.org\/{rel}","templated":true}]}}