{"id":39047,"date":"2025-09-18T23:12:09","date_gmt":"2025-09-18T23:12:09","guid":{"rendered":"https:\/\/www.europesays.com\/fi\/39047\/"},"modified":"2025-09-18T23:12:09","modified_gmt":"2025-09-18T23:12:09","slug":"israel-vaatii-hataavun-kuljetusten-keskeyttamista-jordaniasta-rajalla-vakivaltaisuuksia-uutisia-lyhyesti","status":"publish","type":"post","link":"https:\/\/www.europesays.com\/fi\/39047\/","title":{"rendered":"Israel vaatii h\u00e4t\u00e4avun kuljetusten keskeytt\u00e4mist\u00e4 Jordaniasta \u2013 rajalla v\u00e4kivaltaisuuksia | Uutisia lyhyesti"},"content":{"rendered":"<p class=\"aw-1gybjub aw-5vja16 cmIuaG zKETg yle__article__paragraph\">Jordanialaisen avustusrekan kuljettajan kerrotaan tappaneen kaksi israelilaissotilasta L\u00e4nsirannan ja Jordanian v\u00e4lisell\u00e4 rajanylityspaikalla. Hy\u00f6kk\u00e4\u00e4j\u00e4 sai surmansa.<\/p>\n<p><img decoding=\"async\" alt=\"Kaksi sotilasta istuu armeijan autossa, joka ajaa tiet\u00e4 viljelysmaan ymp\u00e4r\u00f6im\u00e4n\u00e4 Israelissa.\" src=\"https:\/\/www.europesays.com\/fi\/wp-content\/uploads\/2025\/09\/39-152573868cc7c210f5e2.jpeg\" class=\"aw-1l9m598 hKVVvP\"\/><\/p>\n<p>Avaa kuvien katselu<\/p>\n<p>Israelilaissotilaita armeijan ajoneuvon kyydiss\u00e4 Israelissa l\u00e4hell\u00e4 Gazan kaistan rajaa 18. syyskuuta 2025. Kuva: Maya Levin \/ AFP<\/p>\n<p>18.9. 23:08\u2022P\u00e4ivitetty 0:44<\/p>\n<p class=\"aw-1gybjub aw-1p7kakr cmIuaG fmSRng yle__article__paragraph\">Israelin armeija vaatii maan hallitus keskeytt\u00e4m\u00e4\u00e4n h\u00e4t\u00e4apukuljetukset Jordaniasta Gazan kaistalle, uutisoi <a class=\"aw-iao6s4 iHOxEa yle__article__link\" href=\"https:\/\/www.jpost.com\/israel-news\/article-867926\" role=\"link\" rel=\"nofollow noopener\" target=\"_blank\">Jerusalem Post<\/a> -lehti. Armeija ja Israelin ulkoministeri\u00f6 sanovat, ett\u00e4 jordanialainen avustusrekan kuljettaja oli tappanut kaksi israelilaissotilasta L\u00e4nsirannan ja Jordanian v\u00e4lisell\u00e4 rajanylityspaikalla.<\/p>\n<p class=\"aw-1gybjub aw-1p7kakr cmIuaG fmSRng yle__article__paragraph\">Kuljettajan kerrotaan aloittaneen ampumisen ihmisi\u00e4 kohti heti p\u00e4\u00e4sty\u00e4\u00e4n rajanylityspaikalla Israelin puolelle rajaa. Lis\u00e4ksi h\u00e4nen kerrotaan puukottaneen ihmisi\u00e4. Jerusalem Postin mukaan hy\u00f6kk\u00e4\u00e4j\u00e4 sai surmansa, mutta lehden l\u00e4hteen mukaan h\u00e4nell\u00e4 saattoi olla rikostovereita.<\/p>\n<p class=\"aw-1gybjub aw-1p7kakr cmIuaG fmSRng yle__article__paragraph\">Iskun j\u00e4lkeen armeija on vaatinut Israelin hallitusta keskeytt\u00e4m\u00e4\u00e4n avustuskuljetukset, kunnes tapaus on tutkittu ja tarkastusk\u00e4yt\u00e4nt\u00f6j\u00e4 p\u00e4ivitetty.<\/p>\n<p class=\"aw-1gybjub aw-1p7kakr cmIuaG fmSRng yle__article__paragraph\">YK on julistanut Gazan kaistalle n\u00e4l\u00e4nh\u00e4d\u00e4n. Jordania tuomitsi iskun ja sanoi sen vaarantavan humanitaarisen avun saamisen alueelle. Maan ulkoministeri\u00f6n tietojen mukaan ampuja oli jordanialainen siviili, joka oli ty\u00f6skennellyt kolme kuukautta avustuskuljetusten parissa.<\/p>\n<p class=\"aw-1gybjub aw-1p7kakr cmIuaG fmSRng yle__article__paragraph\">Kuningas Husseinin sillan rajanylityspaikka, jota kutsutaan my\u00f6s Allenbyn sillan rajanylityspaikaksi, on ainoa rajanylityspaikka, josta miehitetylle L\u00e4nsirannalle p\u00e4\u00e4see kulkematta Israelin kautta. Viime vuonna jordanialainen kuorma-auton kuljettaja ampui kolme israelilaista vartijaa samaisella rajanylityspaikalla.<\/p>\n<p class=\"aw-1gybjub aw-1p7kakr cmIuaG fmSRng yle__article__paragraph\">Aiemmin torstaina nelj\u00e4 israelilaissotilasta kuoli ja kolme haavoittui, kun heid\u00e4n pommi r\u00e4j\u00e4hti heid\u00e4n ajoneuvonsa vieress\u00e4 Rafahissa, kertoo <a class=\"aw-iao6s4 iHOxEa yle__article__link\" href=\"https:\/\/www.jpost.com\/israel-news\/defense-news\/article-867914\" role=\"link\" rel=\"nofollow noopener\" target=\"_blank\">Jerusalem Post<\/a>. Vaikka alue oli aikaisemmin tarkistettu pommien varalta, onnistuu Hamas toisinaan asettamaan pommeja Israelin armeijan reiteille tarkastusten v\u00e4lill\u00e4.<\/p>\n<p class=\"aw-1gybjub aw-1p7kakr cmIuaG fmSRng yle__article__paragraph\">Rafah sijaitsee Gazan etel\u00e4osien ja Egyptin rajalla.<\/p>\n","protected":false},"excerpt":{"rendered":"Jordanialaisen avustusrekan kuljettajan kerrotaan tappaneen kaksi israelilaissotilasta L\u00e4nsirannan ja Jordanian v\u00e4lisell\u00e4 rajanylityspaikalla. Hy\u00f6kk\u00e4\u00e4j\u00e4 sai surmansa. Avaa kuvien katselu&hellip;\n","protected":false},"author":2,"featured_media":39048,"comment_status":"","ping_status":"","sticky":false,"template":"","format":"standard","meta":{"footnotes":""},"categories":[14],"tags":[22,23,26,27,33,31,30,505,17,993,10681,4258,992,24,25,996,28,29,15,18,21,32,19,20,56,16,59,60,61],"class_list":{"0":"post-39047","1":"post","2":"type-post","3":"status-publish","4":"format-standard","5":"has-post-thumbnail","7":"category-ulkomaat","8":"tag-breaking-news","9":"tag-breakingnews","10":"tag-featured-news","11":"tag-featurednews","12":"tag-fi","13":"tag-finland","14":"tag-finnish","15":"tag-gazan-sota","16":"tag-headlines","17":"tag-israel","18":"tag-jordania","19":"tag-konfliktit","20":"tag-lahi-ita","21":"tag-latest-news","22":"tag-latestnews","23":"tag-levottomuudet","24":"tag-main-news","25":"tag-mainnews","26":"tag-news","27":"tag-otsikot","28":"tag-paauutiset","29":"tag-suomi","30":"tag-top-stories","31":"tag-topstories","32":"tag-ulkomaat","33":"tag-uutiset","34":"tag-world","35":"tag-world-news","36":"tag-worldnews"},"share_on_mastodon":{"url":"","error":""},"_links":{"self":[{"href":"https:\/\/www.europesays.com\/fi\/wp-json\/wp\/v2\/posts\/39047","targetHints":{"allow":["GET"]}}],"collection":[{"href":"https:\/\/www.europesays.com\/fi\/wp-json\/wp\/v2\/posts"}],"about":[{"href":"https:\/\/www.europesays.com\/fi\/wp-json\/wp\/v2\/types\/post"}],"author":[{"embeddable":true,"href":"https:\/\/www.europesays.com\/fi\/wp-json\/wp\/v2\/users\/2"}],"replies":[{"embeddable":true,"href":"https:\/\/www.europesays.com\/fi\/wp-json\/wp\/v2\/comments?post=39047"}],"version-history":[{"count":0,"href":"https:\/\/www.europesays.com\/fi\/wp-json\/wp\/v2\/posts\/39047\/revisions"}],"wp:featuredmedia":[{"embeddable":true,"href":"https:\/\/www.europesays.com\/fi\/wp-json\/wp\/v2\/media\/39048"}],"wp:attachment":[{"href":"https:\/\/www.europesays.com\/fi\/wp-json\/wp\/v2\/media?parent=39047"}],"wp:term":[{"taxonomy":"category","embeddable":true,"href":"https:\/\/www.europesays.com\/fi\/wp-json\/wp\/v2\/categories?post=39047"},{"taxonomy":"post_tag","embeddable":true,"href":"https:\/\/www.europesays.com\/fi\/wp-json\/wp\/v2\/tags?post=39047"}],"curies":[{"name":"wp","href":"https:\/\/api.w.org\/{rel}","templated":true}]}}