{"id":39065,"date":"2025-09-18T23:39:08","date_gmt":"2025-09-18T23:39:08","guid":{"rendered":"https:\/\/www.europesays.com\/fi\/39065\/"},"modified":"2025-09-18T23:39:08","modified_gmt":"2025-09-18T23:39:08","slug":"sttn-entinen-paatoimittaja-mikael-pentikainen-tama-mahdollistaisi-uutistoimiston-jatkon-uutissuomalainen","status":"publish","type":"post","link":"https:\/\/www.europesays.com\/fi\/39065\/","title":{"rendered":"STT:n entinen p\u00e4\u00e4toimittaja Mikael Pentik\u00e4inen: T\u00e4m\u00e4 mahdollistaisi uutistoimiston jatkon | Uutissuomalainen"},"content":{"rendered":"<p>Suomen Yritt\u00e4jien toimitusjohtaja <strong>Mikael Pentik\u00e4inen<\/strong> puhui kotimaisen median ja varsinkin STT:n tilanteesta Etel\u00e4-Saimaan 140-vuotisjuhlassa torstaina.<\/p>\n<p>Pentik\u00e4inen on toiminut p\u00e4\u00e4toimittajana STT:ss\u00e4, Etel\u00e4-Saimaassa, Helsingin Sanomissa ja Maaseudun Tulevaisuudessa.<\/p>\n<p>\u2013\u2009Jotta lehti voi menesty\u00e4, median infrastruktuurin pit\u00e4\u00e4 olla kunnossa. Jakelun pit\u00e4\u00e4 toimia niin fyysisesti kuin digitaalisesti. Jos fyysisen jakelun hinta nousee kohtuuttomasti, kuten se uhkaa tehd\u00e4, lehtien el\u00e4m\u00e4 k\u00e4y hyvin vaikeaksi, jopa mahdottomaksi, Pentik\u00e4inen totesi puheessaan.<\/p>\n<p>T\u00e4rke\u00e4\u00e4 Pentik\u00e4isen mukaan on my\u00f6s uutisjournalismin perusinfrastruktuuri, joka on demokratiaa ja huoltovarmuutta vahvistava tekij\u00e4.<\/p>\n<p>\u2013 Sen keskeinen osa maakuntalehtien n\u00e4k\u00f6kulmasta on kansallinen uutistoimisto, meill\u00e4 Suomen Tietotoimisto STT. Sen rooli on nyt uhattuna, kun Sanoman suuret lehdet pohtivat siit\u00e4 irtautumista, taas kerran.<\/p>\n<p>STT:n suurin omistaja, mediakonserni Sanoma ilmoitti viime viikolla suunnittelevansa STT:n uutis- ja kuvapalveluiden k\u00e4yt\u00f6n v\u00e4hent\u00e4mist\u00e4 tai lopettamista. N\u00e4in ollen STT:n materiaalin julkaiseminen voi loppua muiden muassa Helsingin Sanomissa, Ilta-Sanomissa, Aamulehdess\u00e4 ja Satakunnan Kansa L\u00e4nsi Suomessa.<\/p>\n<p>STT:n entisen\u00e4 p\u00e4\u00e4toimittajana ja toimitusjohtajana Pentik\u00e4inen kertoo kantavansa huolta tilanteesta ja toivovansa, ett\u00e4 STT:n toiminta saa jatkua.<\/p>\n<p>\u2013\u2009Vaikka yksik\u00e4\u00e4n riippumattomuutta arvostava vapaa mediatalo ei halua olla veronmaksajien armoilla, tarvittaessa valtion pit\u00e4\u00e4 auttaa STT:t\u00e4 ohjaamalla pieni siivu, esimerkiksi puoli prosenttia, Yle-verotuotosta STT:n toiminnan tueksi ja rahoittamiseksi. T\u00e4m\u00e4 todenn\u00e4k\u00f6isesti varmistaisi STT:n toimintaedellytykset, Pentik\u00e4inen ehdottaa.<\/p>\n<p>H\u00e4n muistuttaa, ett\u00e4 moniarvoinen ja l\u00e4pi maan toimiva media on my\u00f6s yritt\u00e4jien ja yritysten etu.<\/p>\n<p>\u2013\u2009Media on t\u00e4rke\u00e4 elinvoiman luoja ja markkinapaikka. Sill\u00e4 on keskeinen teht\u00e4v\u00e4 my\u00f6s vahtia valtaa, my\u00f6s taloudellista, mik\u00e4 on my\u00f6s yritysten ja yritt\u00e4jien etu, vaikka kukaan ei myrskyn osuessa halua olla uutisotsikoiden kohteena.<\/p>\n<p>Keskisuomalainen Oyj omistaa STT:st\u00e4 11,1 prosenttia. Etel\u00e4-Saimaa on osa Keskisuomalainen Oyj:t\u00e4.<\/p>\n","protected":false},"excerpt":{"rendered":"Suomen Yritt\u00e4jien toimitusjohtaja Mikael Pentik\u00e4inen puhui kotimaisen median ja varsinkin STT:n tilanteesta Etel\u00e4-Saimaan 140-vuotisjuhlassa torstaina. Pentik\u00e4inen on toiminut&hellip;\n","protected":false},"author":2,"featured_media":39066,"comment_status":"","ping_status":"","sticky":false,"template":"","format":"standard","meta":{"footnotes":""},"categories":[12],"tags":[22,23,26,27,33,31,30,17,46,104,3880,24,25,28,29,1616,3381,15,18,21,637,2375,32,19,20,16],"class_list":{"0":"post-39065","1":"post","2":"type-post","3":"status-publish","4":"format-standard","5":"has-post-thumbnail","7":"category-suomi","8":"tag-breaking-news","9":"tag-breakingnews","10":"tag-featured-news","11":"tag-featurednews","12":"tag-fi","13":"tag-finland","14":"tag-finnish","15":"tag-headlines","16":"tag-helsingin-sanomat","17":"tag-helsinki","18":"tag-julkinen-infrastruktuuri","19":"tag-latest-news","20":"tag-latestnews","21":"tag-main-news","22":"tag-mainnews","23":"tag-media-viestinta","24":"tag-myrskyt","25":"tag-news","26":"tag-otsikot","27":"tag-paauutiset","28":"tag-politiikka","29":"tag-saimaa-jarvi","30":"tag-suomi","31":"tag-top-stories","32":"tag-topstories","33":"tag-uutiset"},"share_on_mastodon":{"url":"","error":""},"_links":{"self":[{"href":"https:\/\/www.europesays.com\/fi\/wp-json\/wp\/v2\/posts\/39065","targetHints":{"allow":["GET"]}}],"collection":[{"href":"https:\/\/www.europesays.com\/fi\/wp-json\/wp\/v2\/posts"}],"about":[{"href":"https:\/\/www.europesays.com\/fi\/wp-json\/wp\/v2\/types\/post"}],"author":[{"embeddable":true,"href":"https:\/\/www.europesays.com\/fi\/wp-json\/wp\/v2\/users\/2"}],"replies":[{"embeddable":true,"href":"https:\/\/www.europesays.com\/fi\/wp-json\/wp\/v2\/comments?post=39065"}],"version-history":[{"count":0,"href":"https:\/\/www.europesays.com\/fi\/wp-json\/wp\/v2\/posts\/39065\/revisions"}],"wp:featuredmedia":[{"embeddable":true,"href":"https:\/\/www.europesays.com\/fi\/wp-json\/wp\/v2\/media\/39066"}],"wp:attachment":[{"href":"https:\/\/www.europesays.com\/fi\/wp-json\/wp\/v2\/media?parent=39065"}],"wp:term":[{"taxonomy":"category","embeddable":true,"href":"https:\/\/www.europesays.com\/fi\/wp-json\/wp\/v2\/categories?post=39065"},{"taxonomy":"post_tag","embeddable":true,"href":"https:\/\/www.europesays.com\/fi\/wp-json\/wp\/v2\/tags?post=39065"}],"curies":[{"name":"wp","href":"https:\/\/api.w.org\/{rel}","templated":true}]}}