{"id":39067,"date":"2025-09-18T23:40:10","date_gmt":"2025-09-18T23:40:10","guid":{"rendered":"https:\/\/www.europesays.com\/fi\/39067\/"},"modified":"2025-09-18T23:40:10","modified_gmt":"2025-09-18T23:40:10","slug":"auto-osui-17-sentin-kuoppaan-ja-vanteet-menivat-mutkalle-nailla-perusteilla-tampereen-kaupunki-korvaa-ajoneuvojen-vahingot","status":"publish","type":"post","link":"https:\/\/www.europesays.com\/fi\/39067\/","title":{"rendered":"Auto osui 17 sentin kuoppaan ja vanteet meniv\u00e4t mutkalle \u2013 N\u00e4ill\u00e4 perusteilla Tampereen kaupunki korvaa ajoneuvojen vahingot"},"content":{"rendered":"<p>Rakennuttamisjohtaja Milko Tiet\u00e4v\u00e4inen on huomannut, ett\u00e4 uusille ja kalliille autoille syntyy suurempia vahinkoja kuin vanhoille. Syy on vanteissa.<\/p>\n<p>18.9. 20:50<\/p>\n<p class=\"article-body mb-nof-24 px-nof-16\">Aamulehti<\/p>\n<p class=\"article-body mb-nof-24 px-nof-16\">Lukija otti yhteytt\u00e4 Aamulehteen ajettuaan 13. syyskuuta iltapime\u00e4ll\u00e4 Myllypuronkadulla tiess\u00e4 olleeseen 17 senttimetri\u00e4 syv\u00e4\u00e4n monttuun.<\/p>\n<p class=\"article-body mb-nof-24 px-nof-16\">\u201dAutosta hajosivat molemmat oikean puolen vanteet. Paikalla oli my\u00f6s muita, joiden vanteet olivat hajonneet. Siell\u00e4 kuvattiin ja mitattiin kuopan syvyytt\u00e4 porukalla\u201d, lukija kirjoittaa ja kysyy, mik\u00e4 on kaupungin vastuu.<\/p>\n","protected":false},"excerpt":{"rendered":"Rakennuttamisjohtaja Milko Tiet\u00e4v\u00e4inen on huomannut, ett\u00e4 uusille ja kalliille autoille syntyy suurempia vahinkoja kuin vanhoille. Syy on vanteissa.&hellip;\n","protected":false},"author":2,"featured_media":39068,"comment_status":"","ping_status":"","sticky":false,"template":"","format":"standard","meta":{"footnotes":""},"categories":[5],"tags":[157,22,23,26,27,33,31,30,17,24,25,28,29,15,18,21,32,19,20,16],"class_list":{"0":"post-39067","1":"post","2":"type-post","3":"status-publish","4":"format-standard","5":"has-post-thumbnail","7":"category-otsikot","8":"tag-aamulehti","9":"tag-breaking-news","10":"tag-breakingnews","11":"tag-featured-news","12":"tag-featurednews","13":"tag-fi","14":"tag-finland","15":"tag-finnish","16":"tag-headlines","17":"tag-latest-news","18":"tag-latestnews","19":"tag-main-news","20":"tag-mainnews","21":"tag-news","22":"tag-otsikot","23":"tag-paauutiset","24":"tag-suomi","25":"tag-top-stories","26":"tag-topstories","27":"tag-uutiset"},"share_on_mastodon":{"url":"","error":""},"_links":{"self":[{"href":"https:\/\/www.europesays.com\/fi\/wp-json\/wp\/v2\/posts\/39067","targetHints":{"allow":["GET"]}}],"collection":[{"href":"https:\/\/www.europesays.com\/fi\/wp-json\/wp\/v2\/posts"}],"about":[{"href":"https:\/\/www.europesays.com\/fi\/wp-json\/wp\/v2\/types\/post"}],"author":[{"embeddable":true,"href":"https:\/\/www.europesays.com\/fi\/wp-json\/wp\/v2\/users\/2"}],"replies":[{"embeddable":true,"href":"https:\/\/www.europesays.com\/fi\/wp-json\/wp\/v2\/comments?post=39067"}],"version-history":[{"count":0,"href":"https:\/\/www.europesays.com\/fi\/wp-json\/wp\/v2\/posts\/39067\/revisions"}],"wp:featuredmedia":[{"embeddable":true,"href":"https:\/\/www.europesays.com\/fi\/wp-json\/wp\/v2\/media\/39068"}],"wp:attachment":[{"href":"https:\/\/www.europesays.com\/fi\/wp-json\/wp\/v2\/media?parent=39067"}],"wp:term":[{"taxonomy":"category","embeddable":true,"href":"https:\/\/www.europesays.com\/fi\/wp-json\/wp\/v2\/categories?post=39067"},{"taxonomy":"post_tag","embeddable":true,"href":"https:\/\/www.europesays.com\/fi\/wp-json\/wp\/v2\/tags?post=39067"}],"curies":[{"name":"wp","href":"https:\/\/api.w.org\/{rel}","templated":true}]}}