{"id":39099,"date":"2025-09-19T00:57:08","date_gmt":"2025-09-19T00:57:08","guid":{"rendered":"https:\/\/www.europesays.com\/fi\/39099\/"},"modified":"2025-09-19T00:57:08","modified_gmt":"2025-09-19T00:57:08","slug":"suomalainen-klubi-aanestaa-jalleen-hyvaksyyko-se-naiset-jaseniksi","status":"publish","type":"post","link":"https:\/\/www.europesays.com\/fi\/39099\/","title":{"rendered":"Suomalainen Klubi \u00e4\u00e4nest\u00e4\u00e4 j\u00e4lleen, hyv\u00e4ksyyk\u00f6 se naiset j\u00e4seniksi"},"content":{"rendered":"<p>Tasa-arvo|Pian perinteisess\u00e4 herraseurassa voi olla my\u00f6s naisj\u00e4seni\u00e4, mik\u00e4li Suomalainen Klubi hyv\u00e4ksyy s\u00e4\u00e4nt\u00f6muutosehdotuksen ja lopullinen \u00e4\u00e4nestys menee l\u00e4pi.<\/p>\n<p>18.9. 19:33<\/p>\n<p class=\"article-body mb-nof-24 px-nof-16\">Suomalaisella Klubilla naisj\u00e4senyys on nytk\u00e4ht\u00e4nyt taas eteenp\u00e4in. Asia nostettiin t\u00e4n\u00e4\u00e4n p\u00f6yd\u00e4lle, kun klubin hallitus keskusteli s\u00e4\u00e4nt\u00f6muutosehdotuksesta.<\/p>\n<p class=\"article-body mb-nof-24 px-nof-16\">Hallitus p\u00e4\u00e4tti, ett\u00e4 naisj\u00e4senyydest\u00e4 \u00e4\u00e4nestet\u00e4\u00e4n j\u00e4lleen lokakuussa, kertoo Suomalaisen Klubin puheenjohtaja <a class=\"article-personlink\" href=\"https:\/\/www.hs.fi\/haku\/?query=Veli-Pekka%20Dufva\" rel=\"nofollow noopener\" target=\"_blank\">Veli-Pekka Dufva<\/a>.<\/p>\n<p class=\"article-body mb-nof-24 px-nof-16\">Klubi on toiminut herraseurana kohta jo 150 vuotta, mutta viime vuosina esill\u00e4 on ollut keskustelua klubin naisj\u00e4senyyden avaamisesta.<\/p>\n<p class=\"article-body mb-nof-24 px-nof-16\">Viime vuoden syyskuussa naisten j\u00e4senyyden puolesta \u00e4\u00e4nesti enemmist\u00f6 eli 69,6 prosenttia \u00e4\u00e4nest\u00e4neist\u00e4. S\u00e4\u00e4nt\u00f6jen muuttamiseen tarvitaan kuitenkin kolmen nelj\u00e4sosan enemmist\u00f6, eli 75 prosenttia \u00e4\u00e4nist\u00e4. Klubilla on vajaa 3\u202f000 j\u00e4sent\u00e4.<\/p>\n<p class=\"article-body mb-nof-24 px-nof-16\">\u201dMinulla on vahva usko siihen, ett\u00e4 saamme lokakuussa tarvittavat \u00e4\u00e4net kasaan. Klubi on aina seurannut yhteiskunnan kehityst\u00e4\u201d, Dufva kommentoi torstaisen kokouksen j\u00e4lkeen.<\/p>\n<p class=\"article-body mb-nof-24 px-nof-16\">Huhtikuussa <a class=\"article-genericlink\" href=\"https:\/\/www.hs.fi\/suomi\/art-2000011143323.html\" rel=\"nofollow noopener\" target=\"_blank\">HS uutisoi<\/a>, ett\u00e4 vuosien v\u00e4\u00e4nn\u00f6n j\u00e4lkeen n\u00e4ytt\u00e4\u00e4 silt\u00e4, ett\u00e4 klubi saattaa olla hyv\u00e4ksym\u00e4ss\u00e4 naiset j\u00e4senikseen.<\/p>\n<p class=\"article-body mb-nof-24 px-nof-16\">Dufva kommentoi tuolloin, ett\u00e4 keskustelua on k\u00e4yty ja muutos etenee taustalla.<\/p>\n<p class=\"article-body mb-nof-24 px-nof-16\">\u201dEn halua, ett\u00e4 naiset saavat en\u00e4\u00e4 yhdess\u00e4k\u00e4\u00e4n \u00e4\u00e4nestyksess\u00e4 m\u00e4rk\u00e4\u00e4 r\u00e4tti\u00e4 vasten kasvoja. Vien puheenjohtajana asian \u00e4\u00e4nestykseen, kun olemme varmoja kyll\u00e4-\u00e4\u00e4nten voitosta. Toivottavasti se on mahdollisimman pian\u201d, h\u00e4n kommentoi tuolloin s\u00e4hk\u00f6postitse.<\/p>\n<p class=\"article-body mb-nof-24 px-nof-16\">Tuolloin Dufva my\u00f6s kommentoi, ett\u00e4 klubiin voi tulla p\u00e4\u00e4t\u00f6ksen seurauksena yksitt\u00e4isi\u00e4 eroja, mutta uskoo vaikutuksen olevan positiivinen.<\/p>\n<p class=\"article-body mb-nof-24 px-nof-16\">\u201dNaisten tulo yhdistykseen olisi kuin Berliinin muurin murtuminen. Vapauttava tunnelma levi\u00e4isi ja alkaisi uusi k\u00e4\u00e4nteentekev\u00e4 aikakausi. Odotan sit\u00e4.\u201d<\/p>\n","protected":false},"excerpt":{"rendered":"Tasa-arvo|Pian perinteisess\u00e4 herraseurassa voi olla my\u00f6s naisj\u00e4seni\u00e4, mik\u00e4li Suomalainen Klubi hyv\u00e4ksyy s\u00e4\u00e4nt\u00f6muutosehdotuksen ja lopullinen \u00e4\u00e4nestys menee l\u00e4pi. 18.9.&hellip;\n","protected":false},"author":2,"featured_media":39100,"comment_status":"","ping_status":"","sticky":false,"template":"","format":"standard","meta":{"footnotes":""},"categories":[12],"tags":[22,23,26,27,33,31,30,17,46,24,25,28,29,15,18,21,32,19,20,16],"class_list":{"0":"post-39099","1":"post","2":"type-post","3":"status-publish","4":"format-standard","5":"has-post-thumbnail","7":"category-suomi","8":"tag-breaking-news","9":"tag-breakingnews","10":"tag-featured-news","11":"tag-featurednews","12":"tag-fi","13":"tag-finland","14":"tag-finnish","15":"tag-headlines","16":"tag-helsingin-sanomat","17":"tag-latest-news","18":"tag-latestnews","19":"tag-main-news","20":"tag-mainnews","21":"tag-news","22":"tag-otsikot","23":"tag-paauutiset","24":"tag-suomi","25":"tag-top-stories","26":"tag-topstories","27":"tag-uutiset"},"share_on_mastodon":{"url":"","error":""},"_links":{"self":[{"href":"https:\/\/www.europesays.com\/fi\/wp-json\/wp\/v2\/posts\/39099","targetHints":{"allow":["GET"]}}],"collection":[{"href":"https:\/\/www.europesays.com\/fi\/wp-json\/wp\/v2\/posts"}],"about":[{"href":"https:\/\/www.europesays.com\/fi\/wp-json\/wp\/v2\/types\/post"}],"author":[{"embeddable":true,"href":"https:\/\/www.europesays.com\/fi\/wp-json\/wp\/v2\/users\/2"}],"replies":[{"embeddable":true,"href":"https:\/\/www.europesays.com\/fi\/wp-json\/wp\/v2\/comments?post=39099"}],"version-history":[{"count":0,"href":"https:\/\/www.europesays.com\/fi\/wp-json\/wp\/v2\/posts\/39099\/revisions"}],"wp:featuredmedia":[{"embeddable":true,"href":"https:\/\/www.europesays.com\/fi\/wp-json\/wp\/v2\/media\/39100"}],"wp:attachment":[{"href":"https:\/\/www.europesays.com\/fi\/wp-json\/wp\/v2\/media?parent=39099"}],"wp:term":[{"taxonomy":"category","embeddable":true,"href":"https:\/\/www.europesays.com\/fi\/wp-json\/wp\/v2\/categories?post=39099"},{"taxonomy":"post_tag","embeddable":true,"href":"https:\/\/www.europesays.com\/fi\/wp-json\/wp\/v2\/tags?post=39099"}],"curies":[{"name":"wp","href":"https:\/\/api.w.org\/{rel}","templated":true}]}}