{"id":39324,"date":"2025-09-19T06:49:14","date_gmt":"2025-09-19T06:49:14","guid":{"rendered":"https:\/\/www.europesays.com\/fi\/39324\/"},"modified":"2025-09-19T06:49:14","modified_gmt":"2025-09-19T06:49:14","slug":"lehti-barron-trump-muutti-kotiin","status":"publish","type":"post","link":"https:\/\/www.europesays.com\/fi\/39324\/","title":{"rendered":"Lehti: Barron Trump muutti kotiin"},"content":{"rendered":"<p>Yhdysvaltain presidentti Donald Trumpin poika on muuttanut, uutisoi amerikkalaismedia.<\/p>\n<p><img decoding=\"async\" class=\"image image-show image-preview\" src=\"https:\/\/www.europesays.com\/fi\/wp-content\/uploads\/2025\/09\/dcdbfd5a0bee6da71d40ca991799ecef847c710b91d96d2152637d06488d1839.jpg\" alt=\"\"\/><img decoding=\"async\" class=\"image image-show\" src=\"https:\/\/www.europesays.com\/fi\/wp-content\/uploads\/2025\/09\/1758264554_635_dcdbfd5a0bee6da71d40ca991799ecef847c710b91d96d2152637d06488d1839.jpg\" alt=\"\"\/><\/p>\n<p>19-vuotias Barron Trump on aloittanut toisen opiskeluvuotensa New Yorkin yliopistossa. ZumaWire \/ MVPHOTOS<\/p>\n<p class=\"paragraph\">Amerikkalaismedia uutisoi <a href=\"https:\/\/www.iltalehti.fi\/henkilot\/Barron Trump\" class=\"article-link-person-page\" rel=\"nofollow noopener\" target=\"_blank\">Barron Trumpin<\/a> \u201dpalanneen kotiinsa\u201d.<\/p>\n<p class=\"paragraph\"><a href=\"https:\/\/nypost.com\/2025\/09\/09\/us-news\/barron-trump-moves-into-white-house-as-he-starts-sophomore-year-at-nyu-sources\/\" target=\"_blank\" rel=\"noopener nofollow\">New York Post<\/a> (NYP) uutisoi, ett\u00e4 19-vuotias Barron Trump on muuttanut Valkoiseen taloon, jossa asuvat h\u00e4nen vanhempansa eli Yhdysvaltain presidentti <a href=\"https:\/\/www.iltalehti.fi\/henkilot\/Donald Trump\" class=\"article-link-person-page\" rel=\"nofollow noopener\" target=\"_blank\">Donald Trump<\/a> ja Yhdysvaltain ensimm\u00e4inen nainen <a href=\"https:\/\/www.iltalehti.fi\/henkilot\/Melania Trump\" class=\"article-link-person-page\" rel=\"nofollow noopener\" target=\"_blank\">Melania Trump<\/a>.<\/p>\n<p class=\"paragraph\">Barron Trump n\u00e4ytt\u00e4\u00e4 median mukaan vaihtaneen yliopistokampusta. New Yorkin yliopistossa opiskeleva Barron Trump on n\u00e4hty t\u00e4n\u00e4 syksyn\u00e4 Washingtonin kampuksella, <a href=\"https:\/\/people.com\/barron-trump-studying-in-dc-11807442\" target=\"_blank\" rel=\"noopener nofollow\">People<\/a> kertoo l\u00e4hteeseens\u00e4 vedoten. Kampus sijaitsee vain muutaman korttelin p\u00e4\u00e4ss\u00e4 Valkoisesta talosta.<\/p>\n<p class=\"paragraph\">Ensimm\u00e4isen lukuvuotensa Barron Trump opiskeli saman yliopiston Manhattanin Greenwich Villagen kampuksella.<\/p>\n<p class=\"paragraph\">People-lehden tietojen mukaan Barron Trumpin on tarkoitus opiskella Washingtonissa ainakin syyslukukauden ajan. Lehden tiedossa ei ole, aikooko h\u00e4n j\u00e4\u00e4d\u00e4 sinne pidemm\u00e4ksikin aikaa.<\/p>\n<p class=\"paragraph\">Medialle puhuneet l\u00e4hteet ovat aiemmin kuvailleet Melania Trumpia pojastaan ylpe\u00e4ksi \u00e4idiksi, joka varjelee poikaansa tarkoin. N\u00e4in h\u00e4nt\u00e4 kuvaili my\u00f6s People-lehdelle elokuussa puhunut l\u00e4hde.<\/p>\n<p class=\"paragraph\">\u2013 Melania vahtii Barronia jatkuvasti varmistaakseen, ettei kukaan kohtele h\u00e4nt\u00e4 huonosti tai kiusaa h\u00e4nt\u00e4, l\u00e4hde sanoi tuolloin.<\/p>\n<p class=\"paragraph\">\u2013 H\u00e4n [Melania] tiet\u00e4\u00e4 koko ajan, miss\u00e4 h\u00e4n [Barron] on ja mit\u00e4 h\u00e4n tekee.<\/p>\n<p class=\"paragraph\">People ja NYP yrittiv\u00e4t tavoitella Valkoista taloa sek\u00e4 Melania Trumpin toimistoa kommentin toivossa, mutta media ei saanut vastausta.<\/p>\n","protected":false},"excerpt":{"rendered":"Yhdysvaltain presidentti Donald Trumpin poika on muuttanut, uutisoi amerikkalaismedia. 19-vuotias Barron Trump on aloittanut toisen opiskeluvuotensa New Yorkin&hellip;\n","protected":false},"author":2,"featured_media":39325,"comment_status":"","ping_status":"","sticky":false,"template":"","format":"standard","meta":{"footnotes":""},"categories":[136],"tags":[35,407,137,33,31,30,408,142,637,144,32,109,143,145],"class_list":{"0":"post-39324","1":"post","2":"type-post","3":"status-publish","4":"format-standard","5":"has-post-thumbnail","7":"category-julkkikset","8":"tag-24h","9":"tag-celebrities","10":"tag-entertainment","11":"tag-fi","12":"tag-finland","13":"tag-finnish","14":"tag-julkkikset","15":"tag-poliitikot","16":"tag-politiikka","17":"tag-presidentti","18":"tag-suomi","19":"tag-viihde","20":"tag-yhdysvaltain-politiikka","21":"tag-yhdysvaltalaiset-poliittiset-puolueet"},"share_on_mastodon":{"url":"","error":""},"_links":{"self":[{"href":"https:\/\/www.europesays.com\/fi\/wp-json\/wp\/v2\/posts\/39324","targetHints":{"allow":["GET"]}}],"collection":[{"href":"https:\/\/www.europesays.com\/fi\/wp-json\/wp\/v2\/posts"}],"about":[{"href":"https:\/\/www.europesays.com\/fi\/wp-json\/wp\/v2\/types\/post"}],"author":[{"embeddable":true,"href":"https:\/\/www.europesays.com\/fi\/wp-json\/wp\/v2\/users\/2"}],"replies":[{"embeddable":true,"href":"https:\/\/www.europesays.com\/fi\/wp-json\/wp\/v2\/comments?post=39324"}],"version-history":[{"count":0,"href":"https:\/\/www.europesays.com\/fi\/wp-json\/wp\/v2\/posts\/39324\/revisions"}],"wp:featuredmedia":[{"embeddable":true,"href":"https:\/\/www.europesays.com\/fi\/wp-json\/wp\/v2\/media\/39325"}],"wp:attachment":[{"href":"https:\/\/www.europesays.com\/fi\/wp-json\/wp\/v2\/media?parent=39324"}],"wp:term":[{"taxonomy":"category","embeddable":true,"href":"https:\/\/www.europesays.com\/fi\/wp-json\/wp\/v2\/categories?post=39324"},{"taxonomy":"post_tag","embeddable":true,"href":"https:\/\/www.europesays.com\/fi\/wp-json\/wp\/v2\/tags?post=39324"}],"curies":[{"name":"wp","href":"https:\/\/api.w.org\/{rel}","templated":true}]}}