{"id":39414,"date":"2025-09-19T08:33:08","date_gmt":"2025-09-19T08:33:08","guid":{"rendered":"https:\/\/www.europesays.com\/fi\/39414\/"},"modified":"2025-09-19T08:33:08","modified_gmt":"2025-09-19T08:33:08","slug":"maria-nordin-iloitsee-oikeuden-paatoksesta-voitin","status":"publish","type":"post","link":"https:\/\/www.europesays.com\/fi\/39414\/","title":{"rendered":"Maria Nordin iloitsee oikeuden p\u00e4\u00e4t\u00f6ksest\u00e4: &#8221;Voitin&#8221;"},"content":{"rendered":"<p>Hovioikeuden mukaan Nordin ei j\u00e4tt\u00e4nyt el\u00e4imi\u00e4 ilman tarpeellista hoitoa.<\/p>\n<p><img decoding=\"async\" class=\"image image-show image-preview\" src=\"https:\/\/www.europesays.com\/fi\/wp-content\/uploads\/2025\/09\/a51831d63777356221e2159d82c8bb7747f48eed5a8c3101227603ac185bfa52.jpg\" alt=\"\"\/><img decoding=\"async\" class=\"image image-show\" src=\"https:\/\/www.europesays.com\/fi\/wp-content\/uploads\/2025\/09\/1758270788_358_a51831d63777356221e2159d82c8bb7747f48eed5a8c3101227603ac185bfa52.jpg\" alt=\"\"\/><\/p>\n<p>Maria Nordinin syytteet hyl\u00e4ttiin hovioikeudessa. Roosa Br\u00f6ijer<\/p>\n<p class=\"paragraph\">Helsingin hovioikeus on hyl\u00e4nnyt <a href=\"https:\/\/www.iltalehti.fi\/henkilot\/Maria Nordin\" class=\"article-link-person-page\" rel=\"nofollow noopener\" target=\"_blank\">Maria Nordinin<\/a> saaman syytteen el\u00e4insuojelurikoksesta.<\/p>\n<p class=\"paragraph\">Helsingin k\u00e4r\u00e4j\u00e4oikeus tuomitsi Nordinille rikoksesta sakkoja, mutta hovioikeus p\u00e4\u00e4tyi asiassa p\u00e4invastaiseen ratkaisuun. Valtio velvoitettiin korvaamaan Nordinille h\u00e4nen l\u00e4hes 15 000 euron oikeudenk\u00e4yntikulunsa kahdessa oikeusasteessa.<\/p>\n<p class=\"paragraph\">Tapahtumakulku oli pitk\u00e4lti riidaton. Kes\u00e4ll\u00e4 2020 Nordinin kana joutui koiran ja perheen kissa todenn\u00e4k\u00f6isesti kyyn puremaksi. Kumpaakaan el\u00e4int\u00e4 ei viety el\u00e4inl\u00e4\u00e4k\u00e4riin.<\/p>\n<p class=\"paragraph\">Kanan haavat oli pesty ja hoidettu pihkavoiteella. Ep\u00e4illysti kyyn puremaksi joutuneen kissan suuta taas oli kostutettu suihkepullolla, sille oli annettu ruokaa ja sit\u00e4 oli kannettu hiekkalaatikolle, mink\u00e4 lis\u00e4ksi sen oli annettu lev\u00e4t\u00e4.<\/p>\n<p class=\"paragraph\">Nordinin puoliso, laulaja <a href=\"https:\/\/www.iltalehti.fi\/henkilot\/Reino Nordin\" class=\"article-link-person-page\" rel=\"nofollow noopener\" target=\"_blank\">Reino Nordin<\/a>, oli soittanut kissasta el\u00e4inl\u00e4\u00e4k\u00e4rille, jonka antamia hoitosuosituksia p\u00e4\u00e4asiassa noudatettiin. Ainoa noudattamatta j\u00e4\u00e4nyt hoitosuositus koski el\u00e4imen viemist\u00e4 el\u00e4inl\u00e4\u00e4k\u00e4riin.<\/p>\n<p class=\"paragraph\">Oikeudessa todistajana kuullun Reino Nordinin mukaan el\u00e4inl\u00e4\u00e4k\u00e4rin ohjeet olivat ristiriitaisia, koska toisaalta heit\u00e4 kiellettiin liikuttamasta kissaa, jotta myrkky ei levi\u00e4. Oikeudessa kuultiin asiantuntijoina kahta eri el\u00e4inl\u00e4\u00e4k\u00e4ri\u00e4, joiden lausunnot olivat kesken\u00e4\u00e4n osin ristiriitaiset.<\/p>\n<p class=\"paragraph\">Hovioikeuden mukaan el\u00e4imet toipuivat vammoistaan. Nordinien mukaan kissa toipui muutamassa p\u00e4iv\u00e4ss\u00e4. My\u00f6s kanan puremahaava n\u00e4ytti kuvan perusteella parantuneen muutamassa viikossa.<\/p>\n<p class=\"paragraph\">Hovioikeus katsoi, ettei Maria Nordin ollut j\u00e4tt\u00e4nyt el\u00e4imi\u00e4 vaille tarpeellista hoitoa. H\u00e4n ei my\u00f6sk\u00e4\u00e4n aiheuttanut niille tarpeetonta k\u00e4rsimyst\u00e4, kipua tai tuskaa.<\/p>\n<p class=\"paragraph\">Maria Nordin kertoi p\u00e4\u00e4tt\u00e4neens\u00e4 lopettaa kanan, mutta n\u00e4in ei toimittu, koska Reino Nordin p\u00e4\u00e4tti, ett\u00e4 kana hoidetaan kuntoon. Marian mukaan kana kuului Reinolle.<\/p>\n<p class=\"paragraph\">Hovioikeuden mukaan sill\u00e4, kuka kanan tosiasiallinen omistaja oli, ei ole asian ratkaisussa merkityst\u00e4. Maria Nordinin katsottiin olleen sellaisessa vastuuasemassa, ett\u00e4 h\u00e4nen on tullut huolehtia kanan tarpeellisesta hoidosta.<\/p>\n<p class=\"paragraph\">Nordin on kommentoinut hovioikeuden ratkaisua <a href=\"https:\/\/www.instagram.com\/p\/DOxe-tlDIOr\/?img_index=2\" rel=\"noopener nofollow\" target=\"_blank\">Instagram-tilill\u00e4\u00e4n<\/a>.<\/p>\n<p class=\"paragraph\">\u2013 Min\u00e4, maalaisj\u00e4rki sek\u00e4 vaihtoehtoiset ja t\u00e4ydent\u00e4v\u00e4t hoidot voitti! kirjoittaa Nordin.<\/p>\n<p>Reino ja Maria Nordinin Iltalehden Ukkola-ohjelman haastattelussa. Henri K\u00e4rkk\u00e4inen, Sipe Myllyniemi<\/p>\n<p><script async src=\"\/\/www.instagram.com\/embed.js\"><\/script><\/p>\n","protected":false},"excerpt":{"rendered":"Hovioikeuden mukaan Nordin ei j\u00e4tt\u00e4nyt el\u00e4imi\u00e4 ilman tarpeellista hoitoa. Maria Nordinin syytteet hyl\u00e4ttiin hovioikeudessa. Roosa Br\u00f6ijer Helsingin hovioikeus&hellip;\n","protected":false},"author":2,"featured_media":39415,"comment_status":"","ping_status":"","sticky":false,"template":"","format":"standard","meta":{"footnotes":""},"categories":[136],"tags":[35,138,407,404,137,33,31,30,408,47,141,977,32,109],"class_list":{"0":"post-39414","1":"post","2":"type-post","3":"status-publish","4":"format-standard","5":"has-post-thumbnail","7":"category-julkkikset","8":"tag-24h","9":"tag-audio","10":"tag-celebrities","11":"tag-elaimet","12":"tag-entertainment","13":"tag-fi","14":"tag-finland","15":"tag-finnish","16":"tag-julkkikset","17":"tag-musiikki","18":"tag-muusikot-bandit","19":"tag-oikeusistuimet","20":"tag-suomi","21":"tag-viihde"},"share_on_mastodon":{"url":"","error":""},"_links":{"self":[{"href":"https:\/\/www.europesays.com\/fi\/wp-json\/wp\/v2\/posts\/39414","targetHints":{"allow":["GET"]}}],"collection":[{"href":"https:\/\/www.europesays.com\/fi\/wp-json\/wp\/v2\/posts"}],"about":[{"href":"https:\/\/www.europesays.com\/fi\/wp-json\/wp\/v2\/types\/post"}],"author":[{"embeddable":true,"href":"https:\/\/www.europesays.com\/fi\/wp-json\/wp\/v2\/users\/2"}],"replies":[{"embeddable":true,"href":"https:\/\/www.europesays.com\/fi\/wp-json\/wp\/v2\/comments?post=39414"}],"version-history":[{"count":0,"href":"https:\/\/www.europesays.com\/fi\/wp-json\/wp\/v2\/posts\/39414\/revisions"}],"wp:featuredmedia":[{"embeddable":true,"href":"https:\/\/www.europesays.com\/fi\/wp-json\/wp\/v2\/media\/39415"}],"wp:attachment":[{"href":"https:\/\/www.europesays.com\/fi\/wp-json\/wp\/v2\/media?parent=39414"}],"wp:term":[{"taxonomy":"category","embeddable":true,"href":"https:\/\/www.europesays.com\/fi\/wp-json\/wp\/v2\/categories?post=39414"},{"taxonomy":"post_tag","embeddable":true,"href":"https:\/\/www.europesays.com\/fi\/wp-json\/wp\/v2\/tags?post=39414"}],"curies":[{"name":"wp","href":"https:\/\/api.w.org\/{rel}","templated":true}]}}