{"id":39421,"date":"2025-09-19T08:45:08","date_gmt":"2025-09-19T08:45:08","guid":{"rendered":"https:\/\/www.europesays.com\/fi\/39421\/"},"modified":"2025-09-19T08:45:08","modified_gmt":"2025-09-19T08:45:08","slug":"trumpin-helikopteri-teki-hatalaskun-presidenttipari-kyydissa","status":"publish","type":"post","link":"https:\/\/www.europesays.com\/fi\/39421\/","title":{"rendered":"Trumpin helikopteri teki h\u00e4t\u00e4laskun \u2013 Presidenttipari kyydiss\u00e4"},"content":{"rendered":"<p>Trumpin helikopteri joutui tekem\u00e4\u00e4n h\u00e4t\u00e4laskun.<\/p>\n<p><img decoding=\"async\" class=\"image image-show image-preview\" src=\"https:\/\/www.europesays.com\/fi\/wp-content\/uploads\/2025\/09\/ec6080267e5c79ff48df2c2812afdd046cb32fbacdabdf1e043a27abd7f50c64.jpg\" alt=\"\"\/><img decoding=\"async\" class=\"image image-show\" src=\"https:\/\/www.europesays.com\/fi\/wp-content\/uploads\/2025\/09\/1758271508_152_ec6080267e5c79ff48df2c2812afdd046cb32fbacdabdf1e043a27abd7f50c64.jpg\" alt=\"\"\/><\/p>\n<p>Trumpin k\u00e4yt\u00f6ss\u00e4 oleva Marine One -helikopteri teki h\u00e4t\u00e4laskun Lutonin lentoasemalle, jossa h\u00e4n vaihtoi puolisonsa kanssa Marine Two -helikopteriin. AOP<\/p>\n<p class=\"paragraph\"><a href=\"https:\/\/www.iltalehti.fi\/henkilot\/Donald Trump\" class=\"article-link-person-page\" rel=\"nofollow noopener\" target=\"_blank\">Donald<\/a> ja <a href=\"https:\/\/www.iltalehti.fi\/henkilot\/Melania Trump\" class=\"article-link-person-page\" rel=\"nofollow noopener\" target=\"_blank\">Melania Trump<\/a> olivat Marine One -helikopterissa, kun se joutui tekem\u00e4\u00e4n h\u00e4t\u00e4laskun Britanniassa.<\/p>\n<p class=\"paragraph\">Trumpit olivat matkalla Britannian p\u00e4\u00e4ministerin maaseutuasunnolta Chequers Courtilta Stanstedin lentoasemalle, kun Marine One teki hydrauliikkavian vuoksi h\u00e4t\u00e4laskun kesken matkan.<\/p>\n<p class=\"paragraph\">Trumpit saapuivat tapahtuneen vuoksi noin 20 minuuttia aikataulusta my\u00f6h\u00e4ss\u00e4 Stanstedille, josta Air Force One -lentokone l\u00e4hti matkalle kohti Yhdysvaltoja.<\/p>\n<p class=\"paragraph\">Valkoisen talon lehdist\u00f6sihteeri <a href=\"https:\/\/www.iltalehti.fi\/henkilot\/Karoline Leavitt\" class=\"article-link-person-page\" rel=\"nofollow noopener\" target=\"_blank\">Karoline Leavitt<\/a> on julkaissut h\u00e4t\u00e4laskusta lausunnon, jossa h\u00e4n vahvistaa h\u00e4t\u00e4laskun tehdyn varotoimenpiteen\u00e4 hydrauliikkavian vuoksi.<\/p>\n<p class=\"paragraph\">Leavittin mukaan Trumpit p\u00e4\u00e4siv\u00e4t h\u00e4t\u00e4laskun j\u00e4lkeen \u201dturvallisesti varahelikopteriin\u201d.<\/p>\n<p class=\"paragraph\">Kotimatkalla Air Force Onessa Trump saattoi viitata tapahtuneeseen keskustellessaan toimittajien kanssa, brittilehti The Sun kertoo.<\/p>\n<p class=\"paragraph\">\u2013 Turvallista lentomatkaa. Tied\u00e4ttek\u00f6, miksi sanon noin? Koska min\u00e4 olen t\u00e4ll\u00e4 lennolla. Haluan kotiin. Muuten en v\u00e4litt\u00e4isi ollenkaan, h\u00e4n sanoi.<\/p>\n<p>Trump vieraili torstaina Britannian p\u00e4\u00e4ministerin Keir Starmerin luona. EPA\/AOP<\/p>\n","protected":false},"excerpt":{"rendered":"Trumpin helikopteri joutui tekem\u00e4\u00e4n h\u00e4t\u00e4laskun. Trumpin k\u00e4yt\u00f6ss\u00e4 oleva Marine One -helikopteri teki h\u00e4t\u00e4laskun Lutonin lentoasemalle, jossa h\u00e4n vaihtoi&hellip;\n","protected":false},"author":2,"featured_media":39422,"comment_status":"","ping_status":"","sticky":false,"template":"","format":"standard","meta":{"footnotes":""},"categories":[14],"tags":[35,22,23,26,27,33,31,30,17,24,25,2910,121,28,29,15,18,21,142,637,32,19,20,56,16,638,59,60,61],"class_list":{"0":"post-39421","1":"post","2":"type-post","3":"status-publish","4":"format-standard","5":"has-post-thumbnail","7":"category-ulkomaat","8":"tag-24h","9":"tag-breaking-news","10":"tag-breakingnews","11":"tag-featured-news","12":"tag-featurednews","13":"tag-fi","14":"tag-finland","15":"tag-finnish","16":"tag-headlines","17":"tag-latest-news","18":"tag-latestnews","19":"tag-lentoliikenne-ilmaliikenne","20":"tag-liikenne-ja-kuljetus","21":"tag-main-news","22":"tag-mainnews","23":"tag-news","24":"tag-otsikot","25":"tag-paauutiset","26":"tag-poliitikot","27":"tag-politiikka","28":"tag-suomi","29":"tag-top-stories","30":"tag-topstories","31":"tag-ulkomaat","32":"tag-uutiset","33":"tag-valtiovalta","34":"tag-world","35":"tag-world-news","36":"tag-worldnews"},"share_on_mastodon":{"url":"","error":""},"_links":{"self":[{"href":"https:\/\/www.europesays.com\/fi\/wp-json\/wp\/v2\/posts\/39421","targetHints":{"allow":["GET"]}}],"collection":[{"href":"https:\/\/www.europesays.com\/fi\/wp-json\/wp\/v2\/posts"}],"about":[{"href":"https:\/\/www.europesays.com\/fi\/wp-json\/wp\/v2\/types\/post"}],"author":[{"embeddable":true,"href":"https:\/\/www.europesays.com\/fi\/wp-json\/wp\/v2\/users\/2"}],"replies":[{"embeddable":true,"href":"https:\/\/www.europesays.com\/fi\/wp-json\/wp\/v2\/comments?post=39421"}],"version-history":[{"count":0,"href":"https:\/\/www.europesays.com\/fi\/wp-json\/wp\/v2\/posts\/39421\/revisions"}],"wp:featuredmedia":[{"embeddable":true,"href":"https:\/\/www.europesays.com\/fi\/wp-json\/wp\/v2\/media\/39422"}],"wp:attachment":[{"href":"https:\/\/www.europesays.com\/fi\/wp-json\/wp\/v2\/media?parent=39421"}],"wp:term":[{"taxonomy":"category","embeddable":true,"href":"https:\/\/www.europesays.com\/fi\/wp-json\/wp\/v2\/categories?post=39421"},{"taxonomy":"post_tag","embeddable":true,"href":"https:\/\/www.europesays.com\/fi\/wp-json\/wp\/v2\/tags?post=39421"}],"curies":[{"name":"wp","href":"https:\/\/api.w.org\/{rel}","templated":true}]}}