{"id":39469,"date":"2025-09-19T10:03:07","date_gmt":"2025-09-19T10:03:07","guid":{"rendered":"https:\/\/www.europesays.com\/fi\/39469\/"},"modified":"2025-09-19T10:03:07","modified_gmt":"2025-09-19T10:03:07","slug":"joesta-loytyi-sodanaikainen-pommi-berliinissa","status":"publish","type":"post","link":"https:\/\/www.europesays.com\/fi\/39469\/","title":{"rendered":"Joesta l\u00f6ytyi sodanaikainen pommi Berliiniss\u00e4"},"content":{"rendered":"<p>Pommi l\u00f6ytyi Spreejoesta Berliinin keskustassa rakennust\u00f6iden yhteydess\u00e4.<\/p>\n<p class=\"article-body mb-nof-24 px-nof-16\">Berliiniss\u00e4 noin 20\u202f000 berliinil\u00e4ist\u00e4 on joutunut evakuoitumaan sen j\u00e4lkeen, kun kaupungista l\u00f6ydettiin per\u00e4kk\u00e4isin\u00e4 p\u00e4ivin\u00e4 kaksi sodanaikaista pommia.<\/p>\n<p class=\"article-body mb-nof-24 px-nof-16\">Noin 10\u202f000 ihmiselle annettiin evakuoitumisk\u00e4sky sen j\u00e4lkeen, kun kaupungin halki kulkevasta Spreejoesta l\u00f6ydettiin torstaina toisen maailmansodan aikainen pommi, kertoo muun muassa saksalaismedia <a class=\"article-genericlink\" href=\"https:\/\/www.dw.com\/en\/germany-thousands-evacuated-in-berlin-after-wwii-bomb-find\/a-74053192\" rel=\"nofollow noopener\" target=\"_blank\">Deutsche Welle<\/a>.<\/p>\n<p class=\"article-body mb-nof-24 px-nof-16\">Lehden mukaan Spandaun kaupunginosassa puolestaan l\u00f6ytyi sodanaikainen pommi keskiviikkona. Siell\u00e4 yli 12\u202f000 ihmist\u00e4 on evakuoitu t\u00e4n\u00e4\u00e4n teht\u00e4v\u00e4n pommin purkamisen vuoksi.<\/p>\n<p class=\"article-body mb-nof-24 px-nof-16\">Torstain pommil\u00f6yd\u00f6s tehtiin Mitten kaupunginosassa Berliinin keskustassa. Poliisi asetti l\u00f6yt\u00f6paikan ymp\u00e4rille <a class=\"article-genericlink\" href=\"https:\/\/x.com\/polizeiberlin\/status\/1968798415652868335\" rel=\"nofollow\">turva-alueen<\/a>, joka oli s\u00e4teelt\u00e4\u00e4n 500 metri\u00e4. Tihe\u00e4sti asutun alueen asukkaille ilmoitettiin evakuointim\u00e4\u00e4r\u00e4yksest\u00e4 kulkemalla ovelta ovelle.<\/p>\n<p class=\"article-body mb-nof-24 px-nof-16\">Berliinil\u00e4islehti <a class=\"article-genericlink\" href=\"https:\/\/www.tagesspiegel.de\/berlin\/weltkriegsbombe-in-der-spree-tausende-berliner-mussten-ihre-hauser-verlassen--spezialisten-bereiten-entscharfung-vor-14351780.html\" rel=\"nofollow noopener\" target=\"_blank\">Tagespiegelin<\/a> mukaan Mittess\u00e4 sijaitsevan kaupungintalon h\u00e4t\u00e4suojaan kertyi y\u00f6ll\u00e4 pitki\u00e4 jonoja, kun sadat ihmiset etsiv\u00e4t sielt\u00e4 y\u00f6sijaa. Ihmisi\u00e4 majoitettiin my\u00f6s l\u00e4heisell\u00e4 koululla. L\u00f6yd\u00f6s pys\u00e4ytti vesiliikenteen Spreejoella sek\u00e4 seisautti yhden metrolinjan.<\/p>\n<p class=\"article-body mb-nof-24 px-nof-16\">Perjantaiaamuna viranomaiset ilmoittivat, ett\u00e4 pommi on vaaraton. Asukkaat p\u00e4\u00e4siv\u00e4t t\u00e4m\u00e4n j\u00e4lkeen palaamaan koteihinsa.<\/p>\n<p class=\"article-body mb-nof-24 px-nof-16\">Viranomaisten mukaan pommi l\u00f6ydettiin rakennust\u00f6iden yhteydess\u00e4, kertoo Deutsche Welle. Lehden mukaan ennen suuria rakennushankkeita Saksassa on yleinen k\u00e4yt\u00e4nt\u00f6 tehd\u00e4 tarkastus toisen maailmansodan r\u00e4j\u00e4ht\u00e4m\u00e4tt\u00f6mien taisteluv\u00e4lineiden varalta.<\/p>\n<p>My\u00f6s toinen pommioperaatio<\/p>\n<p class=\"article-body mb-nof-24 px-nof-16\">Spandaun kaupunginosasta keskiviikkona l\u00f6ytynyt satakiloinen pommi on m\u00e4\u00e4r\u00e4 tehd\u00e4 vaarattomaksi perjantaina, Deutsche Welle kertoo.<\/p>\n<p class=\"article-body mb-nof-24 px-nof-16\">L\u00f6yt\u00f6paikan ymp\u00e4rille on m\u00e4\u00e4r\u00e4tty turva-alue, ja noin 12\u202f400 ihmist\u00e4 on evakuoitu operaation vuoksi.<\/p>\n<p class=\"article-body mb-nof-24 px-nof-16\">Poliisin mukaan pommista ei aiheutunut v\u00e4lit\u00f6nt\u00e4 vaaraa, mink\u00e4 vuoksi se p\u00e4\u00e4tettiin purkaa my\u00f6hemmin.<\/p>\n","protected":false},"excerpt":{"rendered":"Pommi l\u00f6ytyi Spreejoesta Berliinin keskustassa rakennust\u00f6iden yhteydess\u00e4. Berliiniss\u00e4 noin 20\u202f000 berliinil\u00e4ist\u00e4 on joutunut evakuoitumaan sen j\u00e4lkeen, kun kaupungista&hellip;\n","protected":false},"author":2,"featured_media":39470,"comment_status":"","ping_status":"","sticky":false,"template":"","format":"standard","meta":{"footnotes":""},"categories":[14],"tags":[22,23,26,27,33,31,30,17,34,24,25,28,29,15,18,21,32,19,20,56,16,59,60,61],"class_list":{"0":"post-39469","1":"post","2":"type-post","3":"status-publish","4":"format-standard","5":"has-post-thumbnail","7":"category-ulkomaat","8":"tag-breaking-news","9":"tag-breakingnews","10":"tag-featured-news","11":"tag-featurednews","12":"tag-fi","13":"tag-finland","14":"tag-finnish","15":"tag-headlines","16":"tag-ilta-sanomat","17":"tag-latest-news","18":"tag-latestnews","19":"tag-main-news","20":"tag-mainnews","21":"tag-news","22":"tag-otsikot","23":"tag-paauutiset","24":"tag-suomi","25":"tag-top-stories","26":"tag-topstories","27":"tag-ulkomaat","28":"tag-uutiset","29":"tag-world","30":"tag-world-news","31":"tag-worldnews"},"share_on_mastodon":{"url":"","error":""},"_links":{"self":[{"href":"https:\/\/www.europesays.com\/fi\/wp-json\/wp\/v2\/posts\/39469","targetHints":{"allow":["GET"]}}],"collection":[{"href":"https:\/\/www.europesays.com\/fi\/wp-json\/wp\/v2\/posts"}],"about":[{"href":"https:\/\/www.europesays.com\/fi\/wp-json\/wp\/v2\/types\/post"}],"author":[{"embeddable":true,"href":"https:\/\/www.europesays.com\/fi\/wp-json\/wp\/v2\/users\/2"}],"replies":[{"embeddable":true,"href":"https:\/\/www.europesays.com\/fi\/wp-json\/wp\/v2\/comments?post=39469"}],"version-history":[{"count":0,"href":"https:\/\/www.europesays.com\/fi\/wp-json\/wp\/v2\/posts\/39469\/revisions"}],"wp:featuredmedia":[{"embeddable":true,"href":"https:\/\/www.europesays.com\/fi\/wp-json\/wp\/v2\/media\/39470"}],"wp:attachment":[{"href":"https:\/\/www.europesays.com\/fi\/wp-json\/wp\/v2\/media?parent=39469"}],"wp:term":[{"taxonomy":"category","embeddable":true,"href":"https:\/\/www.europesays.com\/fi\/wp-json\/wp\/v2\/categories?post=39469"},{"taxonomy":"post_tag","embeddable":true,"href":"https:\/\/www.europesays.com\/fi\/wp-json\/wp\/v2\/tags?post=39469"}],"curies":[{"name":"wp","href":"https:\/\/api.w.org\/{rel}","templated":true}]}}