{"id":39511,"date":"2025-09-19T11:12:11","date_gmt":"2025-09-19T11:12:11","guid":{"rendered":"https:\/\/www.europesays.com\/fi\/39511\/"},"modified":"2025-09-19T11:12:11","modified_gmt":"2025-09-19T11:12:11","slug":"janni-hussi-matkusti-pois-mutta-kenenkohan-kanssa","status":"publish","type":"post","link":"https:\/\/www.europesays.com\/fi\/39511\/","title":{"rendered":"Janni Hussi matkusti pois &#8211; mutta kenenk\u00f6h\u00e4n kanssa?"},"content":{"rendered":"<p>Lahjakas rallikartturi, juontaja ja somevaikuttaja Janni Hussi on j\u00e4\u00e4nyt ansaitulle tauolle tiukan rallikauden ja henkil\u00f6kohtaisen el\u00e4m\u00e4n myllerrysten j\u00e4lkeen. <\/p>\n<p>Viime kuukaudet ovat pit\u00e4neet sis\u00e4ll\u00e4\u00e4n paitsi menestyksek\u00e4st\u00e4 moottoriurheilua my\u00f6s yksityisel\u00e4m\u00e4n k\u00e4\u00e4nteit\u00e4: Hussi ilmoitti miehens\u00e4 Joel Harkimon kanssa pari kuukautta sitten avioerosta.<\/p>\n<p>Aviopapereita ei ole kuitenkaan saatu toimitettua k\u00e4r\u00e4j\u00e4oikeuteen viel\u00e4k\u00e4\u00e4n.<\/p>\n<p>Nyt Hussi kirjoittaa Instagramissa l\u00e4hteneens\u00e4 minilomalle kylpyl\u00e4\u00e4n Imatralle, Saimaan rannalle. Kuvissa h\u00e4n loikoilee vuoteessa selv\u00e4sti rentoutuneena.<\/p>\n<p>-Miniloma Imatralla! Sporttia, lepoa, paljon ruokaa, hyv\u00e4\u00e4 unta ja hierontaa, Hussi kirjoittaa ja p\u00e4\u00e4tt\u00e4\u00e4 viestin napakasti: <\/p>\n<p>-Palaudun. Best.<\/p>\n<p>Tarinaosuudessa Janni esittelee seisovan p\u00f6yd\u00e4n ruoka-annoksiaan ja juoksee sades\u00e4\u00e4ll\u00e4 ulkona. Siit\u00e4 ei ole tietoa kenen kanssa Janni on matkaan l\u00e4htenyt.<\/p>\n<p>Onko kyse retriitist\u00e4 ihan \u201dissekseen\u201d vai onko mukana vaikkapa joku yst\u00e4v\u00e4? T\u00e4t\u00e4 Janni ei mystisess\u00e4 p\u00e4ivityksess\u00e4\u00e4n kerro.<\/p>\n<p>Lue my\u00f6s: <a href=\"https:\/\/www.como.fi\/uutiset\/harvinainen-kuva-janni-hussi-17-vuotiaana\/\" title=\"Harvinainen kuva: Janni Hussi 17-vuotiaana\" class=\"underline-custom !font-montserrat !font-bold !underline-offset-4 !decoration-4 !decoration-red-600 !text-md\" rel=\"nofollow noopener\" target=\"_blank\">Harvinainen kuva: Janni Hussi 17-vuotiaana<\/a><\/p>\n<p>Janni aloittaa uuden ohjelman juontajana<\/p>\n<p>Janni aloittaa pian uuden ohjelman juontajana. Se kantaa nime\u00e4 The Box Suomi. Kyseisess\u00e4 ohjelmassa 12 julkisuudesta tuttua henkil\u00f6\u00e4 kuljetetaan keltaisen boksin sis\u00e4ll\u00e4 yll\u00e4tt\u00e4viin paikkoihin. Vasta boksin ovien auettua he n\u00e4kev\u00e4t, miss\u00e4 ovat ja joutuvat p\u00e4\u00e4ttelem\u00e4\u00e4n, mit\u00e4 pit\u00e4\u00e4 tehd\u00e4.<\/p>\n<p>Heid\u00e4n on suoritettava teht\u00e4vi\u00e4 ja ker\u00e4tt\u00e4v\u00e4 pisteit\u00e4 ilman mink\u00e4\u00e4nlaisia ennakko-ohjeita v\u00e4ltt\u00e4\u00e4kseen putoamisen kisasta. Kilpailijat keksiv\u00e4t mit\u00e4 erikoisempia keinoja teht\u00e4vien ratkaisemiseksi, eik\u00e4 katastrofeiltakaan aina v\u00e4ltyt\u00e4, ohjelmatiedote kertoo.<\/p>\n<p>Kilpailuun osallistuvat toimittaja Janne Gr\u00f6nroos, koomikko Fathi Ahmed, sis\u00e4ll\u00f6ntuottaja Juuso Karikuusi, mediapersoona Sauli Koskinen, ex-j\u00e4\u00e4kiekkoilija Marko Anttila, sis\u00e4ll\u00f6ntuottaja Alharith \u201dAlha\u201d Obaid, hyvinvointivalmentaja Karita Tykk\u00e4, personal trainer Eevi Teittinen, juontaja Taru Valkeap\u00e4\u00e4, luova yritt\u00e4j\u00e4 Bakari \u201dBaka\u201d Diarra, n\u00e4yttelij\u00e4 Amelie Blauberg, ja toimittaja Ina Mikkola.<\/p>\n<p>Lue my\u00f6s: <a href=\"https:\/\/www.como.fi\/uutiset\/is-janni-hussin-ja-joel-harkimon-erossa-outo-kaanne-janni-palasi-julkisuuteen\/\" title=\"IS: Janni Hussin ja Joel Harkimon erossa outo k\u00e4\u00e4nne \u2013 Janni palasi julkisuuteen\" class=\"underline-custom !font-montserrat !font-bold !underline-offset-4 !decoration-4 !decoration-red-600 !text-md\" rel=\"nofollow noopener\" target=\"_blank\">IS: Janni Hussin ja Joel Harkimon erossa outo k\u00e4\u00e4nne \u2013 Janni palasi julkisuuteen<\/a><\/p>\n<p>Lue my\u00f6s: <a href=\"https:\/\/www.como.fi\/uutiset\/il-janni-hussi-kertoo-astrologin-selvittaneen-hanen-ja-jari-matin-yhteensopivuutta-toisilleen\/\" title=\"IL: Janni Hussi kertoo astrologin selvitt\u00e4neen h\u00e4nen ja Jari-Matin yhteensopivuutta toisilleen\" class=\"underline-custom !font-montserrat !font-bold !underline-offset-4 !decoration-4 !decoration-red-600 !text-md\" rel=\"nofollow noopener\" target=\"_blank\">IL: Janni Hussi kertoo astrologin selvitt\u00e4neen h\u00e4nen ja Jari-Matin yhteensopivuutta toisilleen<\/a><\/p>\n<p>The Box Suomi alkaa Ruudussa ja Nelosella maanantaina 22. syyskuuta.<\/p>\n<p>Lue my\u00f6s: <a href=\"https:\/\/www.como.fi\/tilaa-comon-uutiskirje\/\" title=\"Tilaa Comon uutiskirje ja tied\u00e4t mist\u00e4 kahvitauolla puhutaan! Nappaa kotimaan tv-vinkit ja puheenaiheet suoraan s\u00e4hk\u00f6postiin t\u00e4st\u00e4.\" class=\"underline-custom !font-montserrat !font-bold !underline-offset-4 !decoration-4 !decoration-red-600 !text-md\" rel=\"nofollow noopener\" target=\"_blank\">Tilaa Comon uutiskirje ja tied\u00e4t mist\u00e4 kahvitauolla puhutaan! Nappaa kotimaan tv-vinkit ja puheenaiheet suoraan s\u00e4hk\u00f6postiin t\u00e4st\u00e4.<\/a><\/p>\n","protected":false},"excerpt":{"rendered":"Lahjakas rallikartturi, juontaja ja somevaikuttaja Janni Hussi on j\u00e4\u00e4nyt ansaitulle tauolle tiukan rallikauden ja henkil\u00f6kohtaisen el\u00e4m\u00e4n myllerrysten j\u00e4lkeen.&hellip;\n","protected":false},"author":2,"featured_media":34949,"comment_status":"","ping_status":"","sticky":false,"template":"","format":"standard","meta":{"footnotes":""},"categories":[133],"tags":[137,33,31,30,2597,32,206,156,109],"class_list":{"0":"post-39511","1":"post","2":"type-post","3":"status-publish","4":"format-standard","5":"has-post-thumbnail","7":"category-televisiot","8":"tag-entertainment","9":"tag-fi","10":"tag-finland","11":"tag-finnish","12":"tag-janni-hussi","13":"tag-suomi","14":"tag-televisiot","15":"tag-tv","16":"tag-viihde"},"share_on_mastodon":{"url":"","error":""},"_links":{"self":[{"href":"https:\/\/www.europesays.com\/fi\/wp-json\/wp\/v2\/posts\/39511","targetHints":{"allow":["GET"]}}],"collection":[{"href":"https:\/\/www.europesays.com\/fi\/wp-json\/wp\/v2\/posts"}],"about":[{"href":"https:\/\/www.europesays.com\/fi\/wp-json\/wp\/v2\/types\/post"}],"author":[{"embeddable":true,"href":"https:\/\/www.europesays.com\/fi\/wp-json\/wp\/v2\/users\/2"}],"replies":[{"embeddable":true,"href":"https:\/\/www.europesays.com\/fi\/wp-json\/wp\/v2\/comments?post=39511"}],"version-history":[{"count":0,"href":"https:\/\/www.europesays.com\/fi\/wp-json\/wp\/v2\/posts\/39511\/revisions"}],"wp:featuredmedia":[{"embeddable":true,"href":"https:\/\/www.europesays.com\/fi\/wp-json\/wp\/v2\/media\/34949"}],"wp:attachment":[{"href":"https:\/\/www.europesays.com\/fi\/wp-json\/wp\/v2\/media?parent=39511"}],"wp:term":[{"taxonomy":"category","embeddable":true,"href":"https:\/\/www.europesays.com\/fi\/wp-json\/wp\/v2\/categories?post=39511"},{"taxonomy":"post_tag","embeddable":true,"href":"https:\/\/www.europesays.com\/fi\/wp-json\/wp\/v2\/tags?post=39511"}],"curies":[{"name":"wp","href":"https:\/\/api.w.org\/{rel}","templated":true}]}}