{"id":39514,"date":"2025-09-19T11:16:07","date_gmt":"2025-09-19T11:16:07","guid":{"rendered":"https:\/\/www.europesays.com\/fi\/39514\/"},"modified":"2025-09-19T11:16:07","modified_gmt":"2025-09-19T11:16:07","slug":"yleisurheilun-mm-kisat-senni-salminen-yritti-livahtaa-kylpylaan-japanissa","status":"publish","type":"post","link":"https:\/\/www.europesays.com\/fi\/39514\/","title":{"rendered":"Yleisurheilun MM-kisat: Senni Salminen yritti livahtaa kylpyl\u00e4\u00e4n Japanissa"},"content":{"rendered":"<p>Tatuoitu kolmiloikkaaja kertoi, miten kylpyl\u00e4ss\u00e4 k\u00e4vi.<\/p>\n<p class=\"article-body mb-nof-24 px-nof-16\">Tokio<\/p>\n<p class=\"article-body mb-nof-24 px-nof-16\">Kolmiloikkaaja <a class=\"article-personlink\" href=\"https:\/\/www.is.fi\/haku\/?query=Senni%20Salminen\" rel=\"nofollow noopener\" target=\"_blank\">Senni Salminen<\/a> paljasti, ett\u00e4 h\u00e4nenkin kylpyl\u00e4reissunsa tiell\u00e4 oli tiettyj\u00e4 haasteita Japanissa.<\/p>\n<p class=\"article-body mb-nof-24 px-nof-16\">Suomen maajoukkue valmistautui yleisurheilun MM-kisoihin leirill\u00e4 l\u00e4heisess\u00e4 Chiban kaupungissa.<\/p>\n<p class=\"article-body mb-nof-24 px-nof-16\">Salmisella, 29, on tatuointeja. Niit\u00e4 ei katsota Japanissa hyv\u00e4ll\u00e4.<\/p>\n<p class=\"article-body mb-nof-24 px-nof-16\">Suomen joukkueen hotellissa oli spa-osasto, jota loikkaaja halusi k\u00e4ytt\u00e4\u00e4.<\/p>\n<p class=\"article-body mb-nof-24 px-nof-16\">\u2013 Tatuointeja piti peitell\u00e4, kun livahdin spahan, Salminen kertoi.<\/p>\n<p><img decoding=\"async\" src=\"https:\/\/www.europesays.com\/fi\/wp-content\/uploads\/2025\/09\/1758280567_446_468.jpg\" alt=\"Senni Salminen j\u00e4i kolmiloikan karsintaan.\" class=\"_Img_tdqg8_1\" style=\"aspect-ratio:1.5\" loading=\"eager\"\/><\/p>\n<p class=\"article-picture-caption\">Senni Salminen j\u00e4i kolmiloikan karsintaan. Kuva:\u00a0Kirill Kudryavtsev \/ AFP<\/p>\n<p class=\"article-body mb-nof-24 px-nof-16\">Aiemmin asia nousi esille, kun Ylen toimittaja <a class=\"article-personlink\" href=\"https:\/\/www.is.fi\/haku\/?query=Laura%20Arffman\" rel=\"nofollow noopener\" target=\"_blank\">Laura Arffman <\/a>k\u00e4\u00e4nnytettiin sento-kylpyl\u00e4ss\u00e4 tatuointien vuoksi.<\/p>\n<p class=\"article-body mb-nof-24 px-nof-16\">Edes \u201dleimojen\u201d peitto laastareilla ei auttanut.<\/p>\n<p class=\"article-body mb-nof-24 px-nof-16\">Japanilaisessa kulttuurissa tatuointeihin liittyy vahva stigma, joka kumpuaa rikollisuudesta.<\/p>\n<p class=\"article-body mb-nof-24 px-nof-16\">Tatuointi oli aikanaan Japanissa ik\u00e4\u00e4n kuin polttomerkin vastine. Rikolliset merkittiin tatuoimalla jokin n\u00e4kyv\u00e4 ruumiinosa.<\/p>\n<p class=\"article-body mb-nof-24 px-nof-16\">\u2013\u2009Kulttuurissa tulee tiettyj\u00e4 ryhmi\u00e4, jotka ottavat h\u00e4pe\u00e4llisen\u00e4 pidetyn leiman ylpe\u00e4n\u00e4 omakseen ja alkavat korostamaan sit\u00e4. Yakuzalle on kehittynyt oma hyvin n\u00e4ytt\u00e4v\u00e4 tatuointikulttuuri, yliopisto-opettaja <a class=\"article-personlink\" href=\"https:\/\/www.is.fi\/haku\/?query=Annamari%20Konttinen\" rel=\"nofollow noopener\" target=\"_blank\">Annamari Konttinen <\/a>Turun yliopiston It\u00e4-Aasian tutkimus- ja koulutuskeskuksesta kertoi Ilta-Sanomille aiemmin.<\/p>\n<p class=\"article-body mb-nof-24 px-nof-16\">Yakuza on Japanin mafia.<\/p>\n<p class=\"article-body mb-nof-24 px-nof-16\">Konttinen sanoo, ett\u00e4 tatuointikielto on ollut helppo ja n\u00e4enn\u00e4isen neutraali tapa est\u00e4\u00e4 kylpyl\u00f6iden muuttuminen rikollisj\u00e4rjest\u00f6jen kokoontumispaikoiksi.<\/p>\n<p class=\"article-body mb-nof-24 px-nof-16\">\u2013\u2009Pieni s\u00f6p\u00f6 lohik\u00e4\u00e4rme ranteessa ei ole sekoitettavissa Yakuza-tatuointeihin, mutta siin\u00e4 on takana ajatus, ett\u00e4 ei synny kiusallisia ja hankalia rajanvetoja, kun ei sin\u00e4ns\u00e4 luokitella ihmisi\u00e4, vaan katsotaan ihoa ja estet\u00e4\u00e4n Yakuzan p\u00e4\u00e4sy kylpytiloihin.<\/p>\n<p class=\"article-body mb-nof-24 px-nof-16\">T\u00e4t\u00e4 taustaa vasten kiinnitti huomiota, ett\u00e4 moukarinheitt\u00e4j\u00e4 <a class=\"article-personlink\" href=\"https:\/\/www.is.fi\/haku\/?query=Silja%20Kosonen\" rel=\"nofollow noopener\" target=\"_blank\">Silja Kosonen<\/a> hankki itselleen uuden tatuoinnin Tokiossa vieraillessaan.<\/p>\n","protected":false},"excerpt":{"rendered":"Tatuoitu kolmiloikkaaja kertoi, miten kylpyl\u00e4ss\u00e4 k\u00e4vi. Tokio Kolmiloikkaaja Senni Salminen paljasti, ett\u00e4 h\u00e4nenkin kylpyl\u00e4reissunsa tiell\u00e4 oli tiettyj\u00e4 haasteita&hellip;\n","protected":false},"author":2,"featured_media":39515,"comment_status":"","ping_status":"","sticky":false,"template":"","format":"standard","meta":{"footnotes":""},"categories":[158],"tags":[33,31,30,34,159,32,160],"class_list":{"0":"post-39514","1":"post","2":"type-post","3":"status-publish","4":"format-standard","5":"has-post-thumbnail","7":"category-urheilu","8":"tag-fi","9":"tag-finland","10":"tag-finnish","11":"tag-ilta-sanomat","12":"tag-sports","13":"tag-suomi","14":"tag-urheilu"},"share_on_mastodon":{"url":"","error":""},"_links":{"self":[{"href":"https:\/\/www.europesays.com\/fi\/wp-json\/wp\/v2\/posts\/39514","targetHints":{"allow":["GET"]}}],"collection":[{"href":"https:\/\/www.europesays.com\/fi\/wp-json\/wp\/v2\/posts"}],"about":[{"href":"https:\/\/www.europesays.com\/fi\/wp-json\/wp\/v2\/types\/post"}],"author":[{"embeddable":true,"href":"https:\/\/www.europesays.com\/fi\/wp-json\/wp\/v2\/users\/2"}],"replies":[{"embeddable":true,"href":"https:\/\/www.europesays.com\/fi\/wp-json\/wp\/v2\/comments?post=39514"}],"version-history":[{"count":0,"href":"https:\/\/www.europesays.com\/fi\/wp-json\/wp\/v2\/posts\/39514\/revisions"}],"wp:featuredmedia":[{"embeddable":true,"href":"https:\/\/www.europesays.com\/fi\/wp-json\/wp\/v2\/media\/39515"}],"wp:attachment":[{"href":"https:\/\/www.europesays.com\/fi\/wp-json\/wp\/v2\/media?parent=39514"}],"wp:term":[{"taxonomy":"category","embeddable":true,"href":"https:\/\/www.europesays.com\/fi\/wp-json\/wp\/v2\/categories?post=39514"},{"taxonomy":"post_tag","embeddable":true,"href":"https:\/\/www.europesays.com\/fi\/wp-json\/wp\/v2\/tags?post=39514"}],"curies":[{"name":"wp","href":"https:\/\/api.w.org\/{rel}","templated":true}]}}