{"id":39516,"date":"2025-09-19T11:17:08","date_gmt":"2025-09-19T11:17:08","guid":{"rendered":"https:\/\/www.europesays.com\/fi\/39516\/"},"modified":"2025-09-19T11:17:08","modified_gmt":"2025-09-19T11:17:08","slug":"ahdinko-suomessa-nousi-uutiseksi-maailmalla","status":"publish","type":"post","link":"https:\/\/www.europesays.com\/fi\/39516\/","title":{"rendered":"Ahdinko Suomessa nousi uutiseksi maailmalla"},"content":{"rendered":"<p>Amerikkalainen lehti uutisoi Suomen hallituksen leikkauksista, jotka kohdistuvat kulttuuri- ja elokuva-alaan.<\/p>\n<p><img decoding=\"async\" class=\"image image-show image-preview\" src=\"https:\/\/www.europesays.com\/fi\/wp-content\/uploads\/2025\/09\/2662aa8b3cd6e64f2f142b3c8a748f9bb40a2aef248b67ecddc51e2596feeaa9.jpg\" alt=\"\"\/><img decoding=\"async\" class=\"image image-show\" src=\"https:\/\/www.europesays.com\/fi\/wp-content\/uploads\/2025\/09\/1758280628_78_2662aa8b3cd6e64f2f142b3c8a748f9bb40a2aef248b67ecddc51e2596feeaa9.jpg\" alt=\"\"\/><\/p>\n<p>Valtiovarainministeri Riikka Purra ja p\u00e4\u00e4ministeri Petteri Orpo esitteliv\u00e4t hiljattain budjettiriihen p\u00e4\u00e4t\u00f6ksi\u00e4. P\u00e4\u00e4t\u00f6kset kulttuurialan leikkauksista puhuttavat nyt maailmalla. Outi J\u00e4rvinen<\/p>\n<p class=\"paragraph\">Hallituksen leikkaukset kulttuuri- ja elokuva-alaa kohtaan ovat kiinnitt\u00e4neet huomiota maailmalla.<\/p>\n<p class=\"paragraph\">Yhdysvaltalainen <a href=\"https:\/\/variety.com\/2025\/film\/global\/finnish-industry-laments-government-cuts-1236522041\/\" target=\"_blank\" rel=\"noopener nofollow\">Variety<\/a>-lehti uutisoi asiasta otsikolla \u201dSuomalainen teollisuus ilmaisee j\u00e4rkytyst\u00e4\u00e4n hallituksen leikkauksista, pel\u00e4ten \u2019ideologisia\u2019 motiiveja\u201d. Elokuvas\u00e4\u00e4ti\u00f6n toimitusjohtaja <strong>Lasse Saarinen<\/strong> kommentoi hallituksen leikkausten vakavuutta lehdelle.<\/p>\n<p class=\"paragraph\">\u2013 Jos t\u00e4m\u00e4 leikkaus todella on 7 miljoonaa ja jos se kohdistuu tuotantotukeemme, elokuvien m\u00e4\u00e4r\u00e4, joita voimme tukea, puolittuu. T\u00e4m\u00e4 tarkoittaa vain muutamia dokumentteja ja lyhytelokuvia sek\u00e4 alle 10 pitk\u00e4\u00e4 elokuvaa, Saarinen kertoo.<\/p>\n<p class=\"paragraph\">Saarinen sanoo ilmaisseensa samanlaista huolta hallitukselle jo vuosia, mutta silti viimeisin leikkausp\u00e4\u00e4t\u00f6s yll\u00e4tti h\u00e4net.<\/p>\n<p class=\"paragraph\">\u2013 Olemme pel\u00e4nneet, ett\u00e4 lis\u00e4\u00e4 leikkauksia tulisi niiden 3 miljoonan euron lis\u00e4ksi, jotka menetimme vuoden 2020 aikana, mutta t\u00e4m\u00e4 tuli t\u00e4yten\u00e4 yll\u00e4tyksen\u00e4. T\u00e4m\u00e4 osoittaa, miten v\u00e4\u00e4ristynyt j\u00e4rjestelm\u00e4mme on, Saarinen sanoo.<\/p>\n<p class=\"paragraph\">\u2013 Syyp\u00e4\u00e4n\u00e4 on valtiovarainministeri\u00f6mme sek\u00e4 sen jatkuva halu minimoida Suomen kulttuuribudjetti, h\u00e4n lis\u00e4\u00e4.<\/p>\n<p>Suomen elokuva-alan ahdinkoon on kiinnitetty huomiota my\u00f6s ulkomailla. OUTI J\u00c4RVINEN<\/p>\n<p class=\"paragraph\">Saarinen perustelee v\u00e4itett\u00e4\u00e4n sill\u00e4, ett\u00e4 leikkaus tuotiin esiin vasta budjettiriihen my\u00f6h\u00e4isess\u00e4 vaiheessa.<\/p>\n<p class=\"paragraph\">\u2013 He my\u00f6s peitteliv\u00e4t tavoitettaan tuhota suomalainen elokuvateollisuus kutsumalla t\u00e4t\u00e4 \u201dopetus- ja kulttuuriministeri\u00f6n yritystuen leikkaukseksi\u201d. Poliitikot eiv\u00e4t ymm\u00e4rt\u00e4neet, mist\u00e4 he p\u00e4\u00e4ttiv\u00e4t, h\u00e4n toteaa.<\/p>\n<p>Mist\u00e4 on kyse?<\/p>\n<p class=\"paragraph\"><a href=\"https:\/\/valtioneuvosto.fi\/-\/orpon-hallitus-hallituksen-paatokset-tukevat-alkavaa-talouskasvua\" target=\"_blank\" rel=\"noopener nofollow\">Valtioneuvosto<\/a> tiedotti hiljattain, ett\u00e4 yritystukien leikkauksista 7,8 miljoonaa euroa kohdistuu opetus- ja kulttuuriministeri\u00f6n hallinnonalan yritystukiin \u2013 p\u00e4\u00e4osin elokuvatuotannon tukiin.<\/p>\n<p class=\"paragraph\"><a href=\"https:\/\/www.hs.fi\/taide\/art-2000011469514.html\" target=\"_blank\" rel=\"noopener nofollow\">Helsingin Sanomien<\/a> mukaan t\u00e4m\u00e4n pel\u00e4t\u00e4\u00e4n viittaavan erityisesti Elokuvas\u00e4\u00e4ti\u00f6n kautta jaettaviin tukiin, joita on yleens\u00e4 pidetty laissa s\u00e4\u00e4dettyn\u00e4 kulttuurin perusrahoituksena.<\/p>\n<p class=\"paragraph\">Elokuvas\u00e4\u00e4ti\u00f6n johtaja Lasse Saarinen ja Filmikamari Oy:n toimitusjohtaja <strong>Tero Koistinen<\/strong> <a href=\"https:\/\/www.iltalehti.fi\/tv-ja-leffat\/57891f65-1214-410c-98f2-226abbac75f6\" rel=\"nofollow noopener\" target=\"_blank\">arvioivat<\/a> HS:lle, ett\u00e4 n\u00e4ill\u00e4 leikkauksilla noin 50 elokuvateatteria l\u00e4hinn\u00e4 maaseudulla joutuu lopettamaan toimintansa seuraavan kahden vuoden aikana.<\/p>\n<p class=\"paragraph\">Arvio pohjautui siihen, ett\u00e4 ilman s\u00e4\u00e4ti\u00f6tukea Suomessa ei valmistu kovin montaa kotimaista elokuvaa, ja varsinkin pienten paikkakuntien elokuvateatterit ovat riippuvaisia kotimaisista uutuuksista.<\/p>\n<p class=\"paragraph\">Syyskuussa Suomen elokuvaohjaajaliitto SELO julkaisi <a href=\"https:\/\/www.iltalehti.fi\/viihdeuutiset\/a7344048-e53e-4f42-bee1-679442aab6cb\" rel=\"nofollow noopener\" target=\"_blank\">vetoomuksen<\/a>, jossa vedotaan hallitusta perumaan budjettiriihess\u00e4 kaavaillut leikkaukset. Vetoomuksen ovat allekirjoittaneet useampi Suomen eturivin elokuva-ohjaajista, kuten <strong>Aku Louhimies<\/strong>, <strong>Aki Kaurism\u00e4ki<\/strong>, <strong>Tiina Lymi<\/strong>, <strong>Pirjo Honkasalo<\/strong>, <strong>Dome Karukoski<\/strong> ja <strong>Klaus H\u00e4r\u00f6<\/strong>.<\/p>\n<p class=\"paragraph\">My\u00f6s <a href=\"https:\/\/www.nayttelijaliitto.fi\/ajankohtaista\/uutiset\/nayttelijaliiton-vetoomus-hallitukselle-ja-kansanedustajille-perukaa-elokuvan-leikkaukset\/\" target=\"_blank\" rel=\"noopener nofollow\">N\u00e4yttelij\u00e4liitto<\/a> on vaatinut vetoomuksessaan hallitusta perumaan elokuva-alan leikkaukset.<\/p>\n","protected":false},"excerpt":{"rendered":"Amerikkalainen lehti uutisoi Suomen hallituksen leikkauksista, jotka kohdistuvat kulttuuri- ja elokuva-alaan. Valtiovarainministeri Riikka Purra ja p\u00e4\u00e4ministeri Petteri Orpo&hellip;\n","protected":false},"author":2,"featured_media":39517,"comment_status":"","ping_status":"","sticky":false,"template":"","format":"standard","meta":{"footnotes":""},"categories":[130],"tags":[35,137,33,31,30,1616,718,637,32,485,140,109],"class_list":{"0":"post-39516","1":"post","2":"type-post","3":"status-publish","4":"format-standard","5":"has-post-thumbnail","7":"category-viihde","8":"tag-24h","9":"tag-entertainment","10":"tag-fi","11":"tag-finland","12":"tag-finnish","13":"tag-media-viestinta","14":"tag-nayttamotaide","15":"tag-politiikka","16":"tag-suomi","17":"tag-taide-yleista","18":"tag-tv-ja-elokuvat","19":"tag-viihde"},"share_on_mastodon":{"url":"","error":""},"_links":{"self":[{"href":"https:\/\/www.europesays.com\/fi\/wp-json\/wp\/v2\/posts\/39516","targetHints":{"allow":["GET"]}}],"collection":[{"href":"https:\/\/www.europesays.com\/fi\/wp-json\/wp\/v2\/posts"}],"about":[{"href":"https:\/\/www.europesays.com\/fi\/wp-json\/wp\/v2\/types\/post"}],"author":[{"embeddable":true,"href":"https:\/\/www.europesays.com\/fi\/wp-json\/wp\/v2\/users\/2"}],"replies":[{"embeddable":true,"href":"https:\/\/www.europesays.com\/fi\/wp-json\/wp\/v2\/comments?post=39516"}],"version-history":[{"count":0,"href":"https:\/\/www.europesays.com\/fi\/wp-json\/wp\/v2\/posts\/39516\/revisions"}],"wp:featuredmedia":[{"embeddable":true,"href":"https:\/\/www.europesays.com\/fi\/wp-json\/wp\/v2\/media\/39517"}],"wp:attachment":[{"href":"https:\/\/www.europesays.com\/fi\/wp-json\/wp\/v2\/media?parent=39516"}],"wp:term":[{"taxonomy":"category","embeddable":true,"href":"https:\/\/www.europesays.com\/fi\/wp-json\/wp\/v2\/categories?post=39516"},{"taxonomy":"post_tag","embeddable":true,"href":"https:\/\/www.europesays.com\/fi\/wp-json\/wp\/v2\/tags?post=39516"}],"curies":[{"name":"wp","href":"https:\/\/api.w.org\/{rel}","templated":true}]}}