{"id":39522,"date":"2025-09-19T11:22:07","date_gmt":"2025-09-19T11:22:07","guid":{"rendered":"https:\/\/www.europesays.com\/fi\/39522\/"},"modified":"2025-09-19T11:22:07","modified_gmt":"2025-09-19T11:22:07","slug":"voionmaan-opisto-saattaa-sittenkin-sailya-viime-hetkilla-yllattava-tarjous","status":"publish","type":"post","link":"https:\/\/www.europesays.com\/fi\/39522\/","title":{"rendered":"Voionmaan opisto saattaa sittenkin s\u00e4ily\u00e4 \u2013 viime hetkill\u00e4 yll\u00e4tt\u00e4v\u00e4 tarjous"},"content":{"rendered":"<p>Voionmaan opiston lopettaminen sai sinetin, mutta samalla p\u00e4\u00e4t\u00f6kseen tehtiin varaus sille, ett\u00e4 opisto voitaisiin yhdist\u00e4\u00e4 toiseen koulutustoimijaan.<\/p>\n<p class=\"article-body mb-nof-24 px-nof-16\">Aamulehti<\/p>\n<p class=\"article-body mb-nof-24 px-nof-16\">Koulutuskuntayhtym\u00e4 Sasky neuvottelee Voionmaan opiston yhdistymisest\u00e4 toiseen koulutusta j\u00e4rjest\u00e4v\u00e4\u00e4n tahoon, kertoo kuntayhtym\u00e4 <a class=\"article-personlink\" href=\"https:\/\/www.aamulehti.fi\/haku\/?query=Antti%20Lahti\" rel=\"nofollow noopener\" target=\"_blank\">Antti Lahti<\/a>.<\/p>\n<p class=\"article-body mb-nof-24 px-nof-16\">Lahti kertoo saaneensa puhelun keskiviikkoiltana toiselta koulutuksen j\u00e4rjest\u00e4j\u00e4lt\u00e4 Pirkanmaan ulkopuolella, vain p\u00e4iv\u00e4\u00e4 ennen kuin Saskyn yhtym\u00e4hallituksen piti p\u00e4\u00e4tt\u00e4\u00e4 Voionmaan opiston lakkauttamisesta t\u00e4m\u00e4n lukuvuoden j\u00e4lkeen.<\/p>\n<p class=\"article-body mb-nof-24 px-nof-16\">Ensimm\u00e4iseksi yhdistymisehdotuksesta kertoi <a class=\"article-genericlink\" href=\"https:\/\/yle.fi\/a\/74-20183779\" rel=\"nofollow noopener\" target=\"_blank\">Yle<\/a>.<\/p>\n<p class=\"article-body mb-nof-24 px-nof-16\">Lahti teki puhelun perusteella kokoukseen muutosesityksen, jonka mukaan Sasky ei en\u00e4\u00e4 j\u00e4rjest\u00e4 Voionmaan opiston toimintaa 30. kes\u00e4kuuta j\u00e4lkeen, mutta jos toiminnoille l\u00f6ytyy toinen yll\u00e4pit\u00e4j\u00e4, Sasky neuvottelee toimijan kanssa.<\/p>\n<p class=\"article-body mb-nof-24 px-nof-16\">Yhtym\u00e4hallituksen hyv\u00e4ksym\u00e4\u00e4n p\u00e4\u00e4t\u00f6kseen kirjattiin my\u00f6s, ettei Voionmaan opiston siirrosta toisen yll\u00e4pit\u00e4j\u00e4n vastuulle saa aiheutua Saskylle merkitt\u00e4vi\u00e4 taloudellisia menetyksi\u00e4 hein\u00e4kuun alusta alkaen.<\/p>\n<p class=\"article-body mb-nof-24 px-nof-16\">Yleissivist\u00e4v\u00e4 oppilaitos, jossa voi opiskella elokuva- ja tv-alaa, kasvatustiedett\u00e4, monimediatoimittajan opintoja, n\u00e4yttelij\u00e4- ja ohjaajalinjan opintoja, psykologiaa, valokuvausta ja rap-musiikkia. Lis\u00e4ksi j\u00e4rjestet\u00e4\u00e4n k\u00e4sikirjoituskoulutusta.<\/p>\n<p class=\"article-body mb-nof-24 px-nof-16\">Perustettu vuonna 1951 Yl\u00f6j\u00e4rvelle, mist\u00e4 siirtynyt Tampereelle.<\/p>\n<p class=\"article-body mb-nof-24 px-nof-16\">Kansanopisto j\u00e4rjest\u00e4\u00e4 koulutusta t\u00e4ll\u00e4 hetkell\u00e4 vuokratiloissa Tampereen yliopiston keskustakampuksella.<\/p>\n<p class=\"article-body mb-nof-24 px-nof-16\">Koulutustoiminta siirtyi Saskylle vuoden alussa.<\/p>\n<p class=\"article-body mb-nof-24 px-nof-16\">Lahti ei vastaa kysymykseen siit\u00e4, onko kiinnostunut taho toinen kansanopisto.<\/p>\n<p class=\"article-body mb-nof-24 px-nof-16\">\u201dSen verran voin paljastaa, ett\u00e4 olemme t\u00e4n\u00e4\u00e4n neuvotelleet rehtorin kanssa, ja nyt on neuvottelup\u00e4ivi\u00e4 haettu\u201d, Lahti sanoo.<\/p>\n<p class=\"article-body mb-nof-24 px-nof-16\">H\u00e4nen mukaansa neuvottelut on tarkoitus aloittaa pikaisesti, ja mysteerin\u00e4 s\u00e4ilyv\u00e4n toimijan julkistamisesta sovittaneen ensimm\u00e4isten neuvottelujen yhteydess\u00e4.<\/p>\n<p class=\"article-body mb-nof-24 px-nof-16\">Lahden mukaan neuvotteluissa on l\u00e4hdetty liikkeelle yhden toimijan kanssa, eik\u00e4 mahdollisesta yhdistymisest\u00e4 ole puhuttu muiden toimijoiden kanssa.<\/p>\n<p>Pienten linjojen lakkautus auki<\/p>\n<p class=\"article-body mb-nof-24 px-nof-16\">Voionmaan opiston opiskelijoita ja henkil\u00f6kuntaa tiedotettiin asiasta perjantaina. Opetus- ja kulttuuriministeri\u00f6t\u00e4 oli my\u00f6s m\u00e4\u00e4r\u00e4 tiedottaa asiasta perjantain aikana.<\/p>\n<p class=\"article-body mb-nof-24 px-nof-16\">Saskyss\u00e4 loppuneiden yt-neuvottelujen j\u00e4lkeen kuntayhtym\u00e4n hallitus halusi lopettaa opiston opiskelijoiden v\u00e4h\u00e4isen m\u00e4\u00e4r\u00e4n ja tiukan taloudellisen tilanteen vuoksi.<\/p>\n<p class=\"article-body mb-nof-24 px-nof-16\">P\u00e4\u00e4t\u00f6ksess\u00e4 hyv\u00e4ksyttiin samalla kohta, jossa alle kolmen opiskelijan linjoja voidaan lopettaa nopeutetusti jo lukuvuoden aikana. Lahden mukaan liian pieni\u00e4 linjoja n\u00e4ytt\u00e4isi olevan t\u00e4ll\u00e4 hetkell\u00e4 kaksi.<\/p>\n<p class=\"article-body mb-nof-24 px-nof-16\">Ensi viikolla Voionmaan opistossa k\u00e4yd\u00e4\u00e4n kaikkien opiskelijoiden ja henkil\u00f6kunnan kanssa henkil\u00f6kohtaisia keskusteluja, joiden pohjalta katsotaan muun muassa pienten linjojen kohtaloa.<\/p>\n<p class=\"article-body mb-nof-24 px-nof-16\">Saskyn lukujen perusteella lopetusuhan alla olevia linjoja olisivat kasvatustieteen linja ja monimediatoimittajakoulutus, joissa molemmissa oli t\u00e4lle lukuvuodelle vain kaksi hakijaa.<\/p>\n<p class=\"article-body nof-ui-body-medium mb-nof-24 px-nof-16\">T\u00e4ydennys 19.9.2025 kello 13.53: T\u00e4ydennetty artikkeliin yhtym\u00e4hallituksen ehto siit\u00e4, ettei Voionmaan siirrosta saa aiheutua taloudellisia menetyksi\u00e4 Saskylle.<\/p>\n","protected":false},"excerpt":{"rendered":"Voionmaan opiston lopettaminen sai sinetin, mutta samalla p\u00e4\u00e4t\u00f6kseen tehtiin varaus sille, ett\u00e4 opisto voitaisiin yhdist\u00e4\u00e4 toiseen koulutustoimijaan. Aamulehti&hellip;\n","protected":false},"author":2,"featured_media":39523,"comment_status":"","ping_status":"","sticky":false,"template":"","format":"standard","meta":{"footnotes":""},"categories":[12],"tags":[157,22,23,26,27,33,31,30,17,24,25,28,29,15,18,21,32,19,20,16],"class_list":{"0":"post-39522","1":"post","2":"type-post","3":"status-publish","4":"format-standard","5":"has-post-thumbnail","7":"category-suomi","8":"tag-aamulehti","9":"tag-breaking-news","10":"tag-breakingnews","11":"tag-featured-news","12":"tag-featurednews","13":"tag-fi","14":"tag-finland","15":"tag-finnish","16":"tag-headlines","17":"tag-latest-news","18":"tag-latestnews","19":"tag-main-news","20":"tag-mainnews","21":"tag-news","22":"tag-otsikot","23":"tag-paauutiset","24":"tag-suomi","25":"tag-top-stories","26":"tag-topstories","27":"tag-uutiset"},"share_on_mastodon":{"url":"","error":""},"_links":{"self":[{"href":"https:\/\/www.europesays.com\/fi\/wp-json\/wp\/v2\/posts\/39522","targetHints":{"allow":["GET"]}}],"collection":[{"href":"https:\/\/www.europesays.com\/fi\/wp-json\/wp\/v2\/posts"}],"about":[{"href":"https:\/\/www.europesays.com\/fi\/wp-json\/wp\/v2\/types\/post"}],"author":[{"embeddable":true,"href":"https:\/\/www.europesays.com\/fi\/wp-json\/wp\/v2\/users\/2"}],"replies":[{"embeddable":true,"href":"https:\/\/www.europesays.com\/fi\/wp-json\/wp\/v2\/comments?post=39522"}],"version-history":[{"count":0,"href":"https:\/\/www.europesays.com\/fi\/wp-json\/wp\/v2\/posts\/39522\/revisions"}],"wp:featuredmedia":[{"embeddable":true,"href":"https:\/\/www.europesays.com\/fi\/wp-json\/wp\/v2\/media\/39523"}],"wp:attachment":[{"href":"https:\/\/www.europesays.com\/fi\/wp-json\/wp\/v2\/media?parent=39522"}],"wp:term":[{"taxonomy":"category","embeddable":true,"href":"https:\/\/www.europesays.com\/fi\/wp-json\/wp\/v2\/categories?post=39522"},{"taxonomy":"post_tag","embeddable":true,"href":"https:\/\/www.europesays.com\/fi\/wp-json\/wp\/v2\/tags?post=39522"}],"curies":[{"name":"wp","href":"https:\/\/api.w.org\/{rel}","templated":true}]}}