{"id":39525,"date":"2025-09-19T11:35:06","date_gmt":"2025-09-19T11:35:06","guid":{"rendered":"https:\/\/www.europesays.com\/fi\/39525\/"},"modified":"2025-09-19T11:35:06","modified_gmt":"2025-09-19T11:35:06","slug":"seiska-katrie-dalerilta-velkapaljastus-se-tilanne-ei-johtunut-minusta","status":"publish","type":"post","link":"https:\/\/www.europesays.com\/fi\/39525\/","title":{"rendered":"Seiska: Katrie Dalerilta velkapaljastus \u2013 \u201dSe tilanne ei johtunut minusta\u201d"},"content":{"rendered":"<p>Tv-juontaja ja vuoden 2012 Miss Helsinki <strong>Katrie Daler<\/strong> on k\u00e4rsinyt jo vuosien ajan velkataakasta. Seiska oli ottanut h\u00e4neen yhteytt\u00e4 ja Katrie oli kertonut velkaansa liittyvist\u00e4 yll\u00e4tt\u00e4vist\u00e4 asioista. Yksi oli se, kuinka h\u00e4n ei ole oikeastaan lainkaan itse syyp\u00e4\u00e4 velkoihinsa.<\/p>\n<p>\u2013 Se tilanne ei johtunut minusta. Olin er\u00e4\u00e4ll\u00e4 firmalla t\u00f6iss\u00e4 kymmenen vuotta sitten. He j\u00e4ttiv\u00e4t kolmen kuukauden palkat maksamatta. Se firma meni sitten konkurssiin ja l\u00e4hti ty\u00f6paikka alta, ja tilanne paheni. Jouduin ottamaan pankista lainaa, ett\u00e4 sain maksettua asumiskulut. Ja minulla oli viel\u00e4 pieni lapsi silloin, kertoi Katrie Seiskalle velan alkuper\u00e4isest\u00e4 syyst\u00e4.<\/p>\n<p>Katrie on Seiskan selvityksen mukaan maksanut jo l\u00e4hes kaikki velkansa. Sit\u00e4 on en\u00e4\u00e4 ulosottolaitoksen asiakirjan (9.9.) mukaan 3 190 euroa. Se on pienentynyt viel\u00e4 lis\u00e4\u00e4. Katrie n\u00e4ytti Seiskalle kuvankaappauksen (15.9.), jonka mukaan velkasaldo on en\u00e4\u00e4 2 366 euroa. Viel\u00e4 viime vuonna velkaa oli noin 15 000 euron edest\u00e4.<\/p>\n<p>Katrie kertoi tehneens\u00e4 paljon sen eteen, ett\u00e4 velka on pienentynyt ja hoidettu pian kokonaan pois.<\/p>\n<p>Katrie on esiintynyt muutamassa tv-ohjelmassa<\/p>\n<p>Katrie nousi julkisuuteen, kun h\u00e4n voitti Miss Helsinki -kilpailun vuonna 2012. H\u00e4n on esiintynyt sen j\u00e4lkeen my\u00f6s tv-ohjelmissa, kuten Viidakon t\u00e4ht\u00f6set ja T\u00e4htiarpa. N\u00e4ist\u00e4 j\u00e4lkimm\u00e4isess\u00e4 h\u00e4n toimi juontajana.<\/p>\n<p>Katriella on kaksi lasta, joista toisen h\u00e4n on saanut nykyisen puolisonsa kanssa. Perhe k\u00e4vi juuri etel\u00e4ss\u00e4 lomailemassa.<\/p>\n<p>Jos upotus ei n\u00e4y, avaa se auki <a href=\"https:\/\/www.instagram.com\/p\/DOQAA1FiAsN\/?utm_source=ig_web_copy_link&amp;igsh=MzRlODBiNWFlZA==\" target=\"_blank\" rel=\"noreferrer noopener nofollow\">t\u00e4st\u00e4<\/a>.<\/p>\n<p>L\u00e4hde: <a href=\"https:\/\/www.seiska.fi\/vain-seiskassa\/katrie-daler-avautuu-velkahelvetistaan\/1932998\" target=\"_blank\" rel=\"noreferrer noopener nofollow\">Seiska<\/a><\/p>\n<p>Lue my\u00f6s: <a href=\"https:\/\/www.como.fi\/tilaa-comon-uutiskirje\/\" title=\"Tilaa Comon uutiskirje ja tied\u00e4t mist\u00e4 kahvitauolla puhutaan! Nappaa kotimaan tv-vinkit ja puheenaiheet suoraan s\u00e4hk\u00f6postiin t\u00e4st\u00e4.\" class=\"underline-custom !font-montserrat !font-bold !underline-offset-4 !decoration-4 !decoration-red-600 !text-md\" rel=\"nofollow noopener\" target=\"_blank\">Tilaa Comon uutiskirje ja tied\u00e4t mist\u00e4 kahvitauolla puhutaan! Nappaa kotimaan tv-vinkit ja puheenaiheet suoraan s\u00e4hk\u00f6postiin t\u00e4st\u00e4.<\/a><\/p>\n<p>\t\t\t<script async src=\"\/\/www.instagram.com\/embed.js\"><\/script><\/p>\n","protected":false},"excerpt":{"rendered":"Tv-juontaja ja vuoden 2012 Miss Helsinki Katrie Daler on k\u00e4rsinyt jo vuosien ajan velkataakasta. Seiska oli ottanut h\u00e4neen&hellip;\n","protected":false},"author":2,"featured_media":39526,"comment_status":"","ping_status":"","sticky":false,"template":"","format":"standard","meta":{"footnotes":""},"categories":[136],"tags":[407,137,33,31,30,408,10249,32,109],"class_list":{"0":"post-39525","1":"post","2":"type-post","3":"status-publish","4":"format-standard","5":"has-post-thumbnail","7":"category-julkkikset","8":"tag-celebrities","9":"tag-entertainment","10":"tag-fi","11":"tag-finland","12":"tag-finnish","13":"tag-julkkikset","14":"tag-katrie-daler","15":"tag-suomi","16":"tag-viihde"},"share_on_mastodon":{"url":"","error":""},"_links":{"self":[{"href":"https:\/\/www.europesays.com\/fi\/wp-json\/wp\/v2\/posts\/39525","targetHints":{"allow":["GET"]}}],"collection":[{"href":"https:\/\/www.europesays.com\/fi\/wp-json\/wp\/v2\/posts"}],"about":[{"href":"https:\/\/www.europesays.com\/fi\/wp-json\/wp\/v2\/types\/post"}],"author":[{"embeddable":true,"href":"https:\/\/www.europesays.com\/fi\/wp-json\/wp\/v2\/users\/2"}],"replies":[{"embeddable":true,"href":"https:\/\/www.europesays.com\/fi\/wp-json\/wp\/v2\/comments?post=39525"}],"version-history":[{"count":0,"href":"https:\/\/www.europesays.com\/fi\/wp-json\/wp\/v2\/posts\/39525\/revisions"}],"wp:featuredmedia":[{"embeddable":true,"href":"https:\/\/www.europesays.com\/fi\/wp-json\/wp\/v2\/media\/39526"}],"wp:attachment":[{"href":"https:\/\/www.europesays.com\/fi\/wp-json\/wp\/v2\/media?parent=39525"}],"wp:term":[{"taxonomy":"category","embeddable":true,"href":"https:\/\/www.europesays.com\/fi\/wp-json\/wp\/v2\/categories?post=39525"},{"taxonomy":"post_tag","embeddable":true,"href":"https:\/\/www.europesays.com\/fi\/wp-json\/wp\/v2\/tags?post=39525"}],"curies":[{"name":"wp","href":"https:\/\/api.w.org\/{rel}","templated":true}]}}