{"id":39527,"date":"2025-09-19T11:38:07","date_gmt":"2025-09-19T11:38:07","guid":{"rendered":"https:\/\/www.europesays.com\/fi\/39527\/"},"modified":"2025-09-19T11:38:07","modified_gmt":"2025-09-19T11:38:07","slug":"aihetunniste-boycottdisney-leviaa-syyna-jimmy-kimmelin-hyllyttaminen","status":"publish","type":"post","link":"https:\/\/www.europesays.com\/fi\/39527\/","title":{"rendered":"Aihetunniste #BoycottDisney levi\u00e4\u00e4, syyn\u00e4 Jimmy Kimmelin hyllytt\u00e4minen"},"content":{"rendered":"<p>Jimmy Kimmelin poistaminen tv-ruuduista oli liikaa monille amerikkalaisille.<\/p>\n<p class=\"article-body mb-nof-24 px-nof-16\">Yhdysvalloissa on syntynyt boikottiliike mediaj\u00e4tti Disneyt\u00e4 vastaan. Aihetunniste #BoycottDisney levi\u00e4\u00e4 sosiaalisen median kanavissa kuten X:ss\u00e4 ja Facebookissa. Asiasta kertoo muun muassa <a class=\"article-genericlink\" href=\"https:\/\/fortune.com\/2025\/09\/18\/disney-boycott-abc-jimmy-kimmel-live-suspension-free-speech\/\" rel=\"nofollow noopener\" target=\"_blank\">Fortune-lehti<\/a>.<\/p>\n<p class=\"article-body mb-nof-24 px-nof-16\">Syyn\u00e4 on suositun tv-juontajan ja koomikon <a class=\"article-personlink\" href=\"https:\/\/www.is.fi\/haku\/?query=Jimmy%20Kimmelin\" rel=\"nofollow noopener\" target=\"_blank\">Jimmy Kimmelin<\/a> hyllytt\u00e4minen h\u00e4nen kommentoituaan oikeistovaikuttaja <a class=\"article-personlink\" href=\"https:\/\/www.is.fi\/haku\/?query=Charlie%20Kirkin\" rel=\"nofollow noopener\" target=\"_blank\">Charlie Kirkin<\/a> ampumista maanantaina. Viime viikon keskiviikkona kuolleen Kirkin murhasta ep\u00e4ill\u00e4\u00e4n 22-vuotiasta <a class=\"article-personlink\" href=\"https:\/\/www.is.fi\/haku\/?query=Tyler%20Robinsonia\" rel=\"nofollow noopener\" target=\"_blank\">Tyler Robinsonia<\/a>.<\/p>\n<p class=\"article-body mb-nof-24 px-nof-16\">\u2013 Maga-jengi yritt\u00e4\u00e4 ep\u00e4toivoisesti maalata Kirkin murhanneen pojan joksikin muuksi kuin yhdeksi heist\u00e4. He tekev\u00e4t kaikkensa saadakseen siit\u00e4 poliittista hy\u00f6ty\u00e4, Kimmel sanoi maanantaina.<\/p>\n<p class=\"article-body mb-nof-24 px-nof-16\">Lue lis\u00e4\u00e4: <a class=\"article-genericlink\" href=\"https:\/\/www.is.fi\/ulkomaat\/art-2000011501880.html\" rel=\"nofollow noopener\" target=\"_blank\">Jimmy Kimmelin ohjelma hyllytettiin \u2013 juontaja kommentoi Charlie Kirkin ampumista<\/a><\/p>\n<p class=\"article-body mb-nof-24 px-nof-16\">Kimmel arvosteli my\u00f6s Yhdysvaltain presidentti\u00e4 <a class=\"article-personlink\" href=\"https:\/\/www.is.fi\/haku\/?query=Donald%20Trumpia\" rel=\"nofollow noopener\" target=\"_blank\">Donald Trumpia<\/a>, kun h\u00e4n oli vaikuttanut v\u00e4linpit\u00e4m\u00e4tt\u00f6m\u00e4lt\u00e4 Kirkin kuolemasta er\u00e4\u00e4ss\u00e4 tv-haastattelussa.<\/p>\n<p class=\"article-body mb-nof-24 px-nof-16\">\u2013 Aikuinen ei sure yst\u00e4v\u00e4ksi kutsumansa kuolemaa n\u00e4in. N\u00e4in nelivuotias suree kultakalaansa, Kimmel sanoi.<\/p>\n<p class=\"article-body mb-nof-24 px-nof-16\">Disneyn omistama tv-yhti\u00f6 ABC hyllytti kommenttien j\u00e4lkeen Jimmy Kimmel Live -ohjelman. Monien mielest\u00e4 hyllytys on vastoin sananvapautta ja huolestuttava ennakkotapaus poliittisen kommentoinnin sensuurista.<\/p>\n<p class=\"article-body mb-nof-24 px-nof-16\">\u2013 Peruutin juuri Disney+-tilini, er\u00e4s X:n k\u00e4ytt\u00e4j\u00e4 totesi.<\/p>\n<p class=\"article-body mb-nof-24 px-nof-16\">\u2013 Iskek\u00e4\u00e4 niit\u00e4 sinne, mihin sattuu: $$$:hin, sanoi toinen.<\/p>\n<p class=\"article-body mb-nof-24 px-nof-16\">Useat keskusteluketjut Redditiss\u00e4 vaativat samaa. Yksi niist\u00e4 on <a class=\"article-genericlink\" href=\"https:\/\/www.reddit.com\/r\/Suomi\/comments\/1nk4e01\/lopetin_disney_plus_tilauksen_jimmy_kimmelin\/\" rel=\"nofollow noopener\" target=\"_blank\">suomalainen<\/a>.<\/p>\n<p class=\"article-body mb-nof-24 px-nof-16\">\u2013 Disneyn omistama ABC antoi kenk\u00e4\u00e4 koomikko Jimmy Kimmelille Trumpin painostuksen vuoksi. Haluan tukea aitoa sananvapautta, joten irtisanoin Disney Plus -tilaukseni \u2013 kannustan samoin tuntevia toimimaan samoin, ketjun aloittaja sanoo.<\/p>\n<p class=\"article-body mb-nof-24 px-nof-16\">Aloite on saanut tukea eri kommentoijilta.<\/p>\n<p class=\"article-body mb-nof-24 px-nof-16\">\u2013 Ehdotan kaikkia tilauksen perujoita laittamaan saman verran rahaa johonki hyv\u00e4ntekev\u00e4isyyteen. Ite laitoin eilen tilauksen luonnonperint\u00f6s\u00e4\u00e4ti\u00f6\u00f6n, yksi toteaa.<\/p>\n<p class=\"article-body mb-nof-24 px-nof-16\">Yhdysvalloissa on alkanut laaja keskustelu median vapaudesta Kimmelin tapauksen my\u00f6t\u00e4.<\/p>\n<p class=\"article-body mb-nof-24 px-nof-16\">USA:n Presidentti Donald Trump kiihdytti keskustelua torstaina toteamalla, ett\u00e4 joidenkin tv-kanavien olisi syyt\u00e4 menett\u00e4\u00e4 toimilupansa. H\u00e4n sanoi t\u00e4m\u00e4n todettuaan useimpien televisiokanavien olevan h\u00e4nt\u00e4 vastaan.<\/p>\n<p class=\"article-body mb-nof-24 px-nof-16\">Yhdysvaltain entisen presidentin <a class=\"article-personlink\" href=\"https:\/\/www.is.fi\/haku\/?query=Barack%20Obaman\" rel=\"nofollow noopener\" target=\"_blank\">Barack Obaman<\/a> mukaan kyse on siit\u00e4, ett\u00e4 Trumpin hallinto vie toimintansa uudelle tasolle. H\u00e4nen mukaansa cancel-kulttuurin valittamisesta on nyt siirrytty mediayhti\u00f6iden uhkailemiseen.<\/p>\n","protected":false},"excerpt":{"rendered":"Jimmy Kimmelin poistaminen tv-ruuduista oli liikaa monille amerikkalaisille. Yhdysvalloissa on syntynyt boikottiliike mediaj\u00e4tti Disneyt\u00e4 vastaan. Aihetunniste #BoycottDisney levi\u00e4\u00e4&hellip;\n","protected":false},"author":2,"featured_media":39528,"comment_status":"","ping_status":"","sticky":false,"template":"","format":"standard","meta":{"footnotes":""},"categories":[133],"tags":[137,33,31,30,34,32,206,156,109],"class_list":{"0":"post-39527","1":"post","2":"type-post","3":"status-publish","4":"format-standard","5":"has-post-thumbnail","7":"category-televisiot","8":"tag-entertainment","9":"tag-fi","10":"tag-finland","11":"tag-finnish","12":"tag-ilta-sanomat","13":"tag-suomi","14":"tag-televisiot","15":"tag-tv","16":"tag-viihde"},"share_on_mastodon":{"url":"","error":""},"_links":{"self":[{"href":"https:\/\/www.europesays.com\/fi\/wp-json\/wp\/v2\/posts\/39527","targetHints":{"allow":["GET"]}}],"collection":[{"href":"https:\/\/www.europesays.com\/fi\/wp-json\/wp\/v2\/posts"}],"about":[{"href":"https:\/\/www.europesays.com\/fi\/wp-json\/wp\/v2\/types\/post"}],"author":[{"embeddable":true,"href":"https:\/\/www.europesays.com\/fi\/wp-json\/wp\/v2\/users\/2"}],"replies":[{"embeddable":true,"href":"https:\/\/www.europesays.com\/fi\/wp-json\/wp\/v2\/comments?post=39527"}],"version-history":[{"count":0,"href":"https:\/\/www.europesays.com\/fi\/wp-json\/wp\/v2\/posts\/39527\/revisions"}],"wp:featuredmedia":[{"embeddable":true,"href":"https:\/\/www.europesays.com\/fi\/wp-json\/wp\/v2\/media\/39528"}],"wp:attachment":[{"href":"https:\/\/www.europesays.com\/fi\/wp-json\/wp\/v2\/media?parent=39527"}],"wp:term":[{"taxonomy":"category","embeddable":true,"href":"https:\/\/www.europesays.com\/fi\/wp-json\/wp\/v2\/categories?post=39527"},{"taxonomy":"post_tag","embeddable":true,"href":"https:\/\/www.europesays.com\/fi\/wp-json\/wp\/v2\/tags?post=39527"}],"curies":[{"name":"wp","href":"https:\/\/api.w.org\/{rel}","templated":true}]}}