{"id":39533,"date":"2025-09-19T11:43:07","date_gmt":"2025-09-19T11:43:07","guid":{"rendered":"https:\/\/www.europesays.com\/fi\/39533\/"},"modified":"2025-09-19T11:43:07","modified_gmt":"2025-09-19T11:43:07","slug":"han-on-ylen-uusi-uutisankkuri-katsojilta-yksimielinen-tuomio","status":"publish","type":"post","link":"https:\/\/www.europesays.com\/fi\/39533\/","title":{"rendered":"H\u00e4n on Ylen uusi uutisankkuri \u2013 katsojilta yksimielinen tuomio"},"content":{"rendered":"<p>            Johanna Hintikka\n        <\/p>\n<p class=\"subtitle \">Ylen aamun uusi ankkuri on ty\u00f6skennellyt toimittajana noin viiden vuoden ajan Yleisradiolla.<\/p>\n<p class=\"article-content article-content-width !bg-background\">Ylen aamussa aloitti uusi uutisankkuri  19. syyskuuta. Ankkuri veti ensimm\u00e4isen aamul\u00e4hetyksens\u00e4 yhdess\u00e4 toimittaja  ja meteorologi  kanssa.<\/p>\n<p class=\"italic m-italic article-content article-content-width !bg-background\">Arkistovideo: Saavatko uutisankkurit paljon palautetta?<\/p>\n<p class=\"article-content article-content-width !bg-background\">\u2013 Hyv\u00e4\u00e4 huomenta ja tervetuloa Ylen aamuun. Tervetuloa my\u00f6s ensimm\u00e4ist\u00e4 kertaa t\u00e4ss\u00e4 teht\u00e4v\u00e4ss\u00e4 l\u00e4hetykseen, Petra, Totti aloitti l\u00e4hetyksen.<\/p>\n<p class=\"article-content article-content-width !bg-background\">\u2013 Kiitos paljon ja hyv\u00e4\u00e4 huomenta, Petra kiitteli.<\/p>\n<p class=\"article-content article-content-width !bg-background\">T\u00e4m\u00e4n j\u00e4lkeen Totti ja Petra kertoivat aamun aiheista. L\u00e4hetyksess\u00e4 k\u00e4siteltiin muun muassa kuntapolitiikan suurimpia haasteita, ilmastotavoitteita, Suomen ilmastopolitiikkaa ja Alfa-PVP:t\u00e4 eli peukku-nimell\u00e4 kulkevaa muuntohuumetta.<\/p>\n<p class=\"article-content article-content-width !bg-background\">Petra on ty\u00f6skennellyt Ylen toimittajana jo vuodesta 2020 l\u00e4htien. Toimittaja on ty\u00f6skennellyt aiemmin muun muassa MTV Uutisissa, Helsingin Sanomilla ja Pieks\u00e4m\u00e4en lehdess\u00e4.<\/p>\n<p>        <a itemprop=\"url\" href=\"https:\/\/www.seiska.fi\/katso\/uutisankkuri-teresa-merilainen-aho-paljastaa-yllattavan-taustansa\/1917586\" rel=\"nofollow noopener\" target=\"_blank\"><\/p>\n<p>\nUutisankkuri Teresa Meril\u00e4inen-Aho\n<\/p>\n<p class=\"section-date\">\n        <strong class=\"article-section\" data-section=\"katso\"><br \/>\n            katso<br \/>\n        <\/strong><br \/>\n        8.9. 06:15\n    <\/p>\n<p>    Uutisankkuri Teresa Meril\u00e4inen-Aho paljastaa yll\u00e4tt\u00e4v\u00e4n taustansa<\/p>\n<p itemprop=\"description\" class=\"subtitle \">\n    Teresa Meril\u00e4inen-Aho asui pitk\u00e4\u00e4n ulkomailla.\n<\/p>\n<p>        <\/a><\/p>\n<p>Katsojlta kiitosta<\/p>\n<p class=\"article-content article-content-width !bg-background\">Katsojat ovat kehuneet Petran ensimm\u00e4ist\u00e4 livel\u00e4hetyst\u00e4 Ylen aamun <a href=\"https:\/\/www.facebook.com\/photo.php?fbid=1396520149141693&amp;set=a.742390334554681&amp;type=3&amp;ref=embed_post\" target=\"_blank\" rel=\"nofollow noopener\">Facebook<\/a>-sein\u00e4ll\u00e4.  mukaan on kiva, kun uusia, nuoria uutistenlukijoita saadaan mukaan.  on hyv\u00e4 asia, ett\u00e4 mukana on uusia kasvoja.<\/p>\n<p class=\"article-content article-content-width !bg-background\"> \u2013 Aivan huikea ankkuri, sana hallussa ja ulosanti todella selke\u00e4\u00e4 ja viel\u00e4 kauniskin. Toivottavasti jatkaa hommassa, ja iltaisinkin olisi kiva n\u00e4hd\u00e4,  kehuu.<\/p>\n<p class=\"article-content article-content-width !bg-background\"> \u2013 Hyvin luontevasti sujui,  komppaa.<\/p>\n<p class=\"article-content article-content-width !bg-background\"> \u2013 Selke\u00e4sanainen Petra,  summaa.<\/p>\n<p class=\"italic m-italic article-content article-content-width !bg-background\">Ylen aamu arkisin TV1:ll\u00e4 ja Yle Areenassa.<\/p>\n<p>        <a itemprop=\"url\" href=\"https:\/\/www.seiska.fi\/katso\/tassa-kulkee-uutisankkuri-ripsa-koskinen-papusen-raja-lopettaisin\/1915517\" rel=\"nofollow noopener\" target=\"_blank\"><\/p>\n<p>\nRipsa Koskinen-Papunen\n<\/p>\n<p class=\"section-date\">\n        <strong class=\"article-section\" data-section=\"katso\"><br \/>\n            katso<br \/>\n        <\/strong><br \/>\n        2.9. 06:15\n    <\/p>\n<p>    T\u00e4ss\u00e4 kulkee uutisankkuri Ripsa Koskinen-Papusen raja: \u201dLopettaisin\u201d<\/p>\n<p itemprop=\"description\" class=\"subtitle \">\n    Pitk\u00e4n linjan uutisankkuri pit\u00e4\u00e4 kiinni periaatteistaan.\n<\/p>\n<p>        <\/a><\/p>\n<p>        <a itemprop=\"url\" href=\"https:\/\/www.seiska.fi\/katso\/uutisankkuri-tommy-franti-palasi-televisioon-tv-kansa-hullaantui\/1919016\" rel=\"nofollow noopener\" target=\"_blank\"><\/p>\n<p>\nUutisankkuri Tommy Fr\u00e4nti\n<\/p>\n<p class=\"section-date\">\n        <strong class=\"article-section\" data-section=\"katso\"><br \/>\n            katso<br \/>\n        <\/strong><br \/>\n        3.9. 15:15\n    <\/p>\n<p>    Uutisankkuri Tommy Fr\u00e4nti palasi televisioon &#8211; tv-kansa hullaantui<\/p>\n<p itemprop=\"description\" class=\"subtitle \">\n    &#8221;Parasta A-luokkaa&#8221;. N\u00e4in uutisankkuri Tommy Fr\u00e4ntin aamutiimi\u00e4 kutsutaan sosiaalisessa mediassa.\n<\/p>\n<p>        <\/a><\/p>\n","protected":false},"excerpt":{"rendered":"Johanna Hintikka Ylen aamun uusi ankkuri on ty\u00f6skennellyt toimittajana noin viiden vuoden ajan Yleisradiolla. Ylen aamussa aloitti uusi&hellip;\n","protected":false},"author":2,"featured_media":39534,"comment_status":"","ping_status":"","sticky":false,"template":"","format":"standard","meta":{"footnotes":""},"categories":[130],"tags":[10765,137,33,31,30,10766,32,10767,7266,109,10153],"class_list":{"0":"post-39533","1":"post","2":"type-post","3":"status-publish","4":"format-standard","5":"has-post-thumbnail","7":"category-viihde","8":"tag-elias-paakkanen","9":"tag-entertainment","10":"tag-fi","11":"tag-finland","12":"tag-finnish","13":"tag-petra-nykanen","14":"tag-suomi","15":"tag-totti-toivonen","16":"tag-uutisankkuri","17":"tag-viihde","18":"tag-ylen-aamu"},"share_on_mastodon":{"url":"","error":""},"_links":{"self":[{"href":"https:\/\/www.europesays.com\/fi\/wp-json\/wp\/v2\/posts\/39533","targetHints":{"allow":["GET"]}}],"collection":[{"href":"https:\/\/www.europesays.com\/fi\/wp-json\/wp\/v2\/posts"}],"about":[{"href":"https:\/\/www.europesays.com\/fi\/wp-json\/wp\/v2\/types\/post"}],"author":[{"embeddable":true,"href":"https:\/\/www.europesays.com\/fi\/wp-json\/wp\/v2\/users\/2"}],"replies":[{"embeddable":true,"href":"https:\/\/www.europesays.com\/fi\/wp-json\/wp\/v2\/comments?post=39533"}],"version-history":[{"count":0,"href":"https:\/\/www.europesays.com\/fi\/wp-json\/wp\/v2\/posts\/39533\/revisions"}],"wp:featuredmedia":[{"embeddable":true,"href":"https:\/\/www.europesays.com\/fi\/wp-json\/wp\/v2\/media\/39534"}],"wp:attachment":[{"href":"https:\/\/www.europesays.com\/fi\/wp-json\/wp\/v2\/media?parent=39533"}],"wp:term":[{"taxonomy":"category","embeddable":true,"href":"https:\/\/www.europesays.com\/fi\/wp-json\/wp\/v2\/categories?post=39533"},{"taxonomy":"post_tag","embeddable":true,"href":"https:\/\/www.europesays.com\/fi\/wp-json\/wp\/v2\/tags?post=39533"}],"curies":[{"name":"wp","href":"https:\/\/api.w.org\/{rel}","templated":true}]}}