{"id":39537,"date":"2025-09-19T11:47:08","date_gmt":"2025-09-19T11:47:08","guid":{"rendered":"https:\/\/www.europesays.com\/fi\/39537\/"},"modified":"2025-09-19T11:47:08","modified_gmt":"2025-09-19T11:47:08","slug":"trumpin-helikopteri-teki-hatalaskun-ilta-sanomat","status":"publish","type":"post","link":"https:\/\/www.europesays.com\/fi\/39537\/","title":{"rendered":"Trumpin helikopteri teki h\u00e4t\u00e4laskun &#8211; Ilta-Sanomat"},"content":{"rendered":"<p>Yhdysvaltain presidenttipari joutui vaihtamaan helikopteria kesken valtiovierailun Britanniaan.<\/p>\n<p>Trump kertoi Britannian vierailullaan, ett\u00e4 Putin on pett\u00e4nyt h\u00e4net. <\/p>\n<p class=\"article-body mb-nof-24 px-nof-16\">Yhdysvaltain presidentin <a class=\"article-personlink\" href=\"https:\/\/www.is.fi\/haku\/?query=Donald%20Trumpin\" rel=\"nofollow noopener\" target=\"_blank\">Donald Trumpin <\/a>helikopteri joutui tekem\u00e4\u00e4n h\u00e4t\u00e4laskun Lutonin lentokent\u00e4lle Britanniassa torstaina.<\/p>\n<p class=\"article-body mb-nof-24 px-nof-16\">Sek\u00e4 presidentti ett\u00e4 rouva <a class=\"article-personlink\" href=\"https:\/\/www.is.fi\/haku\/?query=Melania%20Trump\" rel=\"nofollow noopener\" target=\"_blank\">Melania Trump <\/a>olivat kyydiss\u00e4. He olivat juuri p\u00e4\u00e4tt\u00e4m\u00e4ss\u00e4 valtiovierailuaan Britanniassa ja olivat matkalla lentokent\u00e4lle.<\/p>\n<p class=\"article-body mb-nof-24 px-nof-16\">Valkoisen talon lehdist\u00f6sihteeri <a class=\"article-personlink\" href=\"https:\/\/www.is.fi\/haku\/?query=Karoline%20Leavitt\" rel=\"nofollow noopener\" target=\"_blank\">Karoline Leavitt <\/a>vahvisti illalla, ett\u00e4 Marine One -kutsumanimell\u00e4 tunnettu helikopteri laskeutui \u201dv\u00e4h\u00e4isen hydrauliikkaongelman\u201d vuoksi.<\/p>\n<p><img decoding=\"async\" src=\"https:\/\/www.europesays.com\/fi\/wp-content\/uploads\/2025\/09\/1758282428_166_468.jpg\" alt=\"Marine One -helikopteri l\u00e4hestyi Stanstedin lentokentt\u00e4\u00e4 torstaina. Kyseess\u00e4 oli varakopteri.\" class=\"_Img_tdqg8_1\" style=\"aspect-ratio:1.4264487369985142\" loading=\"eager\"\/><\/p>\n<p class=\"article-picture-caption\">Marine One -helikopteri l\u00e4hestyi Stanstedin lentokentt\u00e4\u00e4 torstaina. Kyseess\u00e4 oli varakopteri. Kuva:\u00a0Kevin Lamarque<\/p>\n<p class=\"article-body mb-nof-24 px-nof-16\">Leavittin mukaan p\u00e4\u00e4t\u00f6s tehtiin \u201dvarovaisuussyist\u00e4\u201d, ja presidentti sek\u00e4 ensimm\u00e4inen nainen siirtyiv\u00e4t turvallisesti tukihelikopteriin.<\/p>\n<p class=\"article-body mb-nof-24 px-nof-16\">Presidenttipari jatkoi matkaa toisella helikopterilla, ja he saapuivat BBC:n mukaan Stanstedin lentokent\u00e4lle noin 20 minuuttia my\u00f6h\u00e4ss\u00e4.<\/p>\n<p class=\"article-body mb-nof-24 px-nof-16\">Lutonin kent\u00e4lt\u00e4 julkaistussa kuvissa n\u00e4htiin pelastusajoneuvoja kiitotiell\u00e4 laskun j\u00e4lkeen. Kuvissa n\u00e4kyiv\u00e4t my\u00f6s molemmat Trumpin helikopterit kiitotien vieress\u00e4.<\/p>\n<p class=\"article-body mb-nof-24 px-nof-16\">Presidentti\u00e4 kuljettava kone on Sikorsky-yhti\u00f6n valmistama erikoisvarusteltu sotilashelikopteri, jossa on muun muassa ohjuspuolustus- ja tutkah\u00e4irint\u00e4j\u00e4rjestelmi\u00e4.<\/p>\n<p class=\"article-body mb-nof-24 px-nof-16\">Tyypillisesti kopteria seuraa v\u00e4hint\u00e4\u00e4n yksi tai kaksi tukihelikopteria, joita voidaan k\u00e4ytt\u00e4\u00e4 presidentin kuljettamiseen my\u00f6s h\u00e4m\u00e4yssyist\u00e4.<\/p>\n","protected":false},"excerpt":{"rendered":"Yhdysvaltain presidenttipari joutui vaihtamaan helikopteria kesken valtiovierailun Britanniaan. Trump kertoi Britannian vierailullaan, ett\u00e4 Putin on pett\u00e4nyt h\u00e4net. Yhdysvaltain&hellip;\n","protected":false},"author":2,"featured_media":39538,"comment_status":"","ping_status":"","sticky":false,"template":"","format":"standard","meta":{"footnotes":""},"categories":[14],"tags":[22,23,26,27,33,31,30,17,34,24,25,28,29,15,18,21,32,19,20,56,16,59,60,61],"class_list":{"0":"post-39537","1":"post","2":"type-post","3":"status-publish","4":"format-standard","5":"has-post-thumbnail","7":"category-ulkomaat","8":"tag-breaking-news","9":"tag-breakingnews","10":"tag-featured-news","11":"tag-featurednews","12":"tag-fi","13":"tag-finland","14":"tag-finnish","15":"tag-headlines","16":"tag-ilta-sanomat","17":"tag-latest-news","18":"tag-latestnews","19":"tag-main-news","20":"tag-mainnews","21":"tag-news","22":"tag-otsikot","23":"tag-paauutiset","24":"tag-suomi","25":"tag-top-stories","26":"tag-topstories","27":"tag-ulkomaat","28":"tag-uutiset","29":"tag-world","30":"tag-world-news","31":"tag-worldnews"},"share_on_mastodon":{"url":"","error":""},"_links":{"self":[{"href":"https:\/\/www.europesays.com\/fi\/wp-json\/wp\/v2\/posts\/39537","targetHints":{"allow":["GET"]}}],"collection":[{"href":"https:\/\/www.europesays.com\/fi\/wp-json\/wp\/v2\/posts"}],"about":[{"href":"https:\/\/www.europesays.com\/fi\/wp-json\/wp\/v2\/types\/post"}],"author":[{"embeddable":true,"href":"https:\/\/www.europesays.com\/fi\/wp-json\/wp\/v2\/users\/2"}],"replies":[{"embeddable":true,"href":"https:\/\/www.europesays.com\/fi\/wp-json\/wp\/v2\/comments?post=39537"}],"version-history":[{"count":0,"href":"https:\/\/www.europesays.com\/fi\/wp-json\/wp\/v2\/posts\/39537\/revisions"}],"wp:featuredmedia":[{"embeddable":true,"href":"https:\/\/www.europesays.com\/fi\/wp-json\/wp\/v2\/media\/39538"}],"wp:attachment":[{"href":"https:\/\/www.europesays.com\/fi\/wp-json\/wp\/v2\/media?parent=39537"}],"wp:term":[{"taxonomy":"category","embeddable":true,"href":"https:\/\/www.europesays.com\/fi\/wp-json\/wp\/v2\/categories?post=39537"},{"taxonomy":"post_tag","embeddable":true,"href":"https:\/\/www.europesays.com\/fi\/wp-json\/wp\/v2\/tags?post=39537"}],"curies":[{"name":"wp","href":"https:\/\/api.w.org\/{rel}","templated":true}]}}