{"id":39539,"date":"2025-09-19T11:48:07","date_gmt":"2025-09-19T11:48:07","guid":{"rendered":"https:\/\/www.europesays.com\/fi\/39539\/"},"modified":"2025-09-19T11:48:07","modified_gmt":"2025-09-19T11:48:07","slug":"mielenosoittajat-keskeyttivat-ministeri-hakkasen-esiintymisen-miten-te-kehtaatte","status":"publish","type":"post","link":"https:\/\/www.europesays.com\/fi\/39539\/","title":{"rendered":"Mielenosoittajat keskeyttiv\u00e4t ministeri H\u00e4kk\u00e4sen esiintymisen \u2013\u2009\u201dMiten te kehtaatte\u201d"},"content":{"rendered":"<p>Euroopan turvallisuutta k\u00e4sittelev\u00e4n Helsinki Security Forumin ennakkotapahtumassa n\u00e4htiin Palestiinaa tukeva mielenilmaus.<\/p>\n<p><img decoding=\"async\" class=\"image image-show image-preview\" src=\"https:\/\/www.europesays.com\/fi\/wp-content\/uploads\/2025\/09\/c9854501f8d000096d869b7b409cf290a1ce4100d6fe06f885dc3a13ab703206.jpg\" alt=\"\"\/><img decoding=\"async\" class=\"image image-show\" src=\"https:\/\/www.europesays.com\/fi\/wp-content\/uploads\/2025\/09\/1758282487_416_c9854501f8d000096d869b7b409cf290a1ce4100d6fe06f885dc3a13ab703206.jpg\" alt=\"\"\/><\/p>\n<p>Mielenosoittajat protestoivat Palestiinan puolesta Helsinki Security Forumin j\u00e4rjest\u00e4m\u00e4ss\u00e4 keskustelutilaisuudessa. Puolustusministeri Antti H\u00e4kk\u00e4nen (kok) oli samaan aikaan lavalla keskustelemassa. Timur Yilmaz<\/p>\n<p class=\"paragraph\">Mielenilmaukset keskeyttiv\u00e4t useita kertoja Helsinki Security Forumin keskustelutilaisuuden, jossa puolustusministeri <strong>Antti H\u00e4kk\u00e4nen<\/strong> (kok) keskusteli Ilta-Sanomien toimitusp\u00e4\u00e4llikk\u00f6 Panu Karhusen kanssa Euroopan ja Suomen turvallisuudesta. Keskustelu alkoi Helsingiss\u00e4 Sanoma-talossa kello 13.30.<\/p>\n<p class=\"paragraph\">\u2013\u2009Antti H\u00e4kk\u00e4nen, miten te kehtaatte puhua t\u00e4\u00e4ll\u00e4 turvallisuudesta, kun edes kansanmurha, gazalaisten n\u00e4\u00e4nnytt\u00e4minen n\u00e4lk\u00e4\u00e4n&#8230;, mielenosoittaja huusi H\u00e4kk\u00e4sen puheen p\u00e4\u00e4lle ennen kuin l\u00e4hetyksen \u00e4\u00e4ni katkaistiin.<\/p>\n<p class=\"paragraph\">Kun yksi mielenosoittaja saatiin poistettu, meni vain hetki, kunnes seuraava mielenilmaus alkoi. Yksitt\u00e4isi\u00e4 yleis\u00f6n joukossa olleita mielenosoittajia poistettiin paikalta useita.<\/p>\n<p class=\"paragraph\">\u2013\u2009Olisi mukavaa, jos kunnioitettaisiin my\u00f6s yleis\u00f6\u00e4 t\u00e4\u00e4ll\u00e4 paikalla, eik\u00e4 keskeytett\u00e4isiin jatkuvasti, Karhunen sanoi.<\/p>\n<p>Mielenosoittajia vietiin pois yleis\u00f6st\u00e4. Timur Yilmaz<\/p>\n<p>H\u00e4kk\u00e4sen lavatilaisuus keskeytyi useita kertoja. Timur Yilmaz<\/p>\n<p class=\"paragraph\">P\u00e4\u00e4ministeri <strong>Petteri Orpon<\/strong> (kok) hallitus ei ole yksimielinen suhteessa Palestiinan kysymykseen. Kristillisdemokraatit ja perussuomalaiset j\u00e4ttiv\u00e4t syyskuussa eri\u00e4v\u00e4n n\u00e4kemyksens\u00e4 tasavallan presidentin ja hallituksen ulko- ja turvallisuuspoliittisen valiokunnan yhteiskokouksessa, jossa k\u00e4siteltiin Suomen liittymist\u00e4 Palestiina-julkilausumaan.<\/p>\n<p class=\"paragraph\">Tasavallan presidentti <strong>Alexander Stubb<\/strong> on kertonut tukevansa Palestiinan tunnustamista, mik\u00e4li hallitus sit\u00e4 esitt\u00e4isi. Hallituksella ei ole t\u00e4llaisia aikeita vaan kysymys jakaa hallitusta.<\/p>\n<p class=\"paragraph\">Perjantainen keskustelutilaisuus on osa Ulkopoliittisen instituutin j\u00e4rjest\u00e4m\u00e4\u00e4 Helsinki Security Forumia, jossa aiheena on Euroopan turvallisuus.<\/p>\n<p class=\"paragraph\">Perjantaina tapahtumassa kuullaan my\u00f6s tasavallan presidentti Alexander Stubbin ja komissaari <strong>Henna Virkkusen<\/strong> (kok) haastattelut. Lauantaina kuullaan puolestaan ulkoministeri <strong>Elina Valtosen<\/strong> (kok) ja puolustusvoimain komentaja <strong>Janne Jaakkolan<\/strong> n\u00e4kemyksi\u00e4.<\/p>\n<p>Kyseess\u00e4 oli foorumin ennakkotilaisuus Sanoma-talossa. Varsinainen foorumi on Clarion-hotellissa my\u00f6hemmin perjantaina ja viikonloppuna. Timur Yilmaz<\/p>\n<p>Vartijat puuttuivat tilanteisiin. Timur Yilmaz<\/p>\n<p>Palestiinaa tukeva mielenosoittaja piti kyltti\u00e4 k\u00e4dess\u00e4\u00e4n Sanomatalossa ennen kuin h\u00e4net poistettiin paikalta Helsinki Security Forumin tilaisuudesta. Timur Yilmaz<\/p>\n<p class=\"paragraph\">Oikaisu 19.9.2025 kello 14.31: Korjattu tilaisuuden juontajan nimi.<\/p>\n","protected":false},"excerpt":{"rendered":"Euroopan turvallisuutta k\u00e4sittelev\u00e4n Helsinki Security Forumin ennakkotapahtumassa n\u00e4htiin Palestiinaa tukeva mielenilmaus. Mielenosoittajat protestoivat Palestiinan puolesta Helsinki Security Forumin&hellip;\n","protected":false},"author":2,"featured_media":39540,"comment_status":"","ping_status":"","sticky":false,"template":"","format":"standard","meta":{"footnotes":""},"categories":[12],"tags":[35,22,23,26,27,33,31,30,17,24,25,28,29,15,18,21,142,637,888,885,887,32,19,20,16],"class_list":{"0":"post-39539","1":"post","2":"type-post","3":"status-publish","4":"format-standard","5":"has-post-thumbnail","7":"category-suomi","8":"tag-24h","9":"tag-breaking-news","10":"tag-breakingnews","11":"tag-featured-news","12":"tag-featurednews","13":"tag-fi","14":"tag-finland","15":"tag-finnish","16":"tag-headlines","17":"tag-latest-news","18":"tag-latestnews","19":"tag-main-news","20":"tag-mainnews","21":"tag-news","22":"tag-otsikot","23":"tag-paauutiset","24":"tag-poliitikot","25":"tag-politiikka","26":"tag-suomalaiset-poliitikot","27":"tag-suomen-poliittiset-puolueet","28":"tag-suomen-politiikka","29":"tag-suomi","30":"tag-top-stories","31":"tag-topstories","32":"tag-uutiset"},"share_on_mastodon":{"url":"","error":""},"_links":{"self":[{"href":"https:\/\/www.europesays.com\/fi\/wp-json\/wp\/v2\/posts\/39539","targetHints":{"allow":["GET"]}}],"collection":[{"href":"https:\/\/www.europesays.com\/fi\/wp-json\/wp\/v2\/posts"}],"about":[{"href":"https:\/\/www.europesays.com\/fi\/wp-json\/wp\/v2\/types\/post"}],"author":[{"embeddable":true,"href":"https:\/\/www.europesays.com\/fi\/wp-json\/wp\/v2\/users\/2"}],"replies":[{"embeddable":true,"href":"https:\/\/www.europesays.com\/fi\/wp-json\/wp\/v2\/comments?post=39539"}],"version-history":[{"count":0,"href":"https:\/\/www.europesays.com\/fi\/wp-json\/wp\/v2\/posts\/39539\/revisions"}],"wp:featuredmedia":[{"embeddable":true,"href":"https:\/\/www.europesays.com\/fi\/wp-json\/wp\/v2\/media\/39540"}],"wp:attachment":[{"href":"https:\/\/www.europesays.com\/fi\/wp-json\/wp\/v2\/media?parent=39539"}],"wp:term":[{"taxonomy":"category","embeddable":true,"href":"https:\/\/www.europesays.com\/fi\/wp-json\/wp\/v2\/categories?post=39539"},{"taxonomy":"post_tag","embeddable":true,"href":"https:\/\/www.europesays.com\/fi\/wp-json\/wp\/v2\/tags?post=39539"}],"curies":[{"name":"wp","href":"https:\/\/api.w.org\/{rel}","templated":true}]}}