{"id":39543,"date":"2025-09-19T12:01:08","date_gmt":"2025-09-19T12:01:08","guid":{"rendered":"https:\/\/www.europesays.com\/fi\/39543\/"},"modified":"2025-09-19T12:01:08","modified_gmt":"2025-09-19T12:01:08","slug":"hannu-pulkkinen-uusiin-syopahoitoihin-kuva-ei-herkille","status":"publish","type":"post","link":"https:\/\/www.europesays.com\/fi\/39543\/","title":{"rendered":"Hannu Pulkkinen uusiin sy\u00f6p\u00e4hoitoihin \u2013 Kuva ei herkille"},"content":{"rendered":"<p>Hausmyllyn Enzolla alkavat sytostaattihoidot.<\/p>\n<p><img decoding=\"async\" class=\"image image-show image-preview\" src=\"https:\/\/www.europesays.com\/fi\/wp-content\/uploads\/2025\/09\/3c9679691a6047be8eabc976462c6a4d43a686333ad307f38059c24e787ea13d.jpg\" alt=\"\"\/><img decoding=\"async\" class=\"image image-show\" src=\"https:\/\/www.europesays.com\/fi\/wp-content\/uploads\/2025\/09\/1758283268_107_3c9679691a6047be8eabc976462c6a4d43a686333ad307f38059c24e787ea13d.jpg\" alt=\"\"\/><\/p>\n<p>Hausmyllyn Hannu Enzo Pulkkisella alkavat sytostaattihoidot. Mika Rinne<\/p>\n<p class=\"paragraph\">Hausmyllyst\u00e4 tutulla <strong>Hannu &#8221;Enzo&#8221; Pulkkisella<\/strong>, 63, alkavat sy\u00f6v\u00e4n levi\u00e4mist\u00e4 est\u00e4v\u00e4t sytostaattihoidot. Mies sai keuhkosy\u00f6p\u00e4diagnoosin vuonna 2020, samaan aikaan kun <strong>Mia<\/strong> -vaimolla todettiin rintasy\u00f6p\u00e4. My\u00f6hemmin Mialta l\u00f6ytyi my\u00f6s melanooma, ihosy\u00f6p\u00e4. Aviopari asuu Haukiputaalla luhtitalossa, el\u00e4v\u00e4t p\u00e4iv\u00e4n kerrallaan ja tukevat toisiaan.<\/p>\n<p class=\"paragraph\">\u2013 Tiistaina menn\u00e4\u00e4n k\u00e4si k\u00e4dess\u00e4 Oulun yliopistolliseen sairaalaan heti aamulla, sy\u00f6p\u00e4ni levi\u00e4minen yritet\u00e4\u00e4n est\u00e4\u00e4, 62 kiloa painava Enzo sanoo kyljess\u00e4\u00e4n viisi haavaa parisen viikkoa sitten tehdyist\u00e4 koepalojen otoista.<\/p>\n<p class=\"paragraph\">\u2013 Aika pahassa paikassa syd\u00e4men takana imusolmukkeiden kudospaloissa havaittiin kasvaimiin viittaavia muutoksia. On niiss\u00e4 rei\u2019iss\u00e4 ollut kipuja, mutta otan s\u00e4rkyl\u00e4\u00e4kkeit\u00e4, Enzo sanoo toiveikkaana.<\/p>\n<p>Sairastuminen on parille vakava paikka.  Juha Veli  Jokinen<\/p>\n<p class=\"paragraph\">\u2013 Me olemme tukena tosillemme, k\u00e4si k\u00e4dess\u00e4 menemme. Minulla on immunologinen hoito eli omat solut aktivoidaan t\u00e4ss\u00e4 taistelussa, Enzolla alkaa sek\u00e4 t\u00e4m\u00e4 immunologinen ett\u00e4 sytostaattihoidot, Mia sanoo ja kertoo ongelmistaan my\u00f6s nivusissa, keuhkoissa ja lonkkaniveliss\u00e4.<\/p>\n<p>Sy\u00f6p\u00e4leikkauksesta maistraattiin<\/p>\n<p class=\"paragraph\">Parin rakkaustarina alkoi, kun Mia myi ys\u00e4rib\u00e4ndin\u00e4 tutuksi tulleen Hausmyllyn keikkoja ja hoiti my\u00f6s managerointia.<\/p>\n<p class=\"paragraph\">\u2013 Se taisi olla 2019, kun Enzo kosi ja olin 2020 rintasy\u00f6p\u00e4leikkauksessa, kun h\u00e4n oli tilannut ajan maistraattiin vihkimist\u00e4 varten, Enzoa kymmenen vuotta nuorempi vaimo muistelee.<\/p>\n<p class=\"paragraph\">Nyt h\u00e4n on j\u00e4tt\u00e4nyt managerointity\u00f6t ja my\u00f6s Enzo on hoitojen takia sairauslomalla \u2013 h\u00e4nelle on haastattelussa vaikea sano, ett\u00e4 ura olisi nyt t\u00e4ss\u00e4.<\/p>\n<p class=\"paragraph\">\u2013 Muistan <strong>Maki Kolehmaisen<\/strong> sanoneen ennen kuolemaansa, ett\u00e4 &#8221; t\u00e4ss\u00e4k\u00f6 t\u00e4m\u00e4 oli &#8221;. Yrit\u00e4n kaikesta huolimatta pit\u00e4\u00e4 toivoa yll\u00e4, el\u00e4\u00e4 p\u00e4iv\u00e4n kerrallaan ja luottaa hoitoihin, Enzo sanoo.<\/p>\n<p class=\"paragraph\">\u2013 Sekin antaa voimaa, ett\u00e4 toivoo, ett\u00e4 ehk\u00e4 joskus viel\u00e4 noustaan yleis\u00f6n eteen. Raskastahan keikkailu on, nyt olen tietenkin sairauslomalla, ei keikan keikkaa. On niin pirun vaikea sanoa, ett\u00e4 t\u00e4m\u00e4 oli t\u00e4ss\u00e4.<\/p>\n<p class=\"paragraph\">Enzo muistelee tehneens\u00e4 &#8221;aina&#8221; ty\u00f6t\u00e4 musiikin parissa. Tiskijukkana h\u00e4n aloitti jo 1977 ja Hausmylly -vuosiakin on takana 36.<\/p>\n<p class=\"paragraph\">\u2013 P\u00e4\u00e4sin ylioppilaaksi 1981 ja sanoin jo heti silloin, ett\u00e4 musiikki on unelmani, musiikista tulee ammatti. \u00c4itivainaja tokaisi, ett\u00e4 \u00e4l\u00e4 poika ole hullu, Enzo nauraa valinnalleen, eik\u00e4 kadu.<\/p>\n<p>Enzolta otettiin kyljest\u00e4 useampia koepaloja. Juha Veli  Jokinen<\/p>\n<p>&#8221;Kuoleman j\u00e4lkeist\u00e4 el\u00e4m\u00e4\u00e4 on&#8221;<\/p>\n<p class=\"paragraph\">Enzo kehuu hyvi\u00e4 sy\u00f6p\u00e4hoitoja ja pit\u00e4\u00e4 yll\u00e4 uskoa, ett\u00e4 muutaman p\u00e4iv\u00e4n p\u00e4\u00e4st\u00e4 alkavat sytostaattihoidot pident\u00e4v\u00e4t el\u00e4m\u00e4\u00e4, vaikka sy\u00f6p\u00e4 on parantumaton.<\/p>\n<p class=\"paragraph\">\u2013 Kyll\u00e4 kuoleman j\u00e4lkeist\u00e4 el\u00e4m\u00e4\u00e4 on, niin jotenkin uskon. Nyt kuitenkin tsempataan, elet\u00e4\u00e4n t\u00e4t\u00e4 hetke\u00e4, t\u00e4t\u00e4 p\u00e4iv\u00e4\u00e4, juuri nyt, muutaman p\u00e4iv\u00e4n kuluttua alkavat sytostaattihoidot, h\u00e4n kuittaa.<\/p>\n<p class=\"paragraph\">Toivoa h\u00e4n saa paljon musiikista.<\/p>\n<p class=\"paragraph\">\u2013 Kuuntelen paljon klassikoita, Eric Claptonia, Dire Starits -kitararokkia, Eppuja ja Popedaa.<\/p>\n<p class=\"paragraph\">Avioparin arjessa on paljon yhteishenke\u00e4, toistensa tukemista ja kaikesta huolimatta: huumoria ja leikkimielt\u00e4.<\/p>\n","protected":false},"excerpt":{"rendered":"Hausmyllyn Enzolla alkavat sytostaattihoidot. Hausmyllyn Hannu Enzo Pulkkisella alkavat sytostaattihoidot. Mika Rinne Hausmyllyst\u00e4 tutulla Hannu &#8221;Enzo&#8221; Pulkkisella, 63,&hellip;\n","protected":false},"author":2,"featured_media":39544,"comment_status":"","ping_status":"","sticky":false,"template":"","format":"standard","meta":{"footnotes":""},"categories":[136],"tags":[35,138,407,137,33,31,30,408,525,47,141,32,167,109],"class_list":{"0":"post-39543","1":"post","2":"type-post","3":"status-publish","4":"format-standard","5":"has-post-thumbnail","7":"category-julkkikset","8":"tag-24h","9":"tag-audio","10":"tag-celebrities","11":"tag-entertainment","12":"tag-fi","13":"tag-finland","14":"tag-finnish","15":"tag-julkkikset","16":"tag-laulaminen-ja-laulajat","17":"tag-musiikki","18":"tag-muusikot-bandit","19":"tag-suomi","20":"tag-terveys","21":"tag-viihde"},"share_on_mastodon":{"url":"","error":""},"_links":{"self":[{"href":"https:\/\/www.europesays.com\/fi\/wp-json\/wp\/v2\/posts\/39543","targetHints":{"allow":["GET"]}}],"collection":[{"href":"https:\/\/www.europesays.com\/fi\/wp-json\/wp\/v2\/posts"}],"about":[{"href":"https:\/\/www.europesays.com\/fi\/wp-json\/wp\/v2\/types\/post"}],"author":[{"embeddable":true,"href":"https:\/\/www.europesays.com\/fi\/wp-json\/wp\/v2\/users\/2"}],"replies":[{"embeddable":true,"href":"https:\/\/www.europesays.com\/fi\/wp-json\/wp\/v2\/comments?post=39543"}],"version-history":[{"count":0,"href":"https:\/\/www.europesays.com\/fi\/wp-json\/wp\/v2\/posts\/39543\/revisions"}],"wp:featuredmedia":[{"embeddable":true,"href":"https:\/\/www.europesays.com\/fi\/wp-json\/wp\/v2\/media\/39544"}],"wp:attachment":[{"href":"https:\/\/www.europesays.com\/fi\/wp-json\/wp\/v2\/media?parent=39543"}],"wp:term":[{"taxonomy":"category","embeddable":true,"href":"https:\/\/www.europesays.com\/fi\/wp-json\/wp\/v2\/categories?post=39543"},{"taxonomy":"post_tag","embeddable":true,"href":"https:\/\/www.europesays.com\/fi\/wp-json\/wp\/v2\/tags?post=39543"}],"curies":[{"name":"wp","href":"https:\/\/api.w.org\/{rel}","templated":true}]}}