{"id":39547,"date":"2025-09-19T12:08:07","date_gmt":"2025-09-19T12:08:07","guid":{"rendered":"https:\/\/www.europesays.com\/fi\/39547\/"},"modified":"2025-09-19T12:08:07","modified_gmt":"2025-09-19T12:08:07","slug":"raju-kaanne-superpesiksen-finaaleissa-ilta-sanomat","status":"publish","type":"post","link":"https:\/\/www.europesays.com\/fi\/39547\/","title":{"rendered":"Raju k\u00e4\u00e4nne Superpesiksen finaaleissa &#8211; Ilta-Sanomat"},"content":{"rendered":"<p>Pes\u00e4pallofinaaleissa on suurkuohuntaa.<\/p>\n<p class=\"article-body mb-nof-24 px-nof-16\">Miesten Superpesiksen mestaruus saattaa ratketa perjantaina Sotkamossa.<\/p>\n<p class=\"article-body mb-nof-24 px-nof-16\">SM-kulta on katkolla vierasjoukkueelle, kaksi ensimm\u00e4ist\u00e4 loppuottelua vieneelle Manse PP:lle.<\/p>\n<p class=\"article-body mb-nof-24 px-nof-16\">Perjantaina p\u00e4iv\u00e4ll\u00e4 jys\u00e4hti melkoinen jymypaukku, kun Jymy ilmoitti kokoonpanonsa.<\/p>\n<p class=\"article-body mb-nof-24 px-nof-16\">Sielt\u00e4 paljastui is\u00e4ntien kannalta karu fakta: 44-vuotias t\u00e4htipelaaja<a class=\"article-personlink\" href=\"https:\/\/www.is.fi\/haku\/?query=%20Roope%20Korhonen\" rel=\"nofollow noopener\" target=\"_blank\"> Roope Korhonen<\/a> ei perjantaina astele estradille. Aukko kokoonpanossa on armoton.<\/p>\n<p class=\"article-body mb-nof-24 px-nof-16\">Jos is\u00e4nn\u00e4t venyv\u00e4t kuitenkin kiihke\u00e4ss\u00e4 perjantai-illassa voittoon, mahdollinen nelj\u00e4s finaali pelataan sunnuntaina. Viides loppuottelu pelataan tarvittaessa ensi viikon lauantaina.<\/p>\n<p class=\"article-body mb-nof-24 px-nof-16\">Finaalisarja starttasi pesispiirej\u00e4 kuohuttaneella kohulla. Viime viikonloppuna tutkittiin valvontakameroita ja Jymy ep\u00e4ili Mansen kotikent\u00e4n olosuhteita manipuloiduiksi. Seura teki vastalauseen, jonka Pes\u00e4palloliitto k\u00e4sitteli. Liiton mukaan kentt\u00e4 oli m\u00e4\u00e4r\u00e4ysten mukaisessa kunnossa.<\/p>\n","protected":false},"excerpt":{"rendered":"Pes\u00e4pallofinaaleissa on suurkuohuntaa. Miesten Superpesiksen mestaruus saattaa ratketa perjantaina Sotkamossa. SM-kulta on katkolla vierasjoukkueelle, kaksi ensimm\u00e4ist\u00e4 loppuottelua vieneelle&hellip;\n","protected":false},"author":2,"featured_media":39548,"comment_status":"","ping_status":"","sticky":false,"template":"","format":"standard","meta":{"footnotes":""},"categories":[158],"tags":[33,31,30,34,159,32,160],"class_list":{"0":"post-39547","1":"post","2":"type-post","3":"status-publish","4":"format-standard","5":"has-post-thumbnail","7":"category-urheilu","8":"tag-fi","9":"tag-finland","10":"tag-finnish","11":"tag-ilta-sanomat","12":"tag-sports","13":"tag-suomi","14":"tag-urheilu"},"share_on_mastodon":{"url":"","error":""},"_links":{"self":[{"href":"https:\/\/www.europesays.com\/fi\/wp-json\/wp\/v2\/posts\/39547","targetHints":{"allow":["GET"]}}],"collection":[{"href":"https:\/\/www.europesays.com\/fi\/wp-json\/wp\/v2\/posts"}],"about":[{"href":"https:\/\/www.europesays.com\/fi\/wp-json\/wp\/v2\/types\/post"}],"author":[{"embeddable":true,"href":"https:\/\/www.europesays.com\/fi\/wp-json\/wp\/v2\/users\/2"}],"replies":[{"embeddable":true,"href":"https:\/\/www.europesays.com\/fi\/wp-json\/wp\/v2\/comments?post=39547"}],"version-history":[{"count":0,"href":"https:\/\/www.europesays.com\/fi\/wp-json\/wp\/v2\/posts\/39547\/revisions"}],"wp:featuredmedia":[{"embeddable":true,"href":"https:\/\/www.europesays.com\/fi\/wp-json\/wp\/v2\/media\/39548"}],"wp:attachment":[{"href":"https:\/\/www.europesays.com\/fi\/wp-json\/wp\/v2\/media?parent=39547"}],"wp:term":[{"taxonomy":"category","embeddable":true,"href":"https:\/\/www.europesays.com\/fi\/wp-json\/wp\/v2\/categories?post=39547"},{"taxonomy":"post_tag","embeddable":true,"href":"https:\/\/www.europesays.com\/fi\/wp-json\/wp\/v2\/tags?post=39547"}],"curies":[{"name":"wp","href":"https:\/\/api.w.org\/{rel}","templated":true}]}}