{"id":39549,"date":"2025-09-19T12:09:07","date_gmt":"2025-09-19T12:09:07","guid":{"rendered":"https:\/\/www.europesays.com\/fi\/39549\/"},"modified":"2025-09-19T12:09:07","modified_gmt":"2025-09-19T12:09:07","slug":"suomen-ensimmainen-tyttobandi-heraa-henkiin-teatterissa-trion-huippu-ura-tyssasi-natsi-saksaan-lappi","status":"publish","type":"post","link":"https:\/\/www.europesays.com\/fi\/39549\/","title":{"rendered":"Suomen ensimm\u00e4inen tytt\u00f6b\u00e4ndi her\u00e4\u00e4 henkiin teatterissa \u2013 trion huippu-ura tyss\u00e4si natsi-Saksaan | Lappi"},"content":{"rendered":"<p class=\"aw-1gybjub aw-5vja16 cmIuaG zKETg yle__article__paragraph\">Harmony Sistersin tarina on j\u00e4lleen t\u00e4n\u00e4 syksyn\u00e4 esill\u00e4, kun Kemin teatteri tuo n\u00e4ytt\u00e4m\u00f6lle musiikkin\u00e4ytelm\u00e4n kolmesta siskoksesta, joista tuli suuria iskelm\u00e4t\u00e4hti\u00e4.<\/p>\n<p><img decoding=\"async\" alt=\"Kolme naisn\u00e4yttelij\u00e4\u00e4 esitt\u00e4m\u00e4ss\u00e4 Valtosen siskoksia n\u00e4ytelm\u00e4\u00e4n Harmony sisters. Taustalla miesn\u00e4yttelij\u00e4 esitt\u00e4m\u00e4ss\u00e4 Yleisradion edustajaa.\" src=\"https:\/\/www.europesays.com\/fi\/wp-content\/uploads\/2025\/09\/39-152392768c95c435e9b8.jpeg\" class=\"aw-1l9m598 hKVVvP\"\/><\/p>\n<p>Avaa kuvien katselu<\/p>\n<p>Kemin Harmony Sisters eli Johanna Virsunen, oik., (Vera Valtonen), Maija Yrj\u00f6l\u00e4 (Maire Valtonen) ja Suvi Aalto (Raija Valtonen). Taustalla musiikkip\u00e4\u00e4llikk\u00f6n\u00e4 Olli Halttu. Kuva: Antti Ullakko \/ Yle<\/p>\n<p class=\"aw-1gybjub aw-1p7kakr cmIuaG fmSRng yle__article__paragraph\">Harmony Sistersin hitit, esimerkiksi Kodin kynttil\u00e4t, Sataman valot ja Josef, Josef, soivat alkavalla n\u00e4yt\u00e4nt\u00f6kaudella Kemin teatterissa. <strong class=\"aw-ak79eh KyCXm yle__article__strong\">Elina Snickerin<\/strong> tekstiin perustuva musiikkin\u00e4ytelm\u00e4 tulee ensi-iltaan lauantaina.<\/p>\n<p class=\"aw-1gybjub aw-1p7kakr cmIuaG fmSRng yle__article__paragraph\">Harmony Sisters oli suomalaisen viihdemusiikin uranuurtaja. Kotkassa ja Torniossa asuneiden siskosten <strong class=\"aw-ak79eh KyCXm yle__article__strong\">Vera, Maire ja Raija Valtosen<\/strong> 1930-luvulla perustama laulutrio kuului Suomen ensimm\u00e4isiin todellisiin iskelm\u00e4t\u00e4htiin, ja sit\u00e4 voi kutsua Suomen ensimm\u00e4iseksi tytt\u00f6b\u00e4ndiksi.<\/p>\n<p class=\"aw-1gybjub aw-1p7kakr cmIuaG fmSRng yle__article__paragraph\">Kotimaassa Harmony Sisters nousi 30-luvulla suursuosioon, mutta Valtosten unelma Amerikan valloituksesta kariutui sota-ajan ja Saksan esiintymisten vuoksi. My\u00f6s suosio Suomessa hiipui huippuvuosista, ja ura jatkui l\u00e4hinn\u00e4 Ruotsissa. Lopullisesti Harmony Sistersin taru loppui vuonna 1956.<\/p>\n<p class=\"aw-1gybjub aw-1p7kakr cmIuaG fmSRng yle__article__paragraph\">Harmony Sistersit hurmasivat suomalaiset, saksalaiset ja ruotsalaiset harmonisella laulullaan. Laulu-uraa havitellessaan he hakivat mallia amerikkalaisista elokuvista, kertoo Kemiss\u00e4 Raija Valtosen roolin tekev\u00e4 ja laulujen harjoittamisesta vastannut <strong class=\"aw-ak79eh KyCXm yle__article__strong\">Suvi Aalto<\/strong>.<\/p>\n<p>Suvi Aalto ihailee Vera, Maire ja Raija Valtosen laulun upeaa soimista yhteen.<\/p>\n<p class=\"aw-1gybjub aw-1p7kakr cmIuaG fmSRng yle__article__paragraph\">Sisarusten l\u00e4ht\u00f6kohdat eiv\u00e4t olleet helpoimmat, sill\u00e4 koti oli varsin k\u00f6yh\u00e4. Menestymisen tahtoa l\u00f6ytyi kuitenkin runsaasti sek\u00e4 tytt\u00e4rilt\u00e4 ett\u00e4 leski\u00e4idilt\u00e4. \u00c4iti patisti tytt\u00e4ret Pelastusarmeijan kuoroon ja my\u00f6hemmin loihti tytt\u00e4rille esiintymisasut sek\u00e4 toimi my\u00f6s managerina.<\/p>\n<p>Yleisradio l\u00e4hetti trion Saksaan<\/p>\n<p class=\"aw-1gybjub aw-1p7kakr cmIuaG fmSRng yle__article__paragraph\">Lahjakkaiden laulajien uralle antoi vauhtia tutustuminen kapellimestari <strong class=\"aw-ak79eh KyCXm yle__article__strong\">George de Godzinskyyn<\/strong>. T\u00e4rke\u00e4 tekij\u00e4 tunnettavuudelle ja menestykselle oli my\u00f6s Yleisradio.<\/p>\n<p class=\"aw-1gybjub aw-1p7kakr cmIuaG fmSRng yle__article__paragraph\">\u2013 Yleisradio teki heist\u00e4 kansan keskuudessa suosittuja, ja he olivat jo isoja t\u00e4hti\u00e4 toisen maailmansodan syttyess\u00e4, kertoo Kemin teatterinjohtaja ja musiikkin\u00e4ytelm\u00e4n sovittanut sek\u00e4 ohjannut <strong class=\"aw-ak79eh KyCXm yle__article__strong\">Jouni<\/strong> <strong class=\"aw-ak79eh KyCXm yle__article__strong\">Rissanen<\/strong>.<\/p>\n<p class=\"aw-1gybjub aw-1p7kakr cmIuaG fmSRng yle__article__paragraph\">Sodan syttyminen muutti my\u00f6s Valtosen siskosten uran ja el\u00e4m\u00e4n. Harmony Sisters oli mukana tukemassa Suomen armeijaa ja sotaponnistuksia osallistumalla esimerkiksi P\u00e4\u00e4majan kiertueille.<\/p>\n<p class=\"aw-1gybjub aw-1p7kakr cmIuaG fmSRng yle__article__paragraph\">\u2013 Sitten Yleisradio l\u00e4hetti Valtoset Saksaan ja heist\u00e4 tuli siell\u00e4 ihan supersuosittuja, siis silloisessa natsi-Saksassa, Rissanen kertoo.<\/p>\n<p><img decoding=\"async\" alt=\"Kolme naisn\u00e4yttelij\u00e4\u00e4 esitt\u00e4m\u00e4ss\u00e4 Valtosen siskoksia n\u00e4ytelm\u00e4\u00e4n Harmony sisters.\" src=\"https:\/\/www.europesays.com\/fi\/wp-content\/uploads\/2025\/09\/39-152392668c95c429c175.jpeg\" loading=\"lazy\" class=\"aw-1l9m598 hKVVvP\"\/><\/p>\n<p>Avaa kuvien katselu<\/p>\n<p>Harmony Sisters viitoitti tiet\u00e4 muille lauluyhtyeille, esimerkiksi Metro-tyt\u00f6ille.  Kuva: Antti Ullakko \/ Yle<\/p>\n<p class=\"aw-1gybjub aw-1p7kakr cmIuaG fmSRng yle__article__paragraph\">Pian laulajille kuitenkin selvisi, etteiv\u00e4t asiat olleet Saksassa kohdallaan. Sananvapaus oli rajoitettua ja ihmiset vahtivat toisiaan.<\/p>\n<p class=\"aw-1gybjub aw-1p7kakr cmIuaG fmSRng yle__article__paragraph\">George de Godzinsky oli neuvonut siskoksia varomaan puheitaan ja tekemisi\u00e4\u00e4n, koska vaikeuksiin saattoi joutua helposti. Esimerkiksi kirjailija Elina Snickerin tietojen mukaan siskokset kuitenkin uskalsivat muun muassa kuljettaa vastarintaliikkeen kirjeit\u00e4 rajan yli.<\/p>\n<p class=\"aw-1gybjub aw-1p7kakr cmIuaG fmSRng yle__article__paragraph\">\u2013 Kyll\u00e4 he s\u00e4ilyttiv\u00e4t suomalaisen identiteetin ja heid\u00e4n oli helppo valita puolensa, Jouni Rissanen kuvailee.<\/p>\n<p>Saksan piti olla askel matkalla Yhdysvaltoihin<\/p>\n<p class=\"aw-1gybjub aw-1p7kakr cmIuaG fmSRng yle__article__paragraph\">Saksan esiintymiset olivat siis yhtyeelle suuri menestys, mutta osoittautuivat lopulta kohtalokkaiksi uran jatkolle.<\/p>\n<p class=\"aw-1gybjub aw-1p7kakr cmIuaG fmSRng yle__article__paragraph\">Vera, Maire ja Raija Valtonen olivat alusta asti haaveilleet p\u00e4\u00e4syst\u00e4 Amerikan konserttilavoille ja he pitiv\u00e4t Saksaa vain v\u00e4livaiheena. Esiintymiset natsi-Saksassa kuitenkin k\u00e4\u00e4ntyiv\u00e4t lauluyhtyett\u00e4 vastaan.<\/p>\n<p><img decoding=\"async\" alt=\"Nelj\u00e4 naisn\u00e4yttelij\u00e4\u00e4 esitt\u00e4m\u00e4ss\u00e4 Valtosen siskoksia ja heid\u00e4n \u00e4iti\u00e4\u00e4n n\u00e4ytelm\u00e4\u00e4n Harmony sisters.\" src=\"https:\/\/www.europesays.com\/fi\/wp-content\/uploads\/2025\/09\/39-152392868c95c441a089.jpeg\" loading=\"lazy\" class=\"aw-1l9m598 hKVVvP\"\/><\/p>\n<p>Avaa kuvien katselu<\/p>\n<p>Veran, Mairen ja Raijan \u00e4iti Ester Valtonen oli vahva taustavoima tyt\u00e4rten musiikkiuralla. Kuva: Antti Ullakko \/ Yle<\/p>\n<p class=\"aw-1gybjub aw-1p7kakr cmIuaG fmSRng yle__article__paragraph\">My\u00f6s perhe-el\u00e4m\u00e4n muutokset ja soolouralle kurottaminen vaikuttivat trion jatkoon. Vera, Maire ja Raija eiv\u00e4t en\u00e4\u00e4 asuneet lapsuusperheess\u00e4 yhdess\u00e4 ja \u00e4itins\u00e4 kanssa, vaan kukin tahoillaan. Laulajakolmikon yhten\u00e4isyys oli heikentynyt.<\/p>\n<p class=\"aw-1gybjub aw-1p7kakr cmIuaG fmSRng yle__article__paragraph\">Sodan j\u00e4lkeen Valtoset esiintyiv\u00e4t l\u00e4hinn\u00e4 Ruotsissa ja alkoivat suunnata soolourille.<\/p>\n<p class=\"aw-1gybjub aw-1p7kakr cmIuaG fmSRng yle__article__paragraph\">Harmony Sistersin tarina ei ole mitenk\u00e4\u00e4n ep\u00e4tavallinen viihdemaailman artistien tarina nyky\u00e4\u00e4nk\u00e4\u00e4n \u2013 Jouni Rissasen mielest\u00e4 oikeastaan melko klassinen.<\/p>\n<p class=\"aw-1gybjub aw-1p7kakr cmIuaG fmSRng yle__article__paragraph\">\u2013 Toivon, ettei heit\u00e4 unohdeta. He ovat monella tavalla suomalaisen viihdemusiikin ja populaarimusiikin pioneereja.<\/p>\n<p>Musiikkin\u00e4ytelm\u00e4n sovittaja-ohjaaja, teatterinjohtaja Jouni Rissanen kertoo, ett\u00e4 Kemin teatteri tarjoaa tunnelmapaloina trion uran t\u00e4rkeimm\u00e4t vaiheet.<\/p>\n<p class=\"aw-1gybjub aw-1p7kakr cmIuaG fmSRng yle__article__paragraph\">Teatterinjohtaja Jouni Rissanen kertoo, ett\u00e4 Harmony Sisters t\u00e4ydent\u00e4\u00e4 Kemin teatterin historiallisten draamojen sarjan V\u00e4yl\u00e4n ja Rakastunut Ryti -n\u00e4ytelm\u00e4n j\u00e4lkeen. Samalla Kemin teatteri muistaa ensi vuonna sata vuotta t\u00e4ytt\u00e4v\u00e4\u00e4 Yle\u00e4.<\/p>\n<p>Harmony Sisters Kemin teatterissa<\/p>\n<ul class=\"aw-1jjocuh iJTSwP yle__article__list yle__article__list--ul\">\n<li class=\"aw-1j7gwms kUeLji\">Kirjailija Elina Snicker<\/li>\n<li class=\"aw-1j7gwms kUeLji\">Sovitus ja ohjaus Jouni Rissanen<\/li>\n<li class=\"aw-1j7gwms kUeLji\">Lavastus ja puvustus Kaisa Niva<\/li>\n<li class=\"aw-1j7gwms kUeLji\">Laulujen ja musiikin sovitus Juha Yli-Kotila<\/li>\n<li class=\"aw-1j7gwms kUeLji\">Laulujen harjoittaminen Suvi Aalto<\/li>\n<li class=\"aw-1j7gwms kUeLji\">Lavastus ja puvustus Kaisa Niva<\/li>\n<li class=\"aw-1j7gwms kUeLji\">Kampaukset ja maskit Mia Sahi<\/li>\n<li class=\"aw-1j7gwms kUeLji\">Koreografiat Antti Kyll\u00f6nen<\/li>\n<li class=\"aw-1j7gwms kUeLji\">P\u00e4\u00e4rooleissa Suvi Aalto (Raija Valtonen), Johanna Virsunen (Vera Valtonen) ja Maija Yrj\u00f6l\u00e4 (Maire Valtonen)<\/li>\n<li class=\"aw-1j7gwms kUeLji\">Muissa rooleissa Suvi Hurme, Olli Halttu, Antti Kyll\u00f6nen ja avustajia<\/li>\n<\/ul>\n","protected":false},"excerpt":{"rendered":"Harmony Sistersin tarina on j\u00e4lleen t\u00e4n\u00e4 syksyn\u00e4 esill\u00e4, kun Kemin teatteri tuo n\u00e4ytt\u00e4m\u00f6lle musiikkin\u00e4ytelm\u00e4n kolmesta siskoksesta, joista tuli&hellip;\n","protected":false},"author":2,"featured_media":39550,"comment_status":"","ping_status":"","sticky":false,"template":"","format":"standard","meta":{"footnotes":""},"categories":[130],"tags":[137,33,31,30,10770,665,10769,71,108,667,10768,32,3336,109],"class_list":{"0":"post-39549","1":"post","2":"type-post","3":"status-publish","4":"format-standard","5":"has-post-thumbnail","7":"category-viihde","8":"tag-entertainment","9":"tag-fi","10":"tag-finland","11":"tag-finnish","12":"tag-harmony-sisters","13":"tag-kemi","14":"tag-kemin-teatteri","15":"tag-kotimaa","16":"tag-kulttuuri","17":"tag-lappi","18":"tag-musiikkinaytelmat","19":"tag-suomi","20":"tag-teatteri","21":"tag-viihde"},"share_on_mastodon":{"url":"","error":""},"_links":{"self":[{"href":"https:\/\/www.europesays.com\/fi\/wp-json\/wp\/v2\/posts\/39549","targetHints":{"allow":["GET"]}}],"collection":[{"href":"https:\/\/www.europesays.com\/fi\/wp-json\/wp\/v2\/posts"}],"about":[{"href":"https:\/\/www.europesays.com\/fi\/wp-json\/wp\/v2\/types\/post"}],"author":[{"embeddable":true,"href":"https:\/\/www.europesays.com\/fi\/wp-json\/wp\/v2\/users\/2"}],"replies":[{"embeddable":true,"href":"https:\/\/www.europesays.com\/fi\/wp-json\/wp\/v2\/comments?post=39549"}],"version-history":[{"count":0,"href":"https:\/\/www.europesays.com\/fi\/wp-json\/wp\/v2\/posts\/39549\/revisions"}],"wp:featuredmedia":[{"embeddable":true,"href":"https:\/\/www.europesays.com\/fi\/wp-json\/wp\/v2\/media\/39550"}],"wp:attachment":[{"href":"https:\/\/www.europesays.com\/fi\/wp-json\/wp\/v2\/media?parent=39549"}],"wp:term":[{"taxonomy":"category","embeddable":true,"href":"https:\/\/www.europesays.com\/fi\/wp-json\/wp\/v2\/categories?post=39549"},{"taxonomy":"post_tag","embeddable":true,"href":"https:\/\/www.europesays.com\/fi\/wp-json\/wp\/v2\/tags?post=39549"}],"curies":[{"name":"wp","href":"https:\/\/api.w.org\/{rel}","templated":true}]}}