{"id":39553,"date":"2025-09-19T12:13:07","date_gmt":"2025-09-19T12:13:07","guid":{"rendered":"https:\/\/www.europesays.com\/fi\/39553\/"},"modified":"2025-09-19T12:13:07","modified_gmt":"2025-09-19T12:13:07","slug":"maastopalo-leviaa-suomalaistenkin-suosimassa-alanyassa","status":"publish","type":"post","link":"https:\/\/www.europesays.com\/fi\/39553\/","title":{"rendered":"Maastopalo levi\u00e4\u00e4 suomalaistenkin suosimassa Alanyassa"},"content":{"rendered":"<p>Turkki|Maastopaloja riehuu Turkissa Antalyan, Mu\u011flan ja Ayd\u0131nin maakunnissa.<\/p>\n<p class=\"article-body mb-nof-24 px-nof-16\">Turkissa riehuu maastopaloja kolmessa maakunnassa, kertoo turkkilainen tv-kanava <a class=\"article-genericlink\" href=\"https:\/\/www.ntv.com.tr\/galeri\/turkiye\/antalya-ve-muglada-orman-yanginlari,-0VQey6WXE2ofhVAIlcBsw\/FF3-lCZWvE6b3XXVrmRNig\" rel=\"nofollow noopener\" target=\"_blank\">NTV<\/a>.<\/p>\n<p class=\"article-body mb-nof-24 px-nof-16\">Antalyan maakunnassa Analyan alueella torstai-iltana syttynyt maastopalo levisi voimakkaiden tuulten takia nopeasti laajalle alueelle. Tulipaloja on levinnyt useisiin eri kaupunginosiin.<\/p>\n<p class=\"article-body mb-nof-24 px-nof-16\">Esimerkiksi Alifendin kaupunginosassa liekit levisiv\u00e4t joihinkin taloihin, NTV kertoo.<\/p>\n<p class=\"article-body mb-nof-24 px-nof-16\">Alueilla, joita maastopalot uhkaavat, on katkaistu s\u00e4hk\u00f6j\u00e4 ja evakuoitu asukkaita ja el\u00e4imi\u00e4 varotoimenpiteen\u00e4.<\/p>\n<p class=\"article-body mb-nof-24 px-nof-16\">Alanya on suomalaistenkin matkailijoiden suosima matkakohde.<\/p>\n<p class=\"article-body mb-nof-24 px-nof-16\">Torstaina syttyneit\u00e4 maastopaloja riehuu my\u00f6s Antalyan it\u00e4puolella Mu\u011flan ja Ayd\u0131nin maakunnissa.<\/p>\n<p class=\"article-body mb-nof-24 px-nof-16\">Sammutusty\u00f6t jatkuvat kaikissa kolmessa maakunnassa edelleen.<\/p>\n","protected":false},"excerpt":{"rendered":"Turkki|Maastopaloja riehuu Turkissa Antalyan, Mu\u011flan ja Ayd\u0131nin maakunnissa. Turkissa riehuu maastopaloja kolmessa maakunnassa, kertoo turkkilainen tv-kanava NTV. Antalyan&hellip;\n","protected":false},"author":2,"featured_media":83,"comment_status":"","ping_status":"","sticky":false,"template":"","format":"standard","meta":{"footnotes":""},"categories":[14],"tags":[22,23,26,27,33,31,30,17,46,24,25,28,29,15,18,21,32,19,20,56,16,59,60,61],"class_list":{"0":"post-39553","1":"post","2":"type-post","3":"status-publish","4":"format-standard","5":"has-post-thumbnail","7":"category-ulkomaat","8":"tag-breaking-news","9":"tag-breakingnews","10":"tag-featured-news","11":"tag-featurednews","12":"tag-fi","13":"tag-finland","14":"tag-finnish","15":"tag-headlines","16":"tag-helsingin-sanomat","17":"tag-latest-news","18":"tag-latestnews","19":"tag-main-news","20":"tag-mainnews","21":"tag-news","22":"tag-otsikot","23":"tag-paauutiset","24":"tag-suomi","25":"tag-top-stories","26":"tag-topstories","27":"tag-ulkomaat","28":"tag-uutiset","29":"tag-world","30":"tag-world-news","31":"tag-worldnews"},"share_on_mastodon":{"url":"","error":""},"_links":{"self":[{"href":"https:\/\/www.europesays.com\/fi\/wp-json\/wp\/v2\/posts\/39553","targetHints":{"allow":["GET"]}}],"collection":[{"href":"https:\/\/www.europesays.com\/fi\/wp-json\/wp\/v2\/posts"}],"about":[{"href":"https:\/\/www.europesays.com\/fi\/wp-json\/wp\/v2\/types\/post"}],"author":[{"embeddable":true,"href":"https:\/\/www.europesays.com\/fi\/wp-json\/wp\/v2\/users\/2"}],"replies":[{"embeddable":true,"href":"https:\/\/www.europesays.com\/fi\/wp-json\/wp\/v2\/comments?post=39553"}],"version-history":[{"count":0,"href":"https:\/\/www.europesays.com\/fi\/wp-json\/wp\/v2\/posts\/39553\/revisions"}],"wp:featuredmedia":[{"embeddable":true,"href":"https:\/\/www.europesays.com\/fi\/wp-json\/wp\/v2\/media\/83"}],"wp:attachment":[{"href":"https:\/\/www.europesays.com\/fi\/wp-json\/wp\/v2\/media?parent=39553"}],"wp:term":[{"taxonomy":"category","embeddable":true,"href":"https:\/\/www.europesays.com\/fi\/wp-json\/wp\/v2\/categories?post=39553"},{"taxonomy":"post_tag","embeddable":true,"href":"https:\/\/www.europesays.com\/fi\/wp-json\/wp\/v2\/tags?post=39553"}],"curies":[{"name":"wp","href":"https:\/\/api.w.org\/{rel}","templated":true}]}}