{"id":39560,"date":"2025-09-19T12:30:23","date_gmt":"2025-09-19T12:30:23","guid":{"rendered":"https:\/\/www.europesays.com\/fi\/39560\/"},"modified":"2025-09-19T12:30:23","modified_gmt":"2025-09-19T12:30:23","slug":"laten-ja-sarkun-hurjat-suunnitelmat-telkku-ohjelman-aikataulut-iltalehti","status":"publish","type":"post","link":"https:\/\/www.europesays.com\/fi\/39560\/","title":{"rendered":"Laten ja Sarkun hurjat suunnitelmat | Telkku | Ohjelman aikataulut &#8211; Iltalehti"},"content":{"rendered":"<ol>\n<li><a href=\"https:\/\/news.google.com\/rss\/articles\/CBMijgFBVV95cUxOM1JJYmpaZUtxOXZSX1plcGZuenVIdjVhT0pMVHdfQ0tEcUZrMkl0Z1o1YVNuSnJ2R1JuUWN3a3dxVFBHZnRpRWlwNzhxNDBXNmxnanV6cXB2TFpzNllPOFpjeENfbzBxWUpOZ295X3Q3M2p6SC1YbENweDI5V1d0Z2JoTmgzdnZjaWFLTzRn?oc=5\" target=\"_blank\" rel=\"nofollow noopener\">Laten ja Sarkun hurjat suunnitelmat | Telkku | Ohjelman aikataulut<\/a>&nbsp;&nbsp;Iltalehti<\/li>\n<li><a href=\"https:\/\/news.google.com\/rss\/articles\/CBMiggFBVV95cUxNSFBHTm9PYWMyYWpuS25jQ2lXSjU3YTVBT0JISnUwSjZxUXE0bjZuNjBsaE1Dck9nMTJMaEtpSmFwdm5RdVlyVXAtb3dCUHZ3Nm5kRkNvc1hkcmdsaldQSnRsQ1dXU0YyRk5JVEUtQUJZZklaRmJ0TzA2ei11T0U1MDJn?oc=5\" target=\"_blank\" rel=\"nofollow noopener\">Latelan Lauri pudottaa urapommin uudessa tv-sarjassa<\/a>&nbsp;&nbsp;Iltalehti<\/li>\n<li><a href=\"https:\/\/news.google.com\/rss\/articles\/CBMiZkFVX3lxTFBjdHZrenBmenBsOFVFVDNBN0JjTWRKU2JOT2MwX1NuczgyczZ0ckNoUjVMSllXOFZwdUI1MnBqWWpnelVGRW5uMG5HSVJzNGgyTlRwMmhhS0dqVndWQ3JiVzFLdEx4Zw?oc=5\" target=\"_blank\" rel=\"nofollow noopener\">Lauri Huttuselta urapaljastus: N\u00e4in k\u00e4y t\u00f6iden autokorjaamolla<\/a>&nbsp;&nbsp;Ilta-Sanomat<\/li>\n<li><a href=\"https:\/\/news.google.com\/rss\/articles\/CBMirgFBVV95cUxOb3otMjVqQWRvcnlzYzhGNjZIYzN4TE1wRnhmRnZTYS1TTElSQmprblRRUGF6YzFoQXdSX3N5QXpMQl84eXJrTHU3ZWJNRWNEVWZObkVoZkZmVmMwalB1X0EtTENTZVpLUEhnQVJiY1dkSVRjZHZMUE5XREtHUzl3NzRYcl9WSm53R3ZyUkxQZnhDd3pGaVhZVEh4YXdaZnZpbkhScmJoWU5xbDhLQ1E?oc=5\" target=\"_blank\" rel=\"nofollow noopener\">Latelan Lauri kuriin \u2013 Sarkku ei p\u00e4\u00e4st\u00e4 tilille eik\u00e4 anna pankkikorttia, syyn\u00e4 t\u00e4m\u00e4<\/a>&nbsp;&nbsp;Como.fi<\/li>\n<li><a href=\"https:\/\/news.google.com\/rss\/articles\/CBMiiAFBVV95cUxPZl9sT3ZqQ1YxNHI3S0FIeVdmd1ducy0xbjRYejhZWmFZV0xlRVg3OVg0bEZvOW1TbkJfVDZlSEpDMlg4aEd0WHI3VWRmcWozMTJoeXc1ZU5rZktRYWtXTU9md0pGRm16U3Nac1Z1dV9UemctRC03aVphQVlMc0NqekxCRWhncjJ1?oc=5\" target=\"_blank\" rel=\"nofollow noopener\">Latelan Laurin holtiton rahank\u00e4ytt\u00f6 paljastui<\/a>&nbsp;&nbsp;Seiska.fi<\/li>\n<\/ol>\n","protected":false},"excerpt":{"rendered":"Laten ja Sarkun hurjat suunnitelmat | Telkku | Ohjelman aikataulut&nbsp;&nbsp;Iltalehti Latelan Lauri pudottaa urapommin uudessa tv-sarjassa&nbsp;&nbsp;Iltalehti Lauri Huttuselta&hellip;\n","protected":false},"author":2,"featured_media":39561,"comment_status":"","ping_status":"","sticky":false,"template":"","format":"standard","meta":{"footnotes":""},"categories":[133],"tags":[35,802,137,33,31,30,10774,32,206,3592,156,109,7249,10773],"class_list":{"0":"post-39560","1":"post","2":"type-post","3":"status-publish","4":"format-standard","5":"has-post-thumbnail","7":"category-televisiot","8":"tag-24h","9":"tag-armeijat-ja-aseelliset-joukot","10":"tag-entertainment","11":"tag-fi","12":"tag-finland","13":"tag-finnish","14":"tag-johtoryhma","15":"tag-suomi","16":"tag-televisiot","17":"tag-toimitusjohtaja-paajohtaja","18":"tag-tv","19":"tag-viihde","20":"tag-yrityksen-johtaminen","21":"tag-yrityshallituksen-puheenjohtaja"},"share_on_mastodon":{"url":"","error":""},"_links":{"self":[{"href":"https:\/\/www.europesays.com\/fi\/wp-json\/wp\/v2\/posts\/39560","targetHints":{"allow":["GET"]}}],"collection":[{"href":"https:\/\/www.europesays.com\/fi\/wp-json\/wp\/v2\/posts"}],"about":[{"href":"https:\/\/www.europesays.com\/fi\/wp-json\/wp\/v2\/types\/post"}],"author":[{"embeddable":true,"href":"https:\/\/www.europesays.com\/fi\/wp-json\/wp\/v2\/users\/2"}],"replies":[{"embeddable":true,"href":"https:\/\/www.europesays.com\/fi\/wp-json\/wp\/v2\/comments?post=39560"}],"version-history":[{"count":0,"href":"https:\/\/www.europesays.com\/fi\/wp-json\/wp\/v2\/posts\/39560\/revisions"}],"wp:featuredmedia":[{"embeddable":true,"href":"https:\/\/www.europesays.com\/fi\/wp-json\/wp\/v2\/media\/39561"}],"wp:attachment":[{"href":"https:\/\/www.europesays.com\/fi\/wp-json\/wp\/v2\/media?parent=39560"}],"wp:term":[{"taxonomy":"category","embeddable":true,"href":"https:\/\/www.europesays.com\/fi\/wp-json\/wp\/v2\/categories?post=39560"},{"taxonomy":"post_tag","embeddable":true,"href":"https:\/\/www.europesays.com\/fi\/wp-json\/wp\/v2\/tags?post=39560"}],"curies":[{"name":"wp","href":"https:\/\/api.w.org\/{rel}","templated":true}]}}